{"id":20030,"date":"2016-07-05T00:00:00","date_gmt":"2016-07-04T23:00:00","guid":{"rendered":"https:\/\/imagazine.it\/?p=20030"},"modified":"2016-07-05T00:00:00","modified_gmt":"2016-07-04T23:00:00","slug":"alla-scoperta-della-nuova-tamaro","status":"publish","type":"post","link":"https:\/\/imagazine.it\/home_desk\/alla-scoperta-della-nuova-tamaro\/","title":{"rendered":"Alla scoperta della nuova Tamaro"},"content":{"rendered":"<p style=\"text-align: justify;\" class=\"ui-droppable\"> \tA poco meno di <strong>sessanta giorni dalla 17^ edizione di <em>pordenonelegge<\/em><\/strong>, Festa del Libro con gli Autori, il conto alla rovescia sar\u00e0 scandito dalla <strong>presentazione del cartellone 2016<\/strong>, in programma <strong>marted\u00ec 12 luglio alle 12 a Palazzo Badini<\/strong>.<\/p>\n<p style=\"text-align: justify;\" class=\"ui-droppable\"> \tFra i protagonisti pi\u00f9 attesi ci sar\u00e0<strong> Susanna Tamaro<\/strong>, la scrittrice che torna alla narrativa pura con &#8216;La tigre e l&#8217;acrobata&#8217;, una favola morale per tutti i lettori, quelli pi\u00f9 adulti e i ragazzi, in uscita il 15 settembre per La nave di Teseo.<\/p>\n<p style=\"text-align: justify;\" class=\"ui-droppable\"> \tSar\u00e0 una delle grandi \u201cprime\u201d di <em>pordenonelegge<\/em>, che ospiter\u00e0 sabato 17 settembre l\u2019incontro di presentazione del libro, viaggio di formazione di una tigre della taiga sin dalla sua prima infanzia, quando poppava il latte da sua madre nella tana in cui era allevata. &#8220;Piccola tigre&#8221; non \u00e8 come le altre: \u00e8 capace di mettere in discussione quello che la natura le offre e che i suoi simili sembrano accettare. Apre gli occhi e scopre la luce, tende le orecchie e scopre i rumori di quello che accade fuori. Poi crescendo sente la forza che caratterizza la sua specie e inizia a cibarsi di altri animali. Impara a distaccarsi da sua madre, a viaggiare da sola, sino ad avventurarsi fuori dai confini della taiga in cui \u00e8 nata. E, infine, scopre l&#8217;uomo che le appare come l&#8217;essere pi\u00f9 inquietante e mutevole, da amare e da cui difendersi. E da qui in poi la sua vita non sar\u00e0 pi\u00f9 la stessa. Attraverso i personaggi, presi dal regno umano e animale, la Tamaro, che vive in una fattoria in Umbria, d\u00e0 voce alla curiosit\u00e0, alla sete inestinguibile di conoscere, al senso insopprimibile della libert\u00e0. E soprattutto, grazie al suo talento affabulatorio e alla sua conoscenza del mondo della natura, la scrittrice riesce a farci vedere gli essere umani dalla prospettiva di una grande piccola tigre che molto somiglia al Piccolo Principe.<\/p>\n","protected":false},"excerpt":{"rendered":"<p>Protagonista a &#8220;pordenonelegge&#8221;<\/p>\n","protected":false},"author":28,"featured_media":20031,"comment_status":"closed","ping_status":"closed","sticky":false,"template":"","format":"standard","meta":{"dwc-title":[],"dwc-content":[],"footnotes":""},"categories":[37],"tags":[],"class_list":["post-20030","post","type-post","status-publish","format-standard","has-post-thumbnail","hentry","category-cultura-e-spettacolo"],"rttpg_featured_image_url":{"full":["https:\/\/imagazine.it\/wp-content\/uploads\/2024\/01\/14935-1.webp",750,517,false],"landscape":["https:\/\/imagazine.it\/wp-content\/uploads\/2024\/01\/14935-1.webp",750,517,false],"portraits":["https:\/\/imagazine.it\/wp-content\/uploads\/2024\/01\/14935-1.webp",750,517,false],"thumbnail":["https:\/\/imagazine.it\/wp-content\/uploads\/2024\/01\/14935-1-150x150.webp",150,150,true],"medium":["https:\/\/imagazine.it\/wp-content\/uploads\/2024\/01\/14935-1-300x207.webp",300,207,true],"large":["https:\/\/imagazine.it\/wp-content\/uploads\/2024\/01\/14935-1.webp",640,441,false],"thumblist":["https:\/\/imagazine.it\/wp-content\/uploads\/2024\/01\/14935-1.webp",300,207,false],"thumbrelated":["https:\/\/imagazine.it\/wp-content\/uploads\/2024\/01\/14935-1.webp",500,345,false],"meccarouselthumb":["https:\/\/imagazine.it\/wp-content\/uploads\/2024\/01\/14935-1.webp",470,324,false],"gridsquare":["https:\/\/imagazine.it\/wp-content\/uploads\/2024\/01\/14935-1.webp",377,260,false],"tileview":["https:\/\/imagazine.it\/wp-content\/uploads\/2024\/01\/14935-1.webp",300,207,false],"1536x1536":["https:\/\/imagazine.it\/wp-content\/uploads\/2024\/01\/14935-1.webp",750,517,false],"2048x2048":["https:\/\/imagazine.it\/wp-content\/uploads\/2024\/01\/14935-1.webp",750,517,false],"newsup-slider-full":["https:\/\/imagazine.it\/wp-content\/uploads\/2024\/01\/14935-1.webp",750,517,false],"newsup-featured":["https:\/\/imagazine.it\/wp-content\/uploads\/2024\/01\/14935-1.webp",750,517,false],"newsup-medium":["https:\/\/imagazine.it\/wp-content\/uploads\/2024\/01\/14935-1-720x380.webp",720,380,true],"tptn_thumbnail":["https:\/\/imagazine.it\/wp-content\/uploads\/2024\/01\/14935-1.webp",250,172,false],"sow-carousel-default":["https:\/\/imagazine.it\/wp-content\/uploads\/2024\/01\/14935-1-272x182.webp",272,182,true]},"rttpg_author":{"display_name":"redazione","author_link":"https:\/\/imagazine.it\/home_desk\/author\/redazione\/"},"rttpg_comment":0,"rttpg_category":"<a href=\"https:\/\/imagazine.it\/home_desk\/category\/cultura-e-spettacolo\/\" rel=\"category tag\">CULTURA&amp;SPETTACOLO<\/a>","rttpg_excerpt":"Protagonista a \"pordenonelegge\"","_links":{"self":[{"href":"https:\/\/imagazine.it\/home_desk\/wp-json\/wp\/v2\/posts\/20030","targetHints":{"allow":["GET"]}}],"collection":[{"href":"https:\/\/imagazine.it\/home_desk\/wp-json\/wp\/v2\/posts"}],"about":[{"href":"https:\/\/imagazine.it\/home_desk\/wp-json\/wp\/v2\/types\/post"}],"author":[{"embeddable":true,"href":"https:\/\/imagazine.it\/home_desk\/wp-json\/wp\/v2\/users\/28"}],"replies":[{"embeddable":true,"href":"https:\/\/imagazine.it\/home_desk\/wp-json\/wp\/v2\/comments?post=20030"}],"version-history":[{"count":0,"href":"https:\/\/imagazine.it\/home_desk\/wp-json\/wp\/v2\/posts\/20030\/revisions"}],"wp:featuredmedia":[{"embeddable":true,"href":"https:\/\/imagazine.it\/home_desk\/wp-json\/wp\/v2\/media\/20031"}],"wp:attachment":[{"href":"https:\/\/imagazine.it\/home_desk\/wp-json\/wp\/v2\/media?parent=20030"}],"wp:term":[{"taxonomy":"category","embeddable":true,"href":"https:\/\/imagazine.it\/home_desk\/wp-json\/wp\/v2\/categories?post=20030"},{"taxonomy":"post_tag","embeddable":true,"href":"https:\/\/imagazine.it\/home_desk\/wp-json\/wp\/v2\/tags?post=20030"}],"curies":[{"name":"wp","href":"https:\/\/api.w.org\/{rel}","templated":true}]}}