{"id":20014,"date":"2016-06-29T00:00:00","date_gmt":"2016-06-28T23:00:00","guid":{"rendered":"https:\/\/imagazine.it\/?p=20014"},"modified":"2016-06-29T00:00:00","modified_gmt":"2016-06-28T23:00:00","slug":"trieste-in-un-libro-la-scrittura-al-femminile","status":"publish","type":"post","link":"https:\/\/imagazine.it\/home_desk\/trieste-in-un-libro-la-scrittura-al-femminile\/","title":{"rendered":"Trieste, in un libro la scrittura al femminile"},"content":{"rendered":"<p style=\"text-align: justify;\" class=\"ui-droppable\"> \tLa Presidente della Provincia di Trieste, <strong>Maria Teresa Bassa Poropat<\/strong> e la Presidente della Consulta femminile di Trieste, <strong>Ondina Ghersin<\/strong>, hanno presentato il volume legato XII edizione del\u00a0 Concorso Internazionale di\u00a0 Scrittura Femminile \u201cCitt\u00e0 di Trieste 2016\u201d, che raccoglie come consuetudine i lavori selezionati attraverso la competizione. \u201cIl concorso \u2013 ha ricordato Bassa Poropat \u2013 ha lo scopo di valorizzare e far conoscere la scrittura femminile con particolare riguardo alla forma del racconto, promuovendone l\u2019interesse presso le giovani generazioni e coinvolgendo donne che si trovano in situazioni di particolare difficolt\u00e0. La Provincia di Trieste collabora con l&#8217;associazione promotrice contribuendo proprio alla\u00a0 pubblicazione del volume dedicato ai lavori delle donne che hanno partecipato e, in occasione della dodicesima edizione ha sostenuto direttamente una sezione del concorso dedicata alla conoscenza e all\u2019approfondimento dei legami tra le diverse comunit\u00e0 che arricchiscono la provincia\u201d.<\/p>\n<p style=\"text-align: justify;\" class=\"ui-droppable\"> \tLa selezione sar\u00e0 come sempre aperta a tutte le donne, di qualsiasi nazionalit\u00e0 e cultura. I lavori presentati devono essere in lingua italiana o in altra lingua purch\u00e9 accompagnata da traduzione in italiano. Una sezione sar\u00e0 come sempre riservata agli scritti delle donne detenute. Per la partecipazione, le interessate devono far pervenire il loro elaborato alla Consulta Femminile di Trieste, c.p. 48, Posta Centrale Trieste entro il 30 gennaio 2017.<\/p>\n<p style=\"text-align: justify;\" class=\"ui-droppable\"> \tTornando all\u2019edizione appena passata, le premiate sono state: <strong>Luisella Pacco<\/strong> di Trieste, Premio della Consulta Femminile per il racconto \u201cChe pi\u00f9 azzurro non si pu\u00f2\u201d, <strong>Nicoletta Fornasaro De Manzini<\/strong> di Trieste, Premio della Provincia per \u201cLo spazio in mezzo\u201d, <strong>Simonetta Cancian<\/strong> di Fossalta di Piave (Venezia), Premio dell&#8217;Accademia di Ricerche Sociali \u2013 ARS per \u201cSposa Bambina\u201d, <strong>Rita Siligato<\/strong> di Trieste, Premio Sede Rai FVG per \u201cL&#8217;acqua sopra i ponti\u201d, <strong>Irene Giurovich<\/strong> di Udine, Premio dell&#8217;Associazione contro il dolore \u201cGiuseppe Mocavero\u201d per \u201cSi fa presto a dire\u2026. vita\u201d, <strong>Elena Blancato<\/strong> di Trieste, Premio dei Giuliani nel Mondo per \u201cMalika\u201d, <strong>Marijana Dukic<\/strong>, residente a Trieste, Premio della Commissione Pari Opportunit\u00e0 della Provincia per \u201cFrau Einstein. L&#8217;amore \u00e8 sempre relativo\u201d, <strong>Michela Passatempo<\/strong> di Arzene (PN), Premio Pen Club per \u201cScrivendo volo\u201d e\u00a0 <strong>Silvia Seracini<\/strong> di Ancona, Premio de \u201cIl Piccolo\u201d per \u201cLa musica del satellite\u201d.<\/p>\n","protected":false},"excerpt":{"rendered":"<p>Presentato in Provincia<\/p>\n","protected":false},"author":28,"featured_media":20015,"comment_status":"closed","ping_status":"closed","sticky":false,"template":"","format":"standard","meta":{"dwc-title":[],"dwc-content":[],"footnotes":""},"categories":[37],"tags":[],"class_list":["post-20014","post","type-post","status-publish","format-standard","has-post-thumbnail","hentry","category-cultura-e-spettacolo"],"rttpg_featured_image_url":{"full":["https:\/\/imagazine.it\/wp-content\/uploads\/2024\/01\/14902-1.webp",750,500,false],"landscape":["https:\/\/imagazine.it\/wp-content\/uploads\/2024\/01\/14902-1.webp",750,500,false],"portraits":["https:\/\/imagazine.it\/wp-content\/uploads\/2024\/01\/14902-1.webp",750,500,false],"thumbnail":["https:\/\/imagazine.it\/wp-content\/uploads\/2024\/01\/14902-1-150x150.webp",150,150,true],"medium":["https:\/\/imagazine.it\/wp-content\/uploads\/2024\/01\/14902-1-300x200.webp",300,200,true],"large":["https:\/\/imagazine.it\/wp-content\/uploads\/2024\/01\/14902-1.webp",640,427,false],"thumblist":["https:\/\/imagazine.it\/wp-content\/uploads\/2024\/01\/14902-1.webp",300,200,false],"thumbrelated":["https:\/\/imagazine.it\/wp-content\/uploads\/2024\/01\/14902-1.webp",500,333,false],"meccarouselthumb":["https:\/\/imagazine.it\/wp-content\/uploads\/2024\/01\/14902-1.webp",474,316,false],"gridsquare":["https:\/\/imagazine.it\/wp-content\/uploads\/2024\/01\/14902-1.webp",391,260,false],"tileview":["https:\/\/imagazine.it\/wp-content\/uploads\/2024\/01\/14902-1.webp",300,200,false],"1536x1536":["https:\/\/imagazine.it\/wp-content\/uploads\/2024\/01\/14902-1.webp",750,500,false],"2048x2048":["https:\/\/imagazine.it\/wp-content\/uploads\/2024\/01\/14902-1.webp",750,500,false],"newsup-slider-full":["https:\/\/imagazine.it\/wp-content\/uploads\/2024\/01\/14902-1.webp",750,500,false],"newsup-featured":["https:\/\/imagazine.it\/wp-content\/uploads\/2024\/01\/14902-1.webp",750,500,false],"newsup-medium":["https:\/\/imagazine.it\/wp-content\/uploads\/2024\/01\/14902-1-720x380.webp",720,380,true],"tptn_thumbnail":["https:\/\/imagazine.it\/wp-content\/uploads\/2024\/01\/14902-1.webp",250,167,false],"sow-carousel-default":["https:\/\/imagazine.it\/wp-content\/uploads\/2024\/01\/14902-1-272x182.webp",272,182,true]},"rttpg_author":{"display_name":"redazione","author_link":"https:\/\/imagazine.it\/home_desk\/author\/redazione\/"},"rttpg_comment":0,"rttpg_category":"<a href=\"https:\/\/imagazine.it\/home_desk\/category\/cultura-e-spettacolo\/\" rel=\"category tag\">CULTURA&amp;SPETTACOLO<\/a>","rttpg_excerpt":"Presentato in Provincia","_links":{"self":[{"href":"https:\/\/imagazine.it\/home_desk\/wp-json\/wp\/v2\/posts\/20014","targetHints":{"allow":["GET"]}}],"collection":[{"href":"https:\/\/imagazine.it\/home_desk\/wp-json\/wp\/v2\/posts"}],"about":[{"href":"https:\/\/imagazine.it\/home_desk\/wp-json\/wp\/v2\/types\/post"}],"author":[{"embeddable":true,"href":"https:\/\/imagazine.it\/home_desk\/wp-json\/wp\/v2\/users\/28"}],"replies":[{"embeddable":true,"href":"https:\/\/imagazine.it\/home_desk\/wp-json\/wp\/v2\/comments?post=20014"}],"version-history":[{"count":0,"href":"https:\/\/imagazine.it\/home_desk\/wp-json\/wp\/v2\/posts\/20014\/revisions"}],"wp:featuredmedia":[{"embeddable":true,"href":"https:\/\/imagazine.it\/home_desk\/wp-json\/wp\/v2\/media\/20015"}],"wp:attachment":[{"href":"https:\/\/imagazine.it\/home_desk\/wp-json\/wp\/v2\/media?parent=20014"}],"wp:term":[{"taxonomy":"category","embeddable":true,"href":"https:\/\/imagazine.it\/home_desk\/wp-json\/wp\/v2\/categories?post=20014"},{"taxonomy":"post_tag","embeddable":true,"href":"https:\/\/imagazine.it\/home_desk\/wp-json\/wp\/v2\/tags?post=20014"}],"curies":[{"name":"wp","href":"https:\/\/api.w.org\/{rel}","templated":true}]}}