{"id":19936,"date":"2016-06-16T00:00:00","date_gmt":"2016-06-15T23:00:00","guid":{"rendered":"https:\/\/imagazine.it\/?p=19936"},"modified":"2016-06-16T00:00:00","modified_gmt":"2016-06-15T23:00:00","slug":"dieci-anni-di-musica-e-spettacolo","status":"publish","type":"post","link":"https:\/\/imagazine.it\/home_desk\/dieci-anni-di-musica-e-spettacolo\/","title":{"rendered":"Dieci anni di musica e spettacolo"},"content":{"rendered":"<p style=\"text-align: justify;\" class=\"ui-droppable\"> \tPromosso dal Comune di Trieste all&#8217;interno degli appuntamenti culturali estivi e organizzato dalla Casa della Musica \u2013 Scuola di Musica 55, <strong><em>TriesteLovesJazz<\/em><\/strong> raggiunge il prestigioso traguardo della <strong>decima edizione<\/strong>. Prevista la presenza di <strong>grandi nomi della scena jazz statunitense<\/strong> accanto ad <strong>artisti italiani ed europei di primo livello<\/strong> oltre a numerosi <strong>musicisti del panorama triestino e del nordest<\/strong>.<\/p>\n<p style=\"text-align: justify;\" class=\"ui-droppable\"> \tIn programma <strong>34 concerti che si terranno, dall&#8217;11 al 25 luglio<\/strong> in <strong>piazza Verdi <\/strong>e al<strong> parco del Museo Sartorio<\/strong>. Chiuder\u00e0 il festival, il <strong>14 agosto<\/strong>, il <strong>concerto all&#8217;alba sul Molo Audace<\/strong>.<\/p>\n<p style=\"text-align: justify;\" class=\"ui-droppable\"> \tEcco alcuni dei grandi appuntamenti che compongono il cartellone <strong><em>TriesteLovesJazz<\/em><\/strong> 2016: <strong>gioved\u00ec 14 luglio<\/strong> salir\u00e0 sul palco di piazza Verdi il formidabile gruppo <strong>Gaia Cuatro<\/strong> (Carlos Buschini: bass, double bass; Gerardo Di Giusto: piano; Aska Kaneko: violin, vocal; Tomohiro Yahiro: drums, percussion), una band composta da due dei pi\u00f9 talentuosi musicisti\u00a0 della scena giapponese e due tra i pi\u00f9 creativi e innovatori artisti argentini attivi in Europa: la passione, il calore e il cuore dello spirito sudamericano si incontrano cos\u00ec con l&#8217;eleganza giapponese.<\/p>\n<p style=\"text-align: justify;\" class=\"ui-droppable\"> \tUn altro affascinante progetto \u00e8 quello proposto dal quartetto <strong>Bir\u00e9li Lagr\u00e8ne (guitar), Antonio Fara\u00f2 (piano), Gary Willis (bass) e Lenny White (drums)<\/strong> che sar\u00e0 ospite del festival <strong>sabato 16 luglio in piazza Verdi<\/strong>. Una vera e propria \u201call star band\u201d composta da alcuni dei pi\u00f9 apprezzati musicisti della scena jazz internazionale:\u00a0 Lagr\u00e8ne e Fara\u00f2 non hanno bisogno di presentazioni vista la loro straordinaria carriera; Gary Willis \u00e8 il fondatore dei Tribal Tech e un talentuso bassista; Lenny Whyte \u00e8 un batterista di assoluto talento con al suo attivo collaborazioni con &#8211; tra gli altri &#8211; Miles Davis nell&#8217;album \u201cBitches Brew\u201d e con Chick Corea in \u201cReturn to Ferever\u201d.<\/p>\n<p style=\"text-align: justify;\" class=\"ui-droppable\"> \t<em>TriesteLovesJazz<\/em> presenta poi un&#8217;autentica star della musica internazionale, <strong>Shayna Steele<\/strong>, che si esibir\u00e0 con la sua band sul palco di piazza Verdi <strong>marted\u00ec 19 luglio<\/strong>. Un&#8217;occasione unica per poter apprezzare il talento musicale di questa cantante con alle spalle una carriera straordinaria, costellata dalle collaborazioni con artisti del calibro di Snarky Puppy, George Clinton, Bette Midler e Rhianna. Amatissima dal pubblico americano,<strong> Shayna Steel<\/strong> \u00e8 stata ospite del David Letterman Show oltre ad aver preso parte dalla serie televisiva de \u201cI Soprano\u201d, aver recitato con John Travolta e aver lavorato in musical famosi come \u201cRent\u201d \u201cJesus Christ Superstar\u201d e \u201cHairspray\u201d. Accompagnata da una band in grado di dare, se possibile, ancora pi\u00f9 forza ed energia alla sua voce,\u00a0 <strong>Shayna Steele<\/strong> arriva a Trieste con il suo lungo tour che la porta sui palcoscenici pi\u00f9 importanti d&#8217;Europa.<\/p>\n<p style=\"text-align: justify;\" class=\"ui-droppable\"> \tI festeggiamenti per il decimo compleanno di <strong><em>TriesteLovesJazz<\/em><\/strong> saranno affidati a <strong>Mike Stern (guitar), Bill Evans (sax), Daryll Jones (bass) e Keith Carlock (drums)<\/strong> che terranno il concerto per i primi dieci anni del festival <strong>luned\u00ec 25 luglio in piazza Verdi<\/strong>.<\/p>\n<p style=\"text-align: justify;\" class=\"ui-droppable\"> \tCompletano il cartellone la rinnovata collaborazione con il <strong>Conservatorio triestino<\/strong>, che parteciper\u00e0 al festival con alcuni dei suoi giovani studenti e con alcune band; il sound latino-americano dei <strong>Cubanam\u00e0<\/strong>, gruppo internazionale con musicisti provenienti da Cile, Cuba, Italia, Slovenia, Tunisia e Venezuela, alcuni dei quali membri della storica band degli Ocho Rios (la pi\u00f9 importante band di salsa in Europa); le proposte musicali targate <strong>Slovenia<\/strong>, come la Bug Orchestra di Denis Beganovic; il groove carico di humor e talento del quartetto di sax <strong>Saxofou<\/strong><strong>r<\/strong> e l&#8217;omaggio ai grandi nomi della musica italiana del passato, come il compianto<strong> Lelio Luttazzi<\/strong> e il novantenne <strong>Franco Cerri<\/strong>, padre della chitarra jazz italiana e figura tra le pi\u00f9 rappresentative del jazz europeo.<\/p>\n","protected":false},"excerpt":{"rendered":"<p>Anniversario speciale per &#8220;TriesteLovesJazz&#8221;<\/p>\n","protected":false},"author":28,"featured_media":19937,"comment_status":"closed","ping_status":"closed","sticky":false,"template":"","format":"standard","meta":{"dwc-title":[],"dwc-content":[],"footnotes":""},"categories":[37],"tags":[],"class_list":["post-19936","post","type-post","status-publish","format-standard","has-post-thumbnail","hentry","category-cultura-e-spettacolo"],"rttpg_featured_image_url":{"full":["https:\/\/imagazine.it\/wp-content\/uploads\/2024\/01\/14762-1.webp",750,567,false],"landscape":["https:\/\/imagazine.it\/wp-content\/uploads\/2024\/01\/14762-1.webp",750,567,false],"portraits":["https:\/\/imagazine.it\/wp-content\/uploads\/2024\/01\/14762-1.webp",750,567,false],"thumbnail":["https:\/\/imagazine.it\/wp-content\/uploads\/2024\/01\/14762-1-150x150.webp",150,150,true],"medium":["https:\/\/imagazine.it\/wp-content\/uploads\/2024\/01\/14762-1-300x227.webp",300,227,true],"large":["https:\/\/imagazine.it\/wp-content\/uploads\/2024\/01\/14762-1.webp",640,484,false],"thumblist":["https:\/\/imagazine.it\/wp-content\/uploads\/2024\/01\/14762-1.webp",300,227,false],"thumbrelated":["https:\/\/imagazine.it\/wp-content\/uploads\/2024\/01\/14762-1.webp",500,378,false],"meccarouselthumb":["https:\/\/imagazine.it\/wp-content\/uploads\/2024\/01\/14762-1.webp",429,324,false],"gridsquare":["https:\/\/imagazine.it\/wp-content\/uploads\/2024\/01\/14762-1.webp",344,260,false],"tileview":["https:\/\/imagazine.it\/wp-content\/uploads\/2024\/01\/14762-1.webp",300,227,false],"1536x1536":["https:\/\/imagazine.it\/wp-content\/uploads\/2024\/01\/14762-1.webp",750,567,false],"2048x2048":["https:\/\/imagazine.it\/wp-content\/uploads\/2024\/01\/14762-1.webp",750,567,false],"newsup-slider-full":["https:\/\/imagazine.it\/wp-content\/uploads\/2024\/01\/14762-1.webp",750,567,false],"newsup-featured":["https:\/\/imagazine.it\/wp-content\/uploads\/2024\/01\/14762-1.webp",750,567,false],"newsup-medium":["https:\/\/imagazine.it\/wp-content\/uploads\/2024\/01\/14762-1-720x380.webp",720,380,true],"tptn_thumbnail":["https:\/\/imagazine.it\/wp-content\/uploads\/2024\/01\/14762-1.webp",250,189,false],"sow-carousel-default":["https:\/\/imagazine.it\/wp-content\/uploads\/2024\/01\/14762-1-272x182.webp",272,182,true]},"rttpg_author":{"display_name":"redazione","author_link":"https:\/\/imagazine.it\/home_desk\/author\/redazione\/"},"rttpg_comment":0,"rttpg_category":"<a href=\"https:\/\/imagazine.it\/home_desk\/category\/cultura-e-spettacolo\/\" rel=\"category tag\">CULTURA&amp;SPETTACOLO<\/a>","rttpg_excerpt":"Anniversario speciale per \"TriesteLovesJazz\"","_links":{"self":[{"href":"https:\/\/imagazine.it\/home_desk\/wp-json\/wp\/v2\/posts\/19936","targetHints":{"allow":["GET"]}}],"collection":[{"href":"https:\/\/imagazine.it\/home_desk\/wp-json\/wp\/v2\/posts"}],"about":[{"href":"https:\/\/imagazine.it\/home_desk\/wp-json\/wp\/v2\/types\/post"}],"author":[{"embeddable":true,"href":"https:\/\/imagazine.it\/home_desk\/wp-json\/wp\/v2\/users\/28"}],"replies":[{"embeddable":true,"href":"https:\/\/imagazine.it\/home_desk\/wp-json\/wp\/v2\/comments?post=19936"}],"version-history":[{"count":0,"href":"https:\/\/imagazine.it\/home_desk\/wp-json\/wp\/v2\/posts\/19936\/revisions"}],"wp:featuredmedia":[{"embeddable":true,"href":"https:\/\/imagazine.it\/home_desk\/wp-json\/wp\/v2\/media\/19937"}],"wp:attachment":[{"href":"https:\/\/imagazine.it\/home_desk\/wp-json\/wp\/v2\/media?parent=19936"}],"wp:term":[{"taxonomy":"category","embeddable":true,"href":"https:\/\/imagazine.it\/home_desk\/wp-json\/wp\/v2\/categories?post=19936"},{"taxonomy":"post_tag","embeddable":true,"href":"https:\/\/imagazine.it\/home_desk\/wp-json\/wp\/v2\/tags?post=19936"}],"curies":[{"name":"wp","href":"https:\/\/api.w.org\/{rel}","templated":true}]}}