{"id":19934,"date":"2016-06-16T00:00:00","date_gmt":"2016-06-15T23:00:00","guid":{"rendered":"https:\/\/imagazine.it\/?p=19934"},"modified":"2016-06-16T00:00:00","modified_gmt":"2016-06-15T23:00:00","slug":"una-friulana-per-il-rilancio-del-museo-del-bardo","status":"publish","type":"post","link":"https:\/\/imagazine.it\/home_desk\/una-friulana-per-il-rilancio-del-museo-del-bardo\/","title":{"rendered":"Una friulana per il rilancio del Museo del Bardo"},"content":{"rendered":"<p class=\"ui-droppable\" style=\"text-align: justify;\"> \tUn\u2019opportunit\u00e0 che vede l\u2019Italia coinvolta direttamente nel rilancio di uno degli enti museali pi\u00f9 importanti del bacino del Mediterraneo e del mondo, il Museo del Bardo; un messaggio di rinnovata collaborazione tra Tunisi e il nostro paese.<\/p>\n<p class=\"ui-droppable\" style=\"text-align: justify;\"> \tIl rilancio del Museo del Bardo verr\u00e0 affidata alla 29enne friulana di Pontebba\u00a0<strong>Chiara Isadora Artico<\/strong>, economista della cultura, impegnata in un progetto di valorizzazione e rilancio culturale e turistico delle aree archeologiche della Tunisia settentrionale e della Sicilia orientale, dai patrimoni UNESCO degli scavi archeologici di Cartagine, allo stesso Museo del Bardo e siti di importanza mondiale come l\u2019insediamento di Mokarta, e gli scavi ellenici di Segesta in provincia di Trapani.<\/p>\n<\/p>\n<p class=\"ui-droppable\" style=\"text-align: justify;\"> \tChiara Isadora Artico, che presenzier\u00e0 alla conferenza finale organizzata dal Ministero della Cultura Tunisino, \u00e8 ricercatrice presso l\u2019Ateneo Ca\u2019 Foscari di Venezia, si \u00e8 occupata di numerose attivit\u00e0 per la valorizzazione di patrimoni culturali, materiali e immateriali, \u00e8 direttore artistico del festival internazionale B#Side War, rassegna che dal Friuli Venezia Giulia coinvolge cinque Paesi e le pi\u00f9 importanti rappresentanze artistiche e di ricerca da tutto il mondo.<\/p>\n<p class=\"ui-droppable\" style=\"text-align: justify;\"> \tNel caso del museo del Bardo e dei siti tunisini che rientrano nel progetto, il nemico pi\u00f9 insidioso \u00e8 in realt\u00e0 la percezione che il pubblico ha di questi patrimoni e la carenza di informazioni organiche sugli stessi, di conseguenza sulle possibilit\u00e0 di visita e di esperienza che potrebbero consentire. Il piano di valorizzazione che \u00e8 stato creato, tiene conto delle reali possibilit\u00e0 organizzative che l\u2019area siculo-tunisina pu\u00f2 raggiungere nei prossimi anni, senza pretese idealistiche, ma con soluzioni immediate e poco costose.<\/p>\n<p class=\"ui-droppable\" style=\"text-align: justify;\"> \t\u201cLe analisi condotte &#8211; Chiara Isadora Artico &#8211; dimostrano che nella percezione del pubblico mondiale questi patrimoni rimangono senza eguali. Con un adeguato piano di valorizzazione, l\u2019area transfrontaliera potrebbe attirare anche 15 milioni di turisti culturali in pi\u00f9 ad anno. A partire da una ricerca sulle percezioni dei visitatori, \u00e8 stato possibile comprendere quali siano i principali ostacoli nella fruizione di questi patrimoni di valore incommensurabile, e quali sono i mezzi che potrebbero esaltarne le potenzialit\u00e0 estetiche e percettive\u201d.<\/p>\n<p class=\"ui-droppable\" style=\"text-align: justify;\"> \tIl piano si inserisce nel pi\u00f9 vasto progetto\u00a0<em>Hologramme<\/em>, che ha come principale prospettiva quella transfrontaliera, mirando a inserire il Museo del Bardo tra le mete culturali pi\u00f9 visitate del bacino del Mar Mediterraneo.<\/p>\n","protected":false},"excerpt":{"rendered":"<p>La missione di Chiara Isadora Artico<\/p>\n","protected":false},"author":28,"featured_media":19935,"comment_status":"closed","ping_status":"closed","sticky":false,"template":"","format":"standard","meta":{"dwc-title":[],"dwc-content":[],"footnotes":""},"categories":[37],"tags":[],"class_list":["post-19934","post","type-post","status-publish","format-standard","has-post-thumbnail","hentry","category-cultura-e-spettacolo"],"rttpg_featured_image_url":{"full":["https:\/\/imagazine.it\/wp-content\/uploads\/2024\/01\/14760-1.webp",750,717,false],"landscape":["https:\/\/imagazine.it\/wp-content\/uploads\/2024\/01\/14760-1.webp",750,717,false],"portraits":["https:\/\/imagazine.it\/wp-content\/uploads\/2024\/01\/14760-1.webp",750,717,false],"thumbnail":["https:\/\/imagazine.it\/wp-content\/uploads\/2024\/01\/14760-1-150x150.webp",150,150,true],"medium":["https:\/\/imagazine.it\/wp-content\/uploads\/2024\/01\/14760-1-300x287.webp",300,287,true],"large":["https:\/\/imagazine.it\/wp-content\/uploads\/2024\/01\/14760-1.webp",640,612,false],"thumblist":["https:\/\/imagazine.it\/wp-content\/uploads\/2024\/01\/14760-1.webp",300,287,false],"thumbrelated":["https:\/\/imagazine.it\/wp-content\/uploads\/2024\/01\/14760-1.webp",500,478,false],"meccarouselthumb":["https:\/\/imagazine.it\/wp-content\/uploads\/2024\/01\/14760-1.webp",339,324,false],"gridsquare":["https:\/\/imagazine.it\/wp-content\/uploads\/2024\/01\/14760-1.webp",272,260,false],"tileview":["https:\/\/imagazine.it\/wp-content\/uploads\/2024\/01\/14760-1.webp",300,287,false],"1536x1536":["https:\/\/imagazine.it\/wp-content\/uploads\/2024\/01\/14760-1.webp",750,717,false],"2048x2048":["https:\/\/imagazine.it\/wp-content\/uploads\/2024\/01\/14760-1.webp",750,717,false],"newsup-slider-full":["https:\/\/imagazine.it\/wp-content\/uploads\/2024\/01\/14760-1.webp",750,717,false],"newsup-featured":["https:\/\/imagazine.it\/wp-content\/uploads\/2024\/01\/14760-1.webp",750,717,false],"newsup-medium":["https:\/\/imagazine.it\/wp-content\/uploads\/2024\/01\/14760-1-720x380.webp",720,380,true],"tptn_thumbnail":["https:\/\/imagazine.it\/wp-content\/uploads\/2024\/01\/14760-1.webp",220,210,false],"sow-carousel-default":["https:\/\/imagazine.it\/wp-content\/uploads\/2024\/01\/14760-1-272x182.webp",272,182,true]},"rttpg_author":{"display_name":"redazione","author_link":"https:\/\/imagazine.it\/home_desk\/author\/redazione\/"},"rttpg_comment":0,"rttpg_category":"<a href=\"https:\/\/imagazine.it\/home_desk\/category\/cultura-e-spettacolo\/\" rel=\"category tag\">CULTURA&amp;SPETTACOLO<\/a>","rttpg_excerpt":"La missione di Chiara Isadora Artico","_links":{"self":[{"href":"https:\/\/imagazine.it\/home_desk\/wp-json\/wp\/v2\/posts\/19934","targetHints":{"allow":["GET"]}}],"collection":[{"href":"https:\/\/imagazine.it\/home_desk\/wp-json\/wp\/v2\/posts"}],"about":[{"href":"https:\/\/imagazine.it\/home_desk\/wp-json\/wp\/v2\/types\/post"}],"author":[{"embeddable":true,"href":"https:\/\/imagazine.it\/home_desk\/wp-json\/wp\/v2\/users\/28"}],"replies":[{"embeddable":true,"href":"https:\/\/imagazine.it\/home_desk\/wp-json\/wp\/v2\/comments?post=19934"}],"version-history":[{"count":0,"href":"https:\/\/imagazine.it\/home_desk\/wp-json\/wp\/v2\/posts\/19934\/revisions"}],"wp:featuredmedia":[{"embeddable":true,"href":"https:\/\/imagazine.it\/home_desk\/wp-json\/wp\/v2\/media\/19935"}],"wp:attachment":[{"href":"https:\/\/imagazine.it\/home_desk\/wp-json\/wp\/v2\/media?parent=19934"}],"wp:term":[{"taxonomy":"category","embeddable":true,"href":"https:\/\/imagazine.it\/home_desk\/wp-json\/wp\/v2\/categories?post=19934"},{"taxonomy":"post_tag","embeddable":true,"href":"https:\/\/imagazine.it\/home_desk\/wp-json\/wp\/v2\/tags?post=19934"}],"curies":[{"name":"wp","href":"https:\/\/api.w.org\/{rel}","templated":true}]}}