{"id":19914,"date":"2016-06-13T00:00:00","date_gmt":"2016-06-12T23:00:00","guid":{"rendered":"https:\/\/imagazine.it\/?p=19914"},"modified":"2016-06-13T00:00:00","modified_gmt":"2016-06-12T23:00:00","slug":"il-meglio-del-merletto-a-gorizia","status":"publish","type":"post","link":"https:\/\/imagazine.it\/home_desk\/il-meglio-del-merletto-a-gorizia\/","title":{"rendered":"Il meglio del merletto a Gorizia"},"content":{"rendered":"<p style=\"text-align: justify;\" class=\"ui-droppable\"> \t<strong>Teresa Andrzejewski<\/strong>, <strong>Elena Bartolini<\/strong> e <strong>Carla Zanchi<\/strong>, dell\u2019associazione culturale \u201cIl Tombolo di Anghiari\u201d (Toscana), sono le vincitrici del quinto concorso internazionale \u201cIl merletto a Gorizia\u201d, organizzato dalla Fondazione Scuola Merletti di Gorizia.<\/p>\n<p style=\"text-align: justify;\" class=\"ui-droppable\"> \tSono state 45, dall\u2019Italia e dall\u2019estero (Slovenia, Croazia, Canada, Repubblica Ceca, Germania, Spagna, Svizzera e Argentina), le opere che hanno partecipato all\u2019edizione 2016 dell\u2019evento, inaugurato al teatro Verdi di Gorizia, alla cui cerimonia, oltre al presidente della Fondazione, <strong>Carlo del Torre<\/strong>, sono intervenuti <strong>Ettore Romoli<\/strong>, sindaco di Gorizia, <strong>Gianluigi Madriz<\/strong>, presidente della Camera di Commercio Gorizia, <strong>Gianluigi Chiozza<\/strong>, presidente della Fondazione Cassa di Risparmio di Gorizia, <strong>Raffaella Sgubin<\/strong>, Sovrintendente ai Musei Provinciali di Gorizia, <strong>Marco Menato<\/strong>, direttore della Biblioteca Statale Isontina e <strong>Miriam Mauri<\/strong>, direttrice della Fondazione Scuola Merletti.<\/p>\n<p style=\"text-align: justify;\" class=\"ui-droppable\"> \tIl tema dell\u2019edizione 2016, finalizzata a dare risalto all\u2019aspetto progettuale e alle molteplici possibilit\u00e0 di declinazione del merletto nei vari campi di applicazione, era \u201cIl filo del design\u201d. Tutte le opere saranno esposte fino al 29 giugno, ai Musei Provinciali di Gorizia, da marted\u00ec a domenica, dalle 9 alle 19. Le cinque opere segnalate sono: \u201cLa luce incontra il merletto..ed \u00e8 gioco d\u2019ombre\u201d di <strong>Giulia Ariis<\/strong>, <strong>Diana Angela Carpin<\/strong>, <strong>Loredana Cosattini<\/strong>, <strong>Marcella Di Prima<\/strong>, <strong>Luisa Ellero<\/strong>, <strong>Vanna Fuccaro<\/strong>, <strong>Oxana Nakonechna<\/strong> e <strong>Anna Piva<\/strong> (Fvg), \u201cBreeze\u201d di <strong>Elisabeth Roggli<\/strong> (Zurigo-Svizzera), \u201cVelate Trasparenze\u201d di <strong>Filomena Monte Fellegara<\/strong> (Abruzzo), \u201cIl matto del barbiere\u201d di <strong>Marina Violin Buggini<\/strong> (Fvg) e \u201cEnotivo-Cantina d\u2019Arte\u201d di <strong>Anna Maria Ciarlo<\/strong>, <strong>Concetta Di Credito<\/strong>, <strong>Flora Diodati<\/strong>, <strong>Simona Mercuri<\/strong>, <strong>Graziella Muzzetta<\/strong>, <strong>Piera Pecorini<\/strong>, <strong>Enrica Rosa<\/strong> e <strong>Carolina Ursini<\/strong> dell\u2019associazione \u201cAgo, filo e fuselli\u201d (Lazio). Il gioiello in oro, premio per l\u2019opera prima classificata, e i cinque gioielli in argento assegnati alle opere segnalate sono stati realizzati dalla Fondazione Scuola Merletti.<\/p>\n<p style=\"text-align: justify;\" class=\"ui-droppable\"> \tLa Camera di Commercio ha messo a disposizione 6 medaglie del conio camerale 1850 in bronzo. La giuria, per l\u2019impegno, l\u2019originalit\u00e0 e la creativit\u00e0, ha deciso di considerare ex aequo i partecipanti al concorso sezione ragazzi \u201cMerletto per gioco..giochi di merletto\u201d. Sono stati premiati: gli allievi della scuola secondaria di primo grado \u201cEzio Giacich\u201d di Monfalcone, la scuola elementare di Ziri, Slovenia, <strong>Katarina Pivk<\/strong>, della scuola elementare di Ziri, <strong>Fabiana Miceu<\/strong> di Fogliano Redipuglia, gli allievi della primaria \u201cDuca d\u2019Aosta\u201d di Monfalcone, <strong>Anna Zanetti<\/strong> di Gradisca d\u2019Isonzo, i ragazzi della primaria \u201cFrancesco Rismondo\u201d di Gorizia, le allieve del corso di merletti di Mossa, gli studenti della primaria \u201cEnrico Toti\u201d di Monfalcone, gli allievi della scuola merletti di Ziri e <strong>Anna Ferri<\/strong> di Chieti. Menzione di merito alle opere: \u201cLe linee della vita\u201d di <strong>Irena Ring<\/strong> (Germania), \u201cCostumi argentini. Due culture\u201d di <strong>Marta Ferrari<\/strong> (Argentina) e \u201cGorgo-Maelstrom\u201d di <strong>V\u00e8ronique Louppe<\/strong> (Canada). La Fondazione Scuola Merletti, a conclusione del percorso formativo, ha consegnato anche i diplomi di \u201cMaestro Merlettaio\u201d. Il concorso internazionale \u00e8 organizzato dalla Fondazione Scuola Merletti assieme alla Regione Fvg, al Comune e alla Provincia di Gorizia, alla Camera di Commercio e alla Fondazione Cassa di Risparmio di Gorizia, con il supporto della Banca Popolare di Cividale e in collaborazione con la Biblioteca Statale Isontina e i Musei Provinciali di Gorizia.<\/p>\n<p style=\"text-align: justify;\" class=\"ui-droppable\"> \t\u00a0<\/p>\n<p style=\"text-align: justify;\" class=\"ui-droppable\"> \t<strong>MANIFESTAZIONI COLLATERALI: <\/strong><\/p>\n<p style=\"text-align: justify;\" class=\"ui-droppable\"> \tLa mostra \u201cMerletto goriziano\u201d, a cura della Fondazione Scuola Merletti di Gorizia si potr\u00e0 visitare nella sede della Fondazione Cassa di Risparmio di Gorizia fino al 29 giugno (da marted\u00ec a venerd\u00ec dalle 9.30 alle 13 e dalle 14.30 alle 16, il sabato dalle 10.30 alle 13 e la domenica dalle 15 alle 18). Da non perdere l\u2019esposizione di merletti antichi \u201cLa tradizione \u00e8 attuale\u201d, cui far\u00e0 da cornice la Galleria d\u2019arte \u201cMario De Iorio\u201d presso la Biblioteca Statale Isontina. La mostra \u00e8 frutto della collaborazione con la collezionista di ricami e merletti Luciana Molinis. L\u2019esposizione si potr\u00e0 visitare fino al 29 giugno (da marted\u00ec a venerd\u00ec dalle 10.30 alle 18.30, sabato dalle 10.30 alle 13 e domenica dalle 15 alle 18).<\/p>\n","protected":false},"excerpt":{"rendered":"<p>Nell&#8217;ambito del concorso internazionale<\/p>\n","protected":false},"author":28,"featured_media":19915,"comment_status":"closed","ping_status":"closed","sticky":false,"template":"","format":"standard","meta":{"dwc-title":[],"dwc-content":[],"footnotes":""},"categories":[5],"tags":[],"class_list":["post-19914","post","type-post","status-publish","format-standard","has-post-thumbnail","hentry","category-attualita"],"rttpg_featured_image_url":{"full":["https:\/\/imagazine.it\/wp-content\/uploads\/2024\/01\/14724-1.webp",750,434,false],"landscape":["https:\/\/imagazine.it\/wp-content\/uploads\/2024\/01\/14724-1.webp",750,434,false],"portraits":["https:\/\/imagazine.it\/wp-content\/uploads\/2024\/01\/14724-1.webp",750,434,false],"thumbnail":["https:\/\/imagazine.it\/wp-content\/uploads\/2024\/01\/14724-1-150x150.webp",150,150,true],"medium":["https:\/\/imagazine.it\/wp-content\/uploads\/2024\/01\/14724-1-300x174.webp",300,174,true],"large":["https:\/\/imagazine.it\/wp-content\/uploads\/2024\/01\/14724-1.webp",640,370,false],"thumblist":["https:\/\/imagazine.it\/wp-content\/uploads\/2024\/01\/14724-1.webp",300,174,false],"thumbrelated":["https:\/\/imagazine.it\/wp-content\/uploads\/2024\/01\/14724-1.webp",500,289,false],"meccarouselthumb":["https:\/\/imagazine.it\/wp-content\/uploads\/2024\/01\/14724-1.webp",474,274,false],"gridsquare":["https:\/\/imagazine.it\/wp-content\/uploads\/2024\/01\/14724-1.webp",391,226,false],"tileview":["https:\/\/imagazine.it\/wp-content\/uploads\/2024\/01\/14724-1.webp",300,174,false],"1536x1536":["https:\/\/imagazine.it\/wp-content\/uploads\/2024\/01\/14724-1.webp",750,434,false],"2048x2048":["https:\/\/imagazine.it\/wp-content\/uploads\/2024\/01\/14724-1.webp",750,434,false],"newsup-slider-full":["https:\/\/imagazine.it\/wp-content\/uploads\/2024\/01\/14724-1.webp",750,434,false],"newsup-featured":["https:\/\/imagazine.it\/wp-content\/uploads\/2024\/01\/14724-1.webp",750,434,false],"newsup-medium":["https:\/\/imagazine.it\/wp-content\/uploads\/2024\/01\/14724-1-720x380.webp",720,380,true],"tptn_thumbnail":["https:\/\/imagazine.it\/wp-content\/uploads\/2024\/01\/14724-1.webp",250,145,false],"sow-carousel-default":["https:\/\/imagazine.it\/wp-content\/uploads\/2024\/01\/14724-1-272x182.webp",272,182,true]},"rttpg_author":{"display_name":"redazione","author_link":"https:\/\/imagazine.it\/home_desk\/author\/redazione\/"},"rttpg_comment":0,"rttpg_category":"<a href=\"https:\/\/imagazine.it\/home_desk\/category\/attualita\/\" rel=\"category tag\">ATTUALIT\u00c0<\/a>","rttpg_excerpt":"Nell'ambito del concorso internazionale","_links":{"self":[{"href":"https:\/\/imagazine.it\/home_desk\/wp-json\/wp\/v2\/posts\/19914","targetHints":{"allow":["GET"]}}],"collection":[{"href":"https:\/\/imagazine.it\/home_desk\/wp-json\/wp\/v2\/posts"}],"about":[{"href":"https:\/\/imagazine.it\/home_desk\/wp-json\/wp\/v2\/types\/post"}],"author":[{"embeddable":true,"href":"https:\/\/imagazine.it\/home_desk\/wp-json\/wp\/v2\/users\/28"}],"replies":[{"embeddable":true,"href":"https:\/\/imagazine.it\/home_desk\/wp-json\/wp\/v2\/comments?post=19914"}],"version-history":[{"count":0,"href":"https:\/\/imagazine.it\/home_desk\/wp-json\/wp\/v2\/posts\/19914\/revisions"}],"wp:featuredmedia":[{"embeddable":true,"href":"https:\/\/imagazine.it\/home_desk\/wp-json\/wp\/v2\/media\/19915"}],"wp:attachment":[{"href":"https:\/\/imagazine.it\/home_desk\/wp-json\/wp\/v2\/media?parent=19914"}],"wp:term":[{"taxonomy":"category","embeddable":true,"href":"https:\/\/imagazine.it\/home_desk\/wp-json\/wp\/v2\/categories?post=19914"},{"taxonomy":"post_tag","embeddable":true,"href":"https:\/\/imagazine.it\/home_desk\/wp-json\/wp\/v2\/tags?post=19914"}],"curies":[{"name":"wp","href":"https:\/\/api.w.org\/{rel}","templated":true}]}}