{"id":19846,"date":"2016-05-30T00:00:00","date_gmt":"2016-05-29T23:00:00","guid":{"rendered":"https:\/\/imagazine.it\/?p=19846"},"modified":"2016-05-30T00:00:00","modified_gmt":"2016-05-29T23:00:00","slug":"trieste-nuova-struttura-per-persone-disabili","status":"publish","type":"post","link":"https:\/\/imagazine.it\/home_desk\/trieste-nuova-struttura-per-persone-disabili\/","title":{"rendered":"Trieste, nuova struttura per persone disabili"},"content":{"rendered":"<p style=\"text-align: justify;\" class=\"ui-droppable\"> \tUna nuova struttura dedicata alle persone disabili \u00e8 stata inaugurata a Trieste, in via Malacrea 3. L&#8217;Amministrazione comunale, proprietaria dell&#8217;immobile donato dalla famiglia Ugrin, nel 2013 ha deciso di assegnarlo in comodato, per 10 anni, alla Onlus \u201cLa strada dell&#8217;Amore\u201d, per la realizzazione di una struttura polifunzionale destinata ad attivit\u00e0 socio-assistenziali integrate, con laboratori e servizi per persone adulte con disabilit\u00e0, aperta al territorio. L&#8217;idea \u00e8 stata quella di fornire uno spazio di supporto e di sostegno alla normale vita intra-familiare della persona con disabilit\u00e0,\u00a0 sviluppando all&#8217;interno della nuova sede attivit\u00e0 formative e laboratoriali sulla base di progetti autonomi dell\u2019Associazione o in parternariato con Enti pubblici o privati.<\/p>\n<p style=\"text-align: justify;\" class=\"ui-droppable\"> \tTra le attivit\u00e0 in programma, in particolare una inerente la cultura dell&#8217;orto, \u00e8 gi\u00e0 partita in via sperimentale con la partecipazione al progetto comunale \u201cUrbi et horti\u201d. L\u2019edificio \u00e8 infatti dotato di un ampio giardino, che \u00e8 stato parzialmente adibito a coltivazione.<\/p>\n<p style=\"text-align: justify;\" class=\"ui-droppable\"> \tInoltre, al secondo piano della casa \u00e8 stato allestito un appartamento assistito, che potr\u00e0 accogliere tre persone con disabilit\u00e0 medio-grave, ampliando cos\u00ec l&#8217;offerta del Comune, che ne ha realizzati 25.<\/p>\n<p style=\"text-align: justify;\" class=\"ui-droppable\"> \tIl progetto si \u00e8 avvalso di vari finanziamenti: della Fondazione \u201cBeneficentia Stiftung Vaduz Liechtenstein\u201d, del Fondo Trieste e della Regione per la ristrutturazione,\u00a0 dell&#8217;Ikea per l&#8217;arredo e della Fondazione CRTrieste per una parte dell&#8217;arredo della cucina e per gli elettrodomestici.<\/p>\n","protected":false},"excerpt":{"rendered":"<p>Inaugurata in via Malacrea<\/p>\n","protected":false},"author":28,"featured_media":19847,"comment_status":"closed","ping_status":"closed","sticky":false,"template":"","format":"standard","meta":{"dwc-title":[],"dwc-content":[],"footnotes":""},"categories":[5],"tags":[],"class_list":["post-19846","post","type-post","status-publish","format-standard","has-post-thumbnail","hentry","category-attualita"],"rttpg_featured_image_url":{"full":["https:\/\/imagazine.it\/wp-content\/uploads\/2024\/01\/14607-1.webp",750,500,false],"landscape":["https:\/\/imagazine.it\/wp-content\/uploads\/2024\/01\/14607-1.webp",750,500,false],"portraits":["https:\/\/imagazine.it\/wp-content\/uploads\/2024\/01\/14607-1.webp",750,500,false],"thumbnail":["https:\/\/imagazine.it\/wp-content\/uploads\/2024\/01\/14607-1-150x150.webp",150,150,true],"medium":["https:\/\/imagazine.it\/wp-content\/uploads\/2024\/01\/14607-1-300x200.webp",300,200,true],"large":["https:\/\/imagazine.it\/wp-content\/uploads\/2024\/01\/14607-1.webp",640,427,false],"thumblist":["https:\/\/imagazine.it\/wp-content\/uploads\/2024\/01\/14607-1.webp",300,200,false],"thumbrelated":["https:\/\/imagazine.it\/wp-content\/uploads\/2024\/01\/14607-1.webp",500,333,false],"meccarouselthumb":["https:\/\/imagazine.it\/wp-content\/uploads\/2024\/01\/14607-1.webp",474,316,false],"gridsquare":["https:\/\/imagazine.it\/wp-content\/uploads\/2024\/01\/14607-1.webp",391,260,false],"tileview":["https:\/\/imagazine.it\/wp-content\/uploads\/2024\/01\/14607-1.webp",300,200,false],"1536x1536":["https:\/\/imagazine.it\/wp-content\/uploads\/2024\/01\/14607-1.webp",750,500,false],"2048x2048":["https:\/\/imagazine.it\/wp-content\/uploads\/2024\/01\/14607-1.webp",750,500,false],"newsup-slider-full":["https:\/\/imagazine.it\/wp-content\/uploads\/2024\/01\/14607-1.webp",750,500,false],"newsup-featured":["https:\/\/imagazine.it\/wp-content\/uploads\/2024\/01\/14607-1.webp",750,500,false],"newsup-medium":["https:\/\/imagazine.it\/wp-content\/uploads\/2024\/01\/14607-1-720x380.webp",720,380,true],"tptn_thumbnail":["https:\/\/imagazine.it\/wp-content\/uploads\/2024\/01\/14607-1.webp",250,167,false],"sow-carousel-default":["https:\/\/imagazine.it\/wp-content\/uploads\/2024\/01\/14607-1-272x182.webp",272,182,true]},"rttpg_author":{"display_name":"redazione","author_link":"https:\/\/imagazine.it\/home_desk\/author\/redazione\/"},"rttpg_comment":0,"rttpg_category":"<a href=\"https:\/\/imagazine.it\/home_desk\/category\/attualita\/\" rel=\"category tag\">ATTUALIT\u00c0<\/a>","rttpg_excerpt":"Inaugurata in via Malacrea","_links":{"self":[{"href":"https:\/\/imagazine.it\/home_desk\/wp-json\/wp\/v2\/posts\/19846","targetHints":{"allow":["GET"]}}],"collection":[{"href":"https:\/\/imagazine.it\/home_desk\/wp-json\/wp\/v2\/posts"}],"about":[{"href":"https:\/\/imagazine.it\/home_desk\/wp-json\/wp\/v2\/types\/post"}],"author":[{"embeddable":true,"href":"https:\/\/imagazine.it\/home_desk\/wp-json\/wp\/v2\/users\/28"}],"replies":[{"embeddable":true,"href":"https:\/\/imagazine.it\/home_desk\/wp-json\/wp\/v2\/comments?post=19846"}],"version-history":[{"count":0,"href":"https:\/\/imagazine.it\/home_desk\/wp-json\/wp\/v2\/posts\/19846\/revisions"}],"wp:featuredmedia":[{"embeddable":true,"href":"https:\/\/imagazine.it\/home_desk\/wp-json\/wp\/v2\/media\/19847"}],"wp:attachment":[{"href":"https:\/\/imagazine.it\/home_desk\/wp-json\/wp\/v2\/media?parent=19846"}],"wp:term":[{"taxonomy":"category","embeddable":true,"href":"https:\/\/imagazine.it\/home_desk\/wp-json\/wp\/v2\/categories?post=19846"},{"taxonomy":"post_tag","embeddable":true,"href":"https:\/\/imagazine.it\/home_desk\/wp-json\/wp\/v2\/tags?post=19846"}],"curies":[{"name":"wp","href":"https:\/\/api.w.org\/{rel}","templated":true}]}}