{"id":19635,"date":"2016-04-22T00:00:00","date_gmt":"2016-04-21T23:00:00","guid":{"rendered":"https:\/\/imagazine.it\/?p=19635"},"modified":"2016-04-22T00:00:00","modified_gmt":"2016-04-21T23:00:00","slug":"costruzioni-e-cemento-venezia-giulia-puntin-nuovo-presidente","status":"publish","type":"post","link":"https:\/\/imagazine.it\/home_desk\/costruzioni-e-cemento-venezia-giulia-puntin-nuovo-presidente\/","title":{"rendered":"Costruzioni e cemento Venezia Giulia: Puntin nuovo presidente"},"content":{"rendered":"<p style=\"text-align: justify;\" class=\"ui-droppable\"> \t\u00c9 <strong>Maurizio Puntin<\/strong>, imprenditore cinquantasettenne di Ruda, Presidente e Amministratore Delegato della SIOSS srl \u2013 Societ\u00e0 Italiana Operatori Segnaletica Stradale, il nuovo Presidente della Sezione Costruzioni e Cemento di Confindustria Venezia Giulia. Puntin \u00e8 stato eletto dall\u2019Assemblea di Ance Venezia Giulia. Puntin succede a <strong>Andrea Comar<\/strong>.<\/p>\n<p style=\"text-align: justify;\" class=\"ui-droppable\"> \tMaurizio Puntin, figura nota nel campo dell&#8217;edilizia territoriale, settore in cui vanta un&#8217;esperienza di 35 anni, dal 1993 \u00e8 a capo della Sioss, azienda che si occupa di segnaletica orizzontale e verticale, di barriere di sicurezza, antiriumore e paramassi, di manutenzione e messa in sicurezza della rete autostradale su tutto il territorio italiano sin dal 1977. Una realt\u00e0 dall&#8217;elevata specializzazione, presente con due sedi nella zona artigianale di Ronchi dei Legionari, con un fatturato in crescita, pari nell&#8217;ultimo triennio a \u20ac 24.241.066,00.<\/p>\n<p style=\"text-align: justify;\" class=\"ui-droppable\"> \tL&#8217;imprenditore, che dal 2005 ricopre anche la carica di Presidente della Cassa Edile della Provincia di Gorizia, \u00e8 inoltre attivo da anni nel mondo associativo legato a Confindustria, cui la sua azienda \u00e8 confederata dal 1998. In seguito alla sua nomina a Presidente della Sezione Costruzioni e Cemento, Puntin \u00e8 anche membro del Consiglio Generale di Confindustria Venezia Giulia.<\/p>\n","protected":false},"excerpt":{"rendered":"<p>Succede ad Andrea Comar<\/p>\n","protected":false},"author":28,"featured_media":19636,"comment_status":"closed","ping_status":"closed","sticky":false,"template":"","format":"standard","meta":{"dwc-title":[],"dwc-content":[],"footnotes":""},"categories":[5],"tags":[],"class_list":["post-19635","post","type-post","status-publish","format-standard","has-post-thumbnail","hentry","category-attualita"],"rttpg_featured_image_url":{"full":["https:\/\/imagazine.it\/wp-content\/uploads\/2024\/01\/13921-1.webp",500,492,false],"landscape":["https:\/\/imagazine.it\/wp-content\/uploads\/2024\/01\/13921-1.webp",500,492,false],"portraits":["https:\/\/imagazine.it\/wp-content\/uploads\/2024\/01\/13921-1.webp",500,492,false],"thumbnail":["https:\/\/imagazine.it\/wp-content\/uploads\/2024\/01\/13921-1-150x150.webp",150,150,true],"medium":["https:\/\/imagazine.it\/wp-content\/uploads\/2024\/01\/13921-1-300x295.webp",300,295,true],"large":["https:\/\/imagazine.it\/wp-content\/uploads\/2024\/01\/13921-1.webp",500,492,false],"thumblist":["https:\/\/imagazine.it\/wp-content\/uploads\/2024\/01\/13921-1.webp",300,295,false],"thumbrelated":["https:\/\/imagazine.it\/wp-content\/uploads\/2024\/01\/13921-1.webp",500,492,false],"meccarouselthumb":["https:\/\/imagazine.it\/wp-content\/uploads\/2024\/01\/13921-1.webp",329,324,false],"gridsquare":["https:\/\/imagazine.it\/wp-content\/uploads\/2024\/01\/13921-1.webp",264,260,false],"tileview":["https:\/\/imagazine.it\/wp-content\/uploads\/2024\/01\/13921-1.webp",300,295,false],"1536x1536":["https:\/\/imagazine.it\/wp-content\/uploads\/2024\/01\/13921-1.webp",500,492,false],"2048x2048":["https:\/\/imagazine.it\/wp-content\/uploads\/2024\/01\/13921-1.webp",500,492,false],"newsup-slider-full":["https:\/\/imagazine.it\/wp-content\/uploads\/2024\/01\/13921-1.webp",500,492,false],"newsup-featured":["https:\/\/imagazine.it\/wp-content\/uploads\/2024\/01\/13921-1.webp",500,492,false],"newsup-medium":["https:\/\/imagazine.it\/wp-content\/uploads\/2024\/01\/13921-1-500x380.webp",500,380,true],"tptn_thumbnail":["https:\/\/imagazine.it\/wp-content\/uploads\/2024\/01\/13921-1.webp",213,210,false],"sow-carousel-default":["https:\/\/imagazine.it\/wp-content\/uploads\/2024\/01\/13921-1-272x182.webp",272,182,true]},"rttpg_author":{"display_name":"redazione","author_link":"https:\/\/imagazine.it\/home_desk\/author\/redazione\/"},"rttpg_comment":0,"rttpg_category":"<a href=\"https:\/\/imagazine.it\/home_desk\/category\/attualita\/\" rel=\"category tag\">ATTUALIT\u00c0<\/a>","rttpg_excerpt":"Succede ad Andrea Comar","_links":{"self":[{"href":"https:\/\/imagazine.it\/home_desk\/wp-json\/wp\/v2\/posts\/19635","targetHints":{"allow":["GET"]}}],"collection":[{"href":"https:\/\/imagazine.it\/home_desk\/wp-json\/wp\/v2\/posts"}],"about":[{"href":"https:\/\/imagazine.it\/home_desk\/wp-json\/wp\/v2\/types\/post"}],"author":[{"embeddable":true,"href":"https:\/\/imagazine.it\/home_desk\/wp-json\/wp\/v2\/users\/28"}],"replies":[{"embeddable":true,"href":"https:\/\/imagazine.it\/home_desk\/wp-json\/wp\/v2\/comments?post=19635"}],"version-history":[{"count":0,"href":"https:\/\/imagazine.it\/home_desk\/wp-json\/wp\/v2\/posts\/19635\/revisions"}],"wp:featuredmedia":[{"embeddable":true,"href":"https:\/\/imagazine.it\/home_desk\/wp-json\/wp\/v2\/media\/19636"}],"wp:attachment":[{"href":"https:\/\/imagazine.it\/home_desk\/wp-json\/wp\/v2\/media?parent=19635"}],"wp:term":[{"taxonomy":"category","embeddable":true,"href":"https:\/\/imagazine.it\/home_desk\/wp-json\/wp\/v2\/categories?post=19635"},{"taxonomy":"post_tag","embeddable":true,"href":"https:\/\/imagazine.it\/home_desk\/wp-json\/wp\/v2\/tags?post=19635"}],"curies":[{"name":"wp","href":"https:\/\/api.w.org\/{rel}","templated":true}]}}