{"id":19623,"date":"2016-04-20T00:00:00","date_gmt":"2016-04-19T23:00:00","guid":{"rendered":"https:\/\/imagazine.it\/?p=19623"},"modified":"2016-04-20T00:00:00","modified_gmt":"2016-04-19T23:00:00","slug":"a-martin-caparros-il-premio-terzani","status":"publish","type":"post","link":"https:\/\/imagazine.it\/home_desk\/a-martin-caparros-il-premio-terzani\/","title":{"rendered":"A Mart\u00edn Caparr\u00f3s il Premio Terzani"},"content":{"rendered":"<p style=\"text-align: justify;\" class=\"ui-droppable\"> \t<strong><em>La fame<\/em><\/strong><em>, <\/em>il reportage del giornalista e scrittore argentino <strong>Mart\u00edn Caparr\u00f3s<\/strong> &#8211; edito in Italia da <strong>Einaudi <\/strong>&#8211; <strong>vince l\u2019edizione 2016 del Premio Letterario Internazionale Tiziano Terzani.<\/strong> Lo ha annunciato a Roma questa mattina la presidente della Giuria <strong>Angela Terzani <\/strong>con la presidente della Regione Friuli Venezia Giulia<strong> Debora Serracchiani <\/strong>e i rappresentanti <strong>dell\u2019associazione culturale vicino\/lontano di Udine<\/strong> che nel 2005, in collaborazione con la famiglia Terzani, ha istituito il Premio<strong>.<\/strong><\/p>\n<p style=\"text-align: justify;\" class=\"ui-droppable\"> \tQuasi un miliardo di persone nel mondo soffrono la fame. Ogni anno nove milioni di esseri umani muoiono per denutrizione. \u00abL\u2019autore \u2013 spiega \u2013 non si \u00e8 fermato davanti ai numeri che segnalano le percentuali della fame nel mondo, insufficienti nella loro aridit\u00e0 a scalfire la nostra indifferenza. Come avrebbe fatto lo stesso Tiziano, si \u00e8 messo in viaggio, attraversando i territori della povert\u00e0 estrema e scendendo nell\u2019inferno delle tante, troppe periferie del pianeta. \u00c8 entrato nelle vite delle singole persone, le ha interrogate e ascoltate con la <em>pietas<\/em> di chi si sente personalmente chiamato in causa, ma anche con la lucidit\u00e0 di un pensiero laico che non fa sconti a nessuno, e soprattutto con il coraggio e la passione di chi vuole individuare, smascherare e denunciare i meccanismi e gli interessi che stanno dietro uno scandalo che si vorrebbe far passare come un fenomeno inevitabile. Alla fine di una lettura serrata che non lascia tregua, grazie a una straordinaria agilit\u00e0 di scrittura capace di rendere avvincente un tema cos\u00ec duro, cos\u00ec scomodo, nessuno pu\u00f2 far finta di niente, nessuno di noi pu\u00f2 voltarsi dall\u2019altra parte. E ci rimane la voglia di saperne di pi\u00f9. Per questa denuncia, per questa lucidit\u00e0, per questo richiamo alla nostra responsabilit\u00e0, individuale e collettiva \u2013 afferma ancora Angela Terzani \u2013 e soprattutto per l\u2019utopia che alla fine l\u2019autore ci consegna di una possibile rivoluzione antropologica capace di scardinare il paradigma delle \u201cnecessarie\u201d diseguaglianze, la Giuria assegna il Premio Letterario Internazionale Tiziano Terzani 2016 a <em>La fame<\/em> di Mart\u00edn Caparr\u00f3s\u00bb.<\/p>\n<p style=\"text-align: justify;\" class=\"ui-droppable\"> \t<strong>Mart\u00edn <\/strong><strong>Caparr\u00f3s sar\u00e0 premiato sabato 7 maggio al Teatro Nuovo Giovanni da Udine <\/strong>(ore 20.45), con un evento che avr\u00e0 luogo come sempre nel cuore del Festival vicino\/lontano, quest\u2019anno alla sua XII edizione, in programma a Udine dal 5 all\u20198 maggio. Nel corso della serata dedicata al Premio, sar\u00e0 la scrittrice e giornalista <strong>Loredana Lipperini<\/strong>, tra le voci pi\u00f9 apprezzate di Fahrenheit, la trasmissione letteraria di Rai3, a intervistare il vincitore 2016 del Terzani. La <strong>Giuria<\/strong> che ha assegnato il prestigioso riconoscimento \u00e8 composta da Giulio Anselmi, Enza Campino, Toni Capuozzo, Tommaso Cerno, Andrea Filippi, \u00c1len Loreti, Milena Gabanelli, Ettore Mo, Carla Nicolini, Paolo Pecile, Valerio Pellizzari, Peter Popham, Marino Sinibaldi.<strong> Info <\/strong><a href=\"http:\/\/www.vicinolontano.it\/\" target=\"_blank\" rel=\"noopener\">www.vicinolontano.it<\/a><\/p>\n<p style=\"text-align: justify;\" class=\"ui-droppable\"> \t<strong>Mart\u00edn Caparr\u00f3s<\/strong> era entrato nella cinquina finalista del Premio Terzani 2016 con <strong>Jonathan Crary<\/strong> per <em>24\/7 Il capitalismo all\u2019assalto del sonno<\/em> (Einaudi), <strong>Kamel Daoud<\/strong> per <em>Il caso Meursault<\/em> (Bompiani); <strong>Alessandro Leogrande<\/strong> per <em>La frontiera <\/em>(Feltrinelli) e <strong>Lawrence Wright<\/strong> per <em>La prigione della fede<\/em> (Adelphi).<\/p>\n<p style=\"text-align: justify;\" class=\"ui-droppable\"> \tNelle passate edizioni il Premio \u00e8 stato attribuito a: <strong>Fran\u00e7ois Bizot<\/strong>, 2005; <strong>Jonathan Randal<\/strong>, 2006; <strong>Anna Politkovskaja<\/strong> (alla memoria), 2007; <strong>Fabrizio Gatti<\/strong>, 2008; <strong>Ahmed Rashid<\/strong>, 2009; <strong>Umberto Ambrosoli<\/strong>, 2010; <strong>Leslie T. Chang<\/strong>, 2011; <strong>\u2018Ala al-Aswani<\/strong>, 2012; <strong>George Soros<\/strong> 2013; <strong>Mohsin Hamid<\/strong> e <strong>Pierluigi Cappello<\/strong> (ex aequo) 2014; <strong>David Van Reybrouck<\/strong>, 2015.<\/p>\n<p style=\"text-align: justify;\" class=\"ui-droppable\"> \tGiornalista e scrittore argentino nato a Buenos Aires nel 1957, <strong>Mart\u00edn Caparr\u00f3s <\/strong>\u00e8 stato attivo nella stampa clandestina durante la dittatura militare (1976-1983), ha vissuto in esilio prima a Parigi, dove si \u00e8 laureato in storia alla Sorbona, poi a Madrid, dove ha collaborato a <em>El Pa\u00eds, <\/em>e a New York. Tornato in patria dopo il ripristino della democrazia, ha lavorato per testate giornalistiche, radiofoniche e televisive, continuando tuttavia a viaggiare in mezzo mondo per condurre le sue inchieste. Ha diretto riviste di libri e di cucina, ha tradotto Voltaire, Shakespeare e Quevedo, vincendo numerosi premi internazionali. \u00c8 autore di una trentina di libri tra romanzi e saggi. In Italia sono stati pubblicati: <em>Il ladro del sorriso <\/em>(Ponte alle Grazie 2006); <em>Non \u00e8 un cambio di stagione. Un iperviaggio nell&#8217;apocalisse climatica <\/em>(Edizioni Ambiente 2011); <em>La fame <\/em>(Einaudi 2015), vincitore del Premio Terzani 2016.<\/p>\n","protected":false},"excerpt":{"rendered":"<p>Per il reportage &#8220;La fame&#8221;<\/p>\n","protected":false},"author":28,"featured_media":19624,"comment_status":"closed","ping_status":"closed","sticky":false,"template":"","format":"standard","meta":{"dwc-title":[],"dwc-content":[],"footnotes":""},"categories":[37],"tags":[],"class_list":["post-19623","post","type-post","status-publish","format-standard","has-post-thumbnail","hentry","category-cultura-e-spettacolo"],"rttpg_featured_image_url":{"full":["https:\/\/imagazine.it\/wp-content\/uploads\/2024\/01\/13901-1.webp",750,510,false],"landscape":["https:\/\/imagazine.it\/wp-content\/uploads\/2024\/01\/13901-1.webp",750,510,false],"portraits":["https:\/\/imagazine.it\/wp-content\/uploads\/2024\/01\/13901-1.webp",750,510,false],"thumbnail":["https:\/\/imagazine.it\/wp-content\/uploads\/2024\/01\/13901-1-150x150.webp",150,150,true],"medium":["https:\/\/imagazine.it\/wp-content\/uploads\/2024\/01\/13901-1-300x204.webp",300,204,true],"large":["https:\/\/imagazine.it\/wp-content\/uploads\/2024\/01\/13901-1.webp",640,435,false],"thumblist":["https:\/\/imagazine.it\/wp-content\/uploads\/2024\/01\/13901-1.webp",300,204,false],"thumbrelated":["https:\/\/imagazine.it\/wp-content\/uploads\/2024\/01\/13901-1.webp",500,340,false],"meccarouselthumb":["https:\/\/imagazine.it\/wp-content\/uploads\/2024\/01\/13901-1.webp",474,322,false],"gridsquare":["https:\/\/imagazine.it\/wp-content\/uploads\/2024\/01\/13901-1.webp",382,260,false],"tileview":["https:\/\/imagazine.it\/wp-content\/uploads\/2024\/01\/13901-1.webp",300,204,false],"1536x1536":["https:\/\/imagazine.it\/wp-content\/uploads\/2024\/01\/13901-1.webp",750,510,false],"2048x2048":["https:\/\/imagazine.it\/wp-content\/uploads\/2024\/01\/13901-1.webp",750,510,false],"newsup-slider-full":["https:\/\/imagazine.it\/wp-content\/uploads\/2024\/01\/13901-1.webp",750,510,false],"newsup-featured":["https:\/\/imagazine.it\/wp-content\/uploads\/2024\/01\/13901-1.webp",750,510,false],"newsup-medium":["https:\/\/imagazine.it\/wp-content\/uploads\/2024\/01\/13901-1-720x380.webp",720,380,true],"tptn_thumbnail":["https:\/\/imagazine.it\/wp-content\/uploads\/2024\/01\/13901-1.webp",250,170,false],"sow-carousel-default":["https:\/\/imagazine.it\/wp-content\/uploads\/2024\/01\/13901-1-272x182.webp",272,182,true]},"rttpg_author":{"display_name":"redazione","author_link":"https:\/\/imagazine.it\/home_desk\/author\/redazione\/"},"rttpg_comment":0,"rttpg_category":"<a href=\"https:\/\/imagazine.it\/home_desk\/category\/cultura-e-spettacolo\/\" rel=\"category tag\">CULTURA&amp;SPETTACOLO<\/a>","rttpg_excerpt":"Per il reportage \"La fame\"","_links":{"self":[{"href":"https:\/\/imagazine.it\/home_desk\/wp-json\/wp\/v2\/posts\/19623","targetHints":{"allow":["GET"]}}],"collection":[{"href":"https:\/\/imagazine.it\/home_desk\/wp-json\/wp\/v2\/posts"}],"about":[{"href":"https:\/\/imagazine.it\/home_desk\/wp-json\/wp\/v2\/types\/post"}],"author":[{"embeddable":true,"href":"https:\/\/imagazine.it\/home_desk\/wp-json\/wp\/v2\/users\/28"}],"replies":[{"embeddable":true,"href":"https:\/\/imagazine.it\/home_desk\/wp-json\/wp\/v2\/comments?post=19623"}],"version-history":[{"count":0,"href":"https:\/\/imagazine.it\/home_desk\/wp-json\/wp\/v2\/posts\/19623\/revisions"}],"wp:featuredmedia":[{"embeddable":true,"href":"https:\/\/imagazine.it\/home_desk\/wp-json\/wp\/v2\/media\/19624"}],"wp:attachment":[{"href":"https:\/\/imagazine.it\/home_desk\/wp-json\/wp\/v2\/media?parent=19623"}],"wp:term":[{"taxonomy":"category","embeddable":true,"href":"https:\/\/imagazine.it\/home_desk\/wp-json\/wp\/v2\/categories?post=19623"},{"taxonomy":"post_tag","embeddable":true,"href":"https:\/\/imagazine.it\/home_desk\/wp-json\/wp\/v2\/tags?post=19623"}],"curies":[{"name":"wp","href":"https:\/\/api.w.org\/{rel}","templated":true}]}}