{"id":19621,"date":"2016-04-20T00:00:00","date_gmt":"2016-04-19T23:00:00","guid":{"rendered":"https:\/\/imagazine.it\/?p=19621"},"modified":"2016-04-20T00:00:00","modified_gmt":"2016-04-19T23:00:00","slug":"il-cantore-del-friulano","status":"publish","type":"post","link":"https:\/\/imagazine.it\/home_desk\/il-cantore-del-friulano\/","title":{"rendered":"Il cantore del friulano"},"content":{"rendered":"<p class=\"ui-droppable\" style=\"text-align: justify;\"> \tCi saranno proposte musicali per tutti i gusti alla sagra del Vino di Casarsa (21 aprile &#8211; 2 maggio) sul palco di piazza Italia, nel cuore dell\u2019area festeggiamenti e con ingresso gratuito: si parte il 21 aprile con il \u201cfestival\u201d dei gruppi giovanili locali PGonStage (organizzato dal Progetto giovani) mentre il 23 aprile alle 21.30 arriva il rapper <strong>Doro Gjat<\/strong>, gi\u00e0 membro del gruppo Carnicats il quale canta anche in lingua friulana e si sta facendo conoscere in tutta Italia. Alla Sagra porter\u00e0 i successi del suo album d\u2019esordio solista <em>Vai Fradi<\/em>, molto apprezzato e \u201cpassato\u201d pure su Italia 1 in un servizio dedicato dal tg <em>Studio Aperto<\/em>.<\/p>\n<\/p>\n<p class=\"ui-droppable\" style=\"text-align: justify;\"> \t\u201cPer me il friulano \u2013 spiega il cantante \u2013 non \u00e8 una barriera, semmai pu\u00f2 essere una barriera l\u2019uso che se ne fa. Uso questo idioma come elemento caratterizzante della mia musica senza volerlo rendere per forza la pietra angolare del progetto. Nel mio disco il friulano c&#39;\u00e8, ma non \u00e8 eccessivo, non compromette la comunicabilit\u00e0 dei testi (che sono in gran parte in italiano) e soprattutto non priva chi non parla la &#39;marilenghe&#39; di apprezzare il messaggio del disco: \u2018<em>Vai Fradi<\/em>&#39;, non dimentichiamocelo, parla di identit\u00e0 culturale prima che linguistica\u201d.<\/p>\n<p class=\"ui-droppable\" style=\"text-align: justify;\"> \tA Casarsa sar\u00e0 supportato da una band di prim\u2019ordine<strong>.<\/strong>\u00a0\u201cHo alle spalle dei grandi musicisti che \u2013 sottolinea \u2013 sanno il fatto loro e allargano considerevolmente il bacino d&#39;utenza della musica che faccio. Il mio background ha forti radici nell&#39;hip-hop e nella black music in generale; tuttavia, il fatto di collaborare con musicisti di diversa &#39;estrazione&#39; rende lo show dal vivo uno spettacolo allettante anche per chi non mastica il rap. Poi ci si diverte, si riflette, si balla, ci si ferma a considerare le cose importanti. C&#39;\u00e8 una piacevole alternanza di questi elementi\u201d.<\/p>\n<p class=\"ui-droppable\" style=\"text-align: justify;\"> \tEsibirsi nella citt\u00e0 di Pier Paolo Pasolini, poi, rappresenta un valore aggiunto. \u00a0\u201cIn futuro \u2013 confida \u2013 spero di riuscire a integrare il mio lavoro di musicista con la sua opera, anche se al momento trovo che l&#39;altezza della sua prosa, il suo impegno nel sociale, la forza della sua figura nella storia del nostro Paese sia materia molto pi\u00f9 alta di quella che un umile musicista pu\u00f2 sperare di raggiungere\u201d.\u00a0<\/p>\n","protected":false},"excerpt":{"rendered":"<p>Doro Gjat a Casarsa<\/p>\n","protected":false},"author":28,"featured_media":19622,"comment_status":"closed","ping_status":"closed","sticky":false,"template":"","format":"standard","meta":{"dwc-title":[],"dwc-content":[],"footnotes":""},"categories":[37],"tags":[],"class_list":["post-19621","post","type-post","status-publish","format-standard","has-post-thumbnail","hentry","category-cultura-e-spettacolo"],"rttpg_featured_image_url":{"full":["https:\/\/imagazine.it\/wp-content\/uploads\/2024\/01\/13900-1.webp",750,497,false],"landscape":["https:\/\/imagazine.it\/wp-content\/uploads\/2024\/01\/13900-1.webp",750,497,false],"portraits":["https:\/\/imagazine.it\/wp-content\/uploads\/2024\/01\/13900-1.webp",750,497,false],"thumbnail":["https:\/\/imagazine.it\/wp-content\/uploads\/2024\/01\/13900-1-150x150.webp",150,150,true],"medium":["https:\/\/imagazine.it\/wp-content\/uploads\/2024\/01\/13900-1-300x199.webp",300,199,true],"large":["https:\/\/imagazine.it\/wp-content\/uploads\/2024\/01\/13900-1.webp",640,424,false],"thumblist":["https:\/\/imagazine.it\/wp-content\/uploads\/2024\/01\/13900-1.webp",300,199,false],"thumbrelated":["https:\/\/imagazine.it\/wp-content\/uploads\/2024\/01\/13900-1.webp",500,331,false],"meccarouselthumb":["https:\/\/imagazine.it\/wp-content\/uploads\/2024\/01\/13900-1.webp",474,314,false],"gridsquare":["https:\/\/imagazine.it\/wp-content\/uploads\/2024\/01\/13900-1.webp",391,260,false],"tileview":["https:\/\/imagazine.it\/wp-content\/uploads\/2024\/01\/13900-1.webp",300,199,false],"1536x1536":["https:\/\/imagazine.it\/wp-content\/uploads\/2024\/01\/13900-1.webp",750,497,false],"2048x2048":["https:\/\/imagazine.it\/wp-content\/uploads\/2024\/01\/13900-1.webp",750,497,false],"newsup-slider-full":["https:\/\/imagazine.it\/wp-content\/uploads\/2024\/01\/13900-1.webp",750,497,false],"newsup-featured":["https:\/\/imagazine.it\/wp-content\/uploads\/2024\/01\/13900-1.webp",750,497,false],"newsup-medium":["https:\/\/imagazine.it\/wp-content\/uploads\/2024\/01\/13900-1-720x380.webp",720,380,true],"tptn_thumbnail":["https:\/\/imagazine.it\/wp-content\/uploads\/2024\/01\/13900-1.webp",250,166,false],"sow-carousel-default":["https:\/\/imagazine.it\/wp-content\/uploads\/2024\/01\/13900-1-272x182.webp",272,182,true]},"rttpg_author":{"display_name":"redazione","author_link":"https:\/\/imagazine.it\/home_desk\/author\/redazione\/"},"rttpg_comment":0,"rttpg_category":"<a href=\"https:\/\/imagazine.it\/home_desk\/category\/cultura-e-spettacolo\/\" rel=\"category tag\">CULTURA&amp;SPETTACOLO<\/a>","rttpg_excerpt":"Doro Gjat a Casarsa","_links":{"self":[{"href":"https:\/\/imagazine.it\/home_desk\/wp-json\/wp\/v2\/posts\/19621","targetHints":{"allow":["GET"]}}],"collection":[{"href":"https:\/\/imagazine.it\/home_desk\/wp-json\/wp\/v2\/posts"}],"about":[{"href":"https:\/\/imagazine.it\/home_desk\/wp-json\/wp\/v2\/types\/post"}],"author":[{"embeddable":true,"href":"https:\/\/imagazine.it\/home_desk\/wp-json\/wp\/v2\/users\/28"}],"replies":[{"embeddable":true,"href":"https:\/\/imagazine.it\/home_desk\/wp-json\/wp\/v2\/comments?post=19621"}],"version-history":[{"count":0,"href":"https:\/\/imagazine.it\/home_desk\/wp-json\/wp\/v2\/posts\/19621\/revisions"}],"wp:featuredmedia":[{"embeddable":true,"href":"https:\/\/imagazine.it\/home_desk\/wp-json\/wp\/v2\/media\/19622"}],"wp:attachment":[{"href":"https:\/\/imagazine.it\/home_desk\/wp-json\/wp\/v2\/media?parent=19621"}],"wp:term":[{"taxonomy":"category","embeddable":true,"href":"https:\/\/imagazine.it\/home_desk\/wp-json\/wp\/v2\/categories?post=19621"},{"taxonomy":"post_tag","embeddable":true,"href":"https:\/\/imagazine.it\/home_desk\/wp-json\/wp\/v2\/tags?post=19621"}],"curies":[{"name":"wp","href":"https:\/\/api.w.org\/{rel}","templated":true}]}}