{"id":19619,"date":"2016-04-20T00:00:00","date_gmt":"2016-04-19T23:00:00","guid":{"rendered":"https:\/\/imagazine.it\/?p=19619"},"modified":"2016-04-20T00:00:00","modified_gmt":"2016-04-19T23:00:00","slug":"sostegno-e-affido-familiare-corso-a-porcia","status":"publish","type":"post","link":"https:\/\/imagazine.it\/home_desk\/sostegno-e-affido-familiare-corso-a-porcia\/","title":{"rendered":"Sostegno e affido familiare, corso a Porcia"},"content":{"rendered":"<p style=\"text-align: justify;\" class=\"ui-droppable\"> \tPrimavera ricca di impegni per l\u2019Arcobaleno Onlus di Porcia, associazione di volontariato che da pi\u00f9 di 20 anni aiuta bambini e ragazzi in situazioni di disagio familiare. Fedele alla sua filosofia per la quale \u201cun bambino aiutato oggi \u00e8 un adulto indipendente e una speranza per il domani\u201d, anche quest\u2019anno l\u2019onlus organizza il corso base rivolto a coppie e singoli interessati a conoscere e approfondire la tematica del sostegno e affido familiare, esperienza che coinvolge da un lato i bambini e ragazzi provenienti da famiglie in difficolt\u00e0, dall\u2019altro coppie e singoli disposti a offrire accoglienza e affetto.\u00a0<\/p>\n<p style=\"text-align: justify;\" class=\"ui-droppable\"> \t\u201cIl corso partir\u00e0 il 3 maggio e si concluder\u00e0 il 7 giugno &#8211; spiega Monica, responsabile del progetto &#8211; ed \u00e8 rivolto a coppie e singoli interessati al tema. \u00c8 un corso gratuito di 6 lezioni tenuto da Lorena Fornasir, psicologa psicoterapeuta e supervisore dell&#8217;area Accoglienza familiare della nostra associazione. Per chi si avvicina per la prima volta all&#8217;argomento &#8211; specifica la referente &#8211; il corso \u00e8 un\u2019utile occasione per capire meglio di cosa si tratta e approfondire le proprie motivazioni, grazie al confronto con la relatrice, con i referenti dei Servizi sociali e con famiglie testimoni&#8221; di affido\u201d.<\/p>\n<p style=\"text-align: justify;\" class=\"ui-droppable\"> \tFinora l&#8217;associazione di Porcia ha accolto pi\u00f9 di 160 bambini e ragazzi inviati dai servizi sociali territoriali, alcuni in forma residenziale, altri in forma diurna. Inoltre, dal 1994, ha accompagnato oltre 50 coppie e singoli aperti alla possibilit\u00e0 di diventare famiglie di sostegno o affidatarie o di supporto ai giovani accolti affiancandoli durante il loro percorso di accoglienza. I corsi base sull&#8217;affido, dal 2007 ad oggi, sono stati frequentati da oltre 150 persone, in coppia o singoli.<\/p>\n<p style=\"text-align: justify;\" class=\"ui-droppable\"> \tL&#8217;Arcobaleno Onlus \u00e8 impegnata anche nell\u2019attivit\u00e0 di prevenzione e di formazione in ambito educativo, organizzando durante l&#8217;anno pure un fitto calendario di iniziative per sensibilizzare sul tema dell&#8217;educazione e della cura della famiglia. Tra queste la &#8220;Pedalata sui colori dell&#8217;Arcobaleno&#8221; che quest&#8217;anno si terr\u00e0 domenica 26 giugno.<\/p>\n<p style=\"text-align: justify;\" class=\"ui-droppable\"> \tInfo:\u00a0<a href=\"http:\/\/www.larcobaleno-onlus.it\/\" target=\"_blank\" rel=\"noopener\">www.larcobaleno-onlus.it<\/a><\/p>\n","protected":false},"excerpt":{"rendered":"<p>Organizzato da &#8220;L&#8217;Arcobaleno Onlus&#8221;<\/p>\n","protected":false},"author":28,"featured_media":19620,"comment_status":"closed","ping_status":"closed","sticky":false,"template":"","format":"standard","meta":{"dwc-title":[],"dwc-content":[],"footnotes":""},"categories":[5],"tags":[],"class_list":["post-19619","post","type-post","status-publish","format-standard","has-post-thumbnail","hentry","category-attualita"],"rttpg_featured_image_url":{"full":["https:\/\/imagazine.it\/wp-content\/uploads\/2024\/01\/13898-1.webp",750,563,false],"landscape":["https:\/\/imagazine.it\/wp-content\/uploads\/2024\/01\/13898-1.webp",750,563,false],"portraits":["https:\/\/imagazine.it\/wp-content\/uploads\/2024\/01\/13898-1.webp",750,563,false],"thumbnail":["https:\/\/imagazine.it\/wp-content\/uploads\/2024\/01\/13898-1-150x150.webp",150,150,true],"medium":["https:\/\/imagazine.it\/wp-content\/uploads\/2024\/01\/13898-1-300x225.webp",300,225,true],"large":["https:\/\/imagazine.it\/wp-content\/uploads\/2024\/01\/13898-1.webp",640,480,false],"thumblist":["https:\/\/imagazine.it\/wp-content\/uploads\/2024\/01\/13898-1.webp",300,225,false],"thumbrelated":["https:\/\/imagazine.it\/wp-content\/uploads\/2024\/01\/13898-1.webp",500,375,false],"meccarouselthumb":["https:\/\/imagazine.it\/wp-content\/uploads\/2024\/01\/13898-1.webp",432,324,false],"gridsquare":["https:\/\/imagazine.it\/wp-content\/uploads\/2024\/01\/13898-1.webp",346,260,false],"tileview":["https:\/\/imagazine.it\/wp-content\/uploads\/2024\/01\/13898-1.webp",300,225,false],"1536x1536":["https:\/\/imagazine.it\/wp-content\/uploads\/2024\/01\/13898-1.webp",750,563,false],"2048x2048":["https:\/\/imagazine.it\/wp-content\/uploads\/2024\/01\/13898-1.webp",750,563,false],"newsup-slider-full":["https:\/\/imagazine.it\/wp-content\/uploads\/2024\/01\/13898-1.webp",750,563,false],"newsup-featured":["https:\/\/imagazine.it\/wp-content\/uploads\/2024\/01\/13898-1.webp",750,563,false],"newsup-medium":["https:\/\/imagazine.it\/wp-content\/uploads\/2024\/01\/13898-1-720x380.webp",720,380,true],"tptn_thumbnail":["https:\/\/imagazine.it\/wp-content\/uploads\/2024\/01\/13898-1.webp",250,188,false],"sow-carousel-default":["https:\/\/imagazine.it\/wp-content\/uploads\/2024\/01\/13898-1-272x182.webp",272,182,true]},"rttpg_author":{"display_name":"redazione","author_link":"https:\/\/imagazine.it\/home_desk\/author\/redazione\/"},"rttpg_comment":0,"rttpg_category":"<a href=\"https:\/\/imagazine.it\/home_desk\/category\/attualita\/\" rel=\"category tag\">ATTUALIT\u00c0<\/a>","rttpg_excerpt":"Organizzato da \"L'Arcobaleno Onlus\"","_links":{"self":[{"href":"https:\/\/imagazine.it\/home_desk\/wp-json\/wp\/v2\/posts\/19619","targetHints":{"allow":["GET"]}}],"collection":[{"href":"https:\/\/imagazine.it\/home_desk\/wp-json\/wp\/v2\/posts"}],"about":[{"href":"https:\/\/imagazine.it\/home_desk\/wp-json\/wp\/v2\/types\/post"}],"author":[{"embeddable":true,"href":"https:\/\/imagazine.it\/home_desk\/wp-json\/wp\/v2\/users\/28"}],"replies":[{"embeddable":true,"href":"https:\/\/imagazine.it\/home_desk\/wp-json\/wp\/v2\/comments?post=19619"}],"version-history":[{"count":0,"href":"https:\/\/imagazine.it\/home_desk\/wp-json\/wp\/v2\/posts\/19619\/revisions"}],"wp:featuredmedia":[{"embeddable":true,"href":"https:\/\/imagazine.it\/home_desk\/wp-json\/wp\/v2\/media\/19620"}],"wp:attachment":[{"href":"https:\/\/imagazine.it\/home_desk\/wp-json\/wp\/v2\/media?parent=19619"}],"wp:term":[{"taxonomy":"category","embeddable":true,"href":"https:\/\/imagazine.it\/home_desk\/wp-json\/wp\/v2\/categories?post=19619"},{"taxonomy":"post_tag","embeddable":true,"href":"https:\/\/imagazine.it\/home_desk\/wp-json\/wp\/v2\/tags?post=19619"}],"curies":[{"name":"wp","href":"https:\/\/api.w.org\/{rel}","templated":true}]}}