{"id":19607,"date":"2016-04-19T00:00:00","date_gmt":"2016-04-18T23:00:00","guid":{"rendered":"https:\/\/imagazine.it\/?p=19607"},"modified":"2016-04-19T00:00:00","modified_gmt":"2016-04-18T23:00:00","slug":"corsi-di-corsa-con-la-maratonina-udinese","status":"publish","type":"post","link":"https:\/\/imagazine.it\/home_desk\/corsi-di-corsa-con-la-maratonina-udinese\/","title":{"rendered":"Corsi di corsa&#8230; con la Maratonina Udinese"},"content":{"rendered":"<p style=\"text-align: justify;\" class=\"ui-droppable\"> \tAnche quest\u2019anno si rinnova l\u2019appuntamento con i Corsi di Corsa organizzati dall\u2019Associazione Maratonina Udinese. L\u2019iniziativa, dedicata a neofiti intermedi e avanzati, \u00e8 giunta alla piena maturit\u00e0 con ormai 16 edizioni.<\/p>\n<p style=\"text-align: justify;\" class=\"ui-droppable\"> \tTutti i partecipanti si cimenteranno, in base alle proprie esigenze e capacit\u00e0, lungo i percorsi del Parco del Corm\u00f4r e della ippovia, con \u201cincursioni\u201d anche collinari.<\/p>\n<p style=\"text-align: justify;\" class=\"ui-droppable\"> \tPer ogni livello \u00e8 stato predisposto dall&#8217;associazione un istruttore della Federazione italiana di Atletica leggera. <strong>Mario Budulig<\/strong>, <strong>Sandra Candelotto<\/strong>, <strong>Edi Spelat<\/strong>, <strong>Juliana Driutti<\/strong> e <strong>Carlo Spinelli<\/strong> seguiranno infatti passo passo gli iscritti. I Corsi di Corsa inizieranno gioved\u00ec 5 maggio al Parco del Corm\u00f4r (con primo appuntamento per le ore 18) e si concluderanno a fine settembre. I giorni preposti per le lezioni sono il marted\u00ec e il gioved\u00ec, mentre la fascia oraria in cui si disputeranno le sedute \u00e8 dalle 18.30 alle 20. Durante l&#8217;estate ci si potr\u00e0 anche cimentare in gare non competitive o semplici camminate in compagnia. Coordinatori saranno <strong>Manuel Burello<\/strong>, <strong>Andrea Ceschia<\/strong> e <strong>Riccarda Sarri<\/strong>, mentre i responsabili sportivi sono <strong>Renato Bonin<\/strong> e il gi\u00e0 campione Europeo sui 5.000 metri <strong>Venanzio Ortis<\/strong>, vicepresidente del sodalizio.<\/p>\n<p style=\"text-align: justify;\" class=\"ui-droppable\"> \tPer partecipare ai corsi \u00e8 necessario il certificato medico sportivo <strong><em>agonistico<\/em><\/strong> o <strong><em>non agonistico<\/em><\/strong> per atletica leggera emesso da un medico dello sport abilitato. <strong>Info: <\/strong><strong><a href=\"http:\/\/www.maratoninadiudine.it\/\" target=\"_blank\" rel=\"noopener\">www.maratoninadiudine.it<\/a><\/strong><\/p>\n","protected":false},"excerpt":{"rendered":"<p>In programma da maggio a settembre<\/p>\n","protected":false},"author":28,"featured_media":19608,"comment_status":"closed","ping_status":"closed","sticky":false,"template":"","format":"standard","meta":{"dwc-title":[],"dwc-content":[],"footnotes":""},"categories":[38],"tags":[],"class_list":["post-19607","post","type-post","status-publish","format-standard","has-post-thumbnail","hentry","category-sport"],"rttpg_featured_image_url":{"full":["https:\/\/imagazine.it\/wp-content\/uploads\/2024\/01\/13842-1.webp",750,501,false],"landscape":["https:\/\/imagazine.it\/wp-content\/uploads\/2024\/01\/13842-1.webp",750,501,false],"portraits":["https:\/\/imagazine.it\/wp-content\/uploads\/2024\/01\/13842-1.webp",750,501,false],"thumbnail":["https:\/\/imagazine.it\/wp-content\/uploads\/2024\/01\/13842-1-150x150.webp",150,150,true],"medium":["https:\/\/imagazine.it\/wp-content\/uploads\/2024\/01\/13842-1-300x200.webp",300,200,true],"large":["https:\/\/imagazine.it\/wp-content\/uploads\/2024\/01\/13842-1.webp",640,428,false],"thumblist":["https:\/\/imagazine.it\/wp-content\/uploads\/2024\/01\/13842-1.webp",300,200,false],"thumbrelated":["https:\/\/imagazine.it\/wp-content\/uploads\/2024\/01\/13842-1.webp",500,334,false],"meccarouselthumb":["https:\/\/imagazine.it\/wp-content\/uploads\/2024\/01\/13842-1.webp",474,317,false],"gridsquare":["https:\/\/imagazine.it\/wp-content\/uploads\/2024\/01\/13842-1.webp",389,260,false],"tileview":["https:\/\/imagazine.it\/wp-content\/uploads\/2024\/01\/13842-1.webp",300,200,false],"1536x1536":["https:\/\/imagazine.it\/wp-content\/uploads\/2024\/01\/13842-1.webp",750,501,false],"2048x2048":["https:\/\/imagazine.it\/wp-content\/uploads\/2024\/01\/13842-1.webp",750,501,false],"newsup-slider-full":["https:\/\/imagazine.it\/wp-content\/uploads\/2024\/01\/13842-1.webp",750,501,false],"newsup-featured":["https:\/\/imagazine.it\/wp-content\/uploads\/2024\/01\/13842-1.webp",750,501,false],"newsup-medium":["https:\/\/imagazine.it\/wp-content\/uploads\/2024\/01\/13842-1-720x380.webp",720,380,true],"tptn_thumbnail":["https:\/\/imagazine.it\/wp-content\/uploads\/2024\/01\/13842-1.webp",250,167,false],"sow-carousel-default":["https:\/\/imagazine.it\/wp-content\/uploads\/2024\/01\/13842-1-272x182.webp",272,182,true]},"rttpg_author":{"display_name":"redazione","author_link":"https:\/\/imagazine.it\/home_desk\/author\/redazione\/"},"rttpg_comment":0,"rttpg_category":"<a href=\"https:\/\/imagazine.it\/home_desk\/category\/sport\/\" rel=\"category tag\">SPORT<\/a>","rttpg_excerpt":"In programma da maggio a settembre","_links":{"self":[{"href":"https:\/\/imagazine.it\/home_desk\/wp-json\/wp\/v2\/posts\/19607","targetHints":{"allow":["GET"]}}],"collection":[{"href":"https:\/\/imagazine.it\/home_desk\/wp-json\/wp\/v2\/posts"}],"about":[{"href":"https:\/\/imagazine.it\/home_desk\/wp-json\/wp\/v2\/types\/post"}],"author":[{"embeddable":true,"href":"https:\/\/imagazine.it\/home_desk\/wp-json\/wp\/v2\/users\/28"}],"replies":[{"embeddable":true,"href":"https:\/\/imagazine.it\/home_desk\/wp-json\/wp\/v2\/comments?post=19607"}],"version-history":[{"count":0,"href":"https:\/\/imagazine.it\/home_desk\/wp-json\/wp\/v2\/posts\/19607\/revisions"}],"wp:featuredmedia":[{"embeddable":true,"href":"https:\/\/imagazine.it\/home_desk\/wp-json\/wp\/v2\/media\/19608"}],"wp:attachment":[{"href":"https:\/\/imagazine.it\/home_desk\/wp-json\/wp\/v2\/media?parent=19607"}],"wp:term":[{"taxonomy":"category","embeddable":true,"href":"https:\/\/imagazine.it\/home_desk\/wp-json\/wp\/v2\/categories?post=19607"},{"taxonomy":"post_tag","embeddable":true,"href":"https:\/\/imagazine.it\/home_desk\/wp-json\/wp\/v2\/tags?post=19607"}],"curies":[{"name":"wp","href":"https:\/\/api.w.org\/{rel}","templated":true}]}}