{"id":19593,"date":"2016-04-18T00:00:00","date_gmt":"2016-04-17T23:00:00","guid":{"rendered":"https:\/\/imagazine.it\/?p=19593"},"modified":"2016-04-18T00:00:00","modified_gmt":"2016-04-17T23:00:00","slug":"quando-lattualita-e-spettacolo","status":"publish","type":"post","link":"https:\/\/imagazine.it\/home_desk\/quando-lattualita-e-spettacolo\/","title":{"rendered":"Quando l&#8217;attualit\u00e0 \u00e8 spettacolo"},"content":{"rendered":"<p style=\"text-align: justify;\" class=\"ui-droppable\"> \tL\u2019attualit\u00e0 diventa spettacolo a <em>Link<\/em>, <em>Premio Luchetta Incontra<\/em>, il festival del buon giornalismo in programma a Trieste dal 22 al 25 aprile. Riflettori puntati sul palcoscenico della Fincantieri Newsroom<strong> in Piazza della Borsa<\/strong> per tre serate che intrecciano parole, musica e teatro. Si parte venerd\u00ec 22 aprile, alle 21, <strong>\u201cThe River Journal Project\u201d,<\/strong> un percorso appassionante fra luoghi, persone e storie \u201cdi fiume\u201d: un doppio filo di emozioni e racconti fra Po e Mississipi, fra risorse e contraddizioni del nostro mondo. Un progetto-performance firmato dal giornalista <strong>Marzio Mian<\/strong>, Premio Luchetta 2013, per molti anni vicedirettore a <em>Io Donna<\/em>. Sulle musiche live di<strong> Francesco Garolfi<\/strong> ecco il racconto dei fiumi fra Italia e Stati Uniti: dei luoghi che lambiscono, con le infinite storie di uomini e donne che incrociano le loro sponde. Un modo per celebrare il ruolo dei fiumi come risorsa e\u00a0bene culturale, cos\u00ec come delle grandi invenzioni idrauliche che sono nate intorno al loro scorrere. Alla messa in scena collaborano i giovani reporter <strong>Nicola Scevola<\/strong>, <strong>Nanni Fontana<\/strong>, <strong>Massimo Di Nonno<\/strong>.\u00a0<\/p>\n<p style=\"text-align: justify;\" class=\"ui-droppable\"> \tSabato 23 aprile, alle 21 la giornata di <em>Link<\/em> si chiuder\u00e0 con un evento scenico, l\u2019incontro di tre uomini preziosi del nostro tempo: \u201cTre uomini di parola\u201d titola la conversazione teatrale fra lo scrittore, scultore e alpinista <strong>Mauro Corona<\/strong>, il giornalista<strong> Toni Capuozzo <\/strong>e il cantautore carnico<strong> Gigi Maieron.<\/strong> Musica, arte e parola si fondono per un dialogo intrecciato fra ambiente, crisi economica, rapporto dell\u2019uomo con la natura, ricerca delle proprie radici. I tre uomini non saranno intervistati ma semplicemente dialogheranno col pubblico, senza scalette n\u00e9 preparazione, tutto rigorosamente improvvisato \u2026<\/p>\n<p style=\"text-align: justify;\" class=\"ui-droppable\"> \tLuned\u00ec 25 aprile, alle 19 spazio a \u201cLa leggenda del Rex &#8211; Dal nastro azzurro a Fellini. Un viaggio nel mito&#8221;,\u00a0di <strong>Massimo Minella <\/strong>firmata dal Teatro Pubblico Ligure, chiamata a suggellare <em>Link 2016<\/em>. \u201cLa Leggenda del Rex\u201d \u00e8 un incrocio di parole, musica e immagini che ha sullo sfondo il pi\u00f9 celebre dei transatlantici. Non \u00e8 storia, ma \u00e8 leggenda. Perch\u00e9 la seconda sopravvive e supera la prima. Cos\u00ec nel racconto di Minella, giornalista e scrittore, gli anni brevi e intensi della nave dei record scorrono sullo sfondo di un\u2019avventura che sa essere divertente e amara, che sorprende, affascina e ferisce. Fino al tragico epilogo. Ma questa non \u00e8 la fine o, meglio, non \u00e8 la fine dell\u2019avventura del Rex che sopravvive al suo affondamento e torna a vivere nell\u2019immaginario collettivo. Sar\u00e0 la metafora della fuga da una provincia troppo stretta, magistralmente sognata da Federico Fellini, ma anche\u00a0 un veicolo pubblicitario. Massimo Minella, caposervizio di Repubblica, \u00e8 responsabile della parte economico-marittima dell\u2019edizione genovese del quotidiano. Coltiva da sempre la sua passione per la scrittura, alternando a volumi di carattere storico-economico pubblicazioni per l\u2019infanzia. A Roma ha ricevuto il Premio Marincovich per la cultura del mare per il suo ultimo libro \u201cStorie di navi e principesse che non fecero ritorno\u201d. Da sue pubblicazioni sono tratti racconti teatrali in musica che hanno partecipato a diversi festival nazionali.<\/p>\n","protected":false},"excerpt":{"rendered":"<p>Venerd\u00ec a Trieste inizia &#8220;Link&#8221;<\/p>\n","protected":false},"author":28,"featured_media":19594,"comment_status":"closed","ping_status":"closed","sticky":false,"template":"","format":"standard","meta":{"dwc-title":[],"dwc-content":[],"footnotes":""},"categories":[37],"tags":[],"class_list":["post-19593","post","type-post","status-publish","format-standard","has-post-thumbnail","hentry","category-cultura-e-spettacolo"],"rttpg_featured_image_url":{"full":["https:\/\/imagazine.it\/wp-content\/uploads\/2024\/01\/13830-1.webp",750,509,false],"landscape":["https:\/\/imagazine.it\/wp-content\/uploads\/2024\/01\/13830-1.webp",750,509,false],"portraits":["https:\/\/imagazine.it\/wp-content\/uploads\/2024\/01\/13830-1.webp",750,509,false],"thumbnail":["https:\/\/imagazine.it\/wp-content\/uploads\/2024\/01\/13830-1-150x150.webp",150,150,true],"medium":["https:\/\/imagazine.it\/wp-content\/uploads\/2024\/01\/13830-1-300x204.webp",300,204,true],"large":["https:\/\/imagazine.it\/wp-content\/uploads\/2024\/01\/13830-1.webp",640,434,false],"thumblist":["https:\/\/imagazine.it\/wp-content\/uploads\/2024\/01\/13830-1.webp",300,204,false],"thumbrelated":["https:\/\/imagazine.it\/wp-content\/uploads\/2024\/01\/13830-1.webp",500,339,false],"meccarouselthumb":["https:\/\/imagazine.it\/wp-content\/uploads\/2024\/01\/13830-1.webp",474,322,false],"gridsquare":["https:\/\/imagazine.it\/wp-content\/uploads\/2024\/01\/13830-1.webp",383,260,false],"tileview":["https:\/\/imagazine.it\/wp-content\/uploads\/2024\/01\/13830-1.webp",300,204,false],"1536x1536":["https:\/\/imagazine.it\/wp-content\/uploads\/2024\/01\/13830-1.webp",750,509,false],"2048x2048":["https:\/\/imagazine.it\/wp-content\/uploads\/2024\/01\/13830-1.webp",750,509,false],"newsup-slider-full":["https:\/\/imagazine.it\/wp-content\/uploads\/2024\/01\/13830-1.webp",750,509,false],"newsup-featured":["https:\/\/imagazine.it\/wp-content\/uploads\/2024\/01\/13830-1.webp",750,509,false],"newsup-medium":["https:\/\/imagazine.it\/wp-content\/uploads\/2024\/01\/13830-1-720x380.webp",720,380,true],"tptn_thumbnail":["https:\/\/imagazine.it\/wp-content\/uploads\/2024\/01\/13830-1.webp",250,170,false],"sow-carousel-default":["https:\/\/imagazine.it\/wp-content\/uploads\/2024\/01\/13830-1-272x182.webp",272,182,true]},"rttpg_author":{"display_name":"redazione","author_link":"https:\/\/imagazine.it\/home_desk\/author\/redazione\/"},"rttpg_comment":0,"rttpg_category":"<a href=\"https:\/\/imagazine.it\/home_desk\/category\/cultura-e-spettacolo\/\" rel=\"category tag\">CULTURA&amp;SPETTACOLO<\/a>","rttpg_excerpt":"Venerd\u00ec a Trieste inizia \"Link\"","_links":{"self":[{"href":"https:\/\/imagazine.it\/home_desk\/wp-json\/wp\/v2\/posts\/19593","targetHints":{"allow":["GET"]}}],"collection":[{"href":"https:\/\/imagazine.it\/home_desk\/wp-json\/wp\/v2\/posts"}],"about":[{"href":"https:\/\/imagazine.it\/home_desk\/wp-json\/wp\/v2\/types\/post"}],"author":[{"embeddable":true,"href":"https:\/\/imagazine.it\/home_desk\/wp-json\/wp\/v2\/users\/28"}],"replies":[{"embeddable":true,"href":"https:\/\/imagazine.it\/home_desk\/wp-json\/wp\/v2\/comments?post=19593"}],"version-history":[{"count":0,"href":"https:\/\/imagazine.it\/home_desk\/wp-json\/wp\/v2\/posts\/19593\/revisions"}],"wp:featuredmedia":[{"embeddable":true,"href":"https:\/\/imagazine.it\/home_desk\/wp-json\/wp\/v2\/media\/19594"}],"wp:attachment":[{"href":"https:\/\/imagazine.it\/home_desk\/wp-json\/wp\/v2\/media?parent=19593"}],"wp:term":[{"taxonomy":"category","embeddable":true,"href":"https:\/\/imagazine.it\/home_desk\/wp-json\/wp\/v2\/categories?post=19593"},{"taxonomy":"post_tag","embeddable":true,"href":"https:\/\/imagazine.it\/home_desk\/wp-json\/wp\/v2\/tags?post=19593"}],"curies":[{"name":"wp","href":"https:\/\/api.w.org\/{rel}","templated":true}]}}