{"id":19586,"date":"2016-04-17T00:00:00","date_gmt":"2016-04-16T23:00:00","guid":{"rendered":"https:\/\/imagazine.it\/?p=19586"},"modified":"2016-04-17T00:00:00","modified_gmt":"2016-04-16T23:00:00","slug":"la-musica-in-aiuto-degli-anziani","status":"publish","type":"post","link":"https:\/\/imagazine.it\/home_desk\/la-musica-in-aiuto-degli-anziani\/","title":{"rendered":"La musica in aiuto degli anziani"},"content":{"rendered":"<p class=\"ui-droppable\" style=\"text-align: justify;\"> \tGiornata insolita per il coro parrocchiale di Joannis che ha animato la messa domenicale degli ospiti della Casa di Riposo per Anziani di via Crociera a Monfalcone. Un gesto di umanit\u00e0 e solidariet\u00e0 verso gli ospiti della struttura, con l\u2019intento di coinvolgerli emotivamente.<\/p>\n<\/p>\n<p class=\"ui-droppable\" style=\"text-align: justify;\"> \tLa corale della Bassa friulana, diretta da <strong>Michele Cescutti<\/strong>, ha supportato la celebrazione con antichi brani della tradizione locale (gli spartiti si trovano in un libretto stampato a Graz nel 1927); \u00a0gli ospiti sono poi stati coinvolti nei due canti finali: il \u201cRegina Coeli\u201d e la \u201cMadonnina del Mare&#8221;, con un extra a messa conclusa.<\/p>\n<p class=\"ui-droppable\" style=\"text-align: justify;\"> \tVista la positiva riuscita dell\u2019esperienza, sar\u00e0 riproposta anche ad altri cori diocesani che potrebbero portare una ventata di novit\u00e0 alla comunit\u00e0 di anziani per farli sentire ancora vivi, presenti e attivi. Chi fosse pu\u00f2 contattare la segreteria del <strong>V.C.A.M.<\/strong> (Volontariato Cittadino Assistenza di Monfalcone) in via Volta n\u00b0 26 a Monfalcone o telefonare al numero 0481 790500.<\/p>\n","protected":false},"excerpt":{"rendered":"<p>L&#8217;esperienza del Coro di Joannis<\/p>\n","protected":false},"author":22,"featured_media":19587,"comment_status":"closed","ping_status":"closed","sticky":false,"template":"","format":"standard","meta":{"dwc-title":[],"dwc-content":[],"footnotes":""},"categories":[5],"tags":[],"class_list":["post-19586","post","type-post","status-publish","format-standard","has-post-thumbnail","hentry","category-attualita"],"rttpg_featured_image_url":{"full":["https:\/\/imagazine.it\/wp-content\/uploads\/2024\/01\/13823-1.webp",750,422,false],"landscape":["https:\/\/imagazine.it\/wp-content\/uploads\/2024\/01\/13823-1.webp",750,422,false],"portraits":["https:\/\/imagazine.it\/wp-content\/uploads\/2024\/01\/13823-1.webp",750,422,false],"thumbnail":["https:\/\/imagazine.it\/wp-content\/uploads\/2024\/01\/13823-1-150x150.webp",150,150,true],"medium":["https:\/\/imagazine.it\/wp-content\/uploads\/2024\/01\/13823-1-300x169.webp",300,169,true],"large":["https:\/\/imagazine.it\/wp-content\/uploads\/2024\/01\/13823-1.webp",640,360,false],"thumblist":["https:\/\/imagazine.it\/wp-content\/uploads\/2024\/01\/13823-1.webp",300,169,false],"thumbrelated":["https:\/\/imagazine.it\/wp-content\/uploads\/2024\/01\/13823-1.webp",500,281,false],"meccarouselthumb":["https:\/\/imagazine.it\/wp-content\/uploads\/2024\/01\/13823-1.webp",474,267,false],"gridsquare":["https:\/\/imagazine.it\/wp-content\/uploads\/2024\/01\/13823-1.webp",391,220,false],"tileview":["https:\/\/imagazine.it\/wp-content\/uploads\/2024\/01\/13823-1.webp",300,169,false],"1536x1536":["https:\/\/imagazine.it\/wp-content\/uploads\/2024\/01\/13823-1.webp",750,422,false],"2048x2048":["https:\/\/imagazine.it\/wp-content\/uploads\/2024\/01\/13823-1.webp",750,422,false],"newsup-slider-full":["https:\/\/imagazine.it\/wp-content\/uploads\/2024\/01\/13823-1.webp",750,422,false],"newsup-featured":["https:\/\/imagazine.it\/wp-content\/uploads\/2024\/01\/13823-1.webp",750,422,false],"newsup-medium":["https:\/\/imagazine.it\/wp-content\/uploads\/2024\/01\/13823-1-720x380.webp",720,380,true],"tptn_thumbnail":["https:\/\/imagazine.it\/wp-content\/uploads\/2024\/01\/13823-1.webp",250,141,false],"sow-carousel-default":["https:\/\/imagazine.it\/wp-content\/uploads\/2024\/01\/13823-1-272x182.webp",272,182,true]},"rttpg_author":{"display_name":"Livio Nonis","author_link":"https:\/\/imagazine.it\/home_desk\/author\/nonis\/"},"rttpg_comment":0,"rttpg_category":"<a href=\"https:\/\/imagazine.it\/home_desk\/category\/attualita\/\" rel=\"category tag\">ATTUALIT\u00c0<\/a>","rttpg_excerpt":"L'esperienza del Coro di Joannis","_links":{"self":[{"href":"https:\/\/imagazine.it\/home_desk\/wp-json\/wp\/v2\/posts\/19586","targetHints":{"allow":["GET"]}}],"collection":[{"href":"https:\/\/imagazine.it\/home_desk\/wp-json\/wp\/v2\/posts"}],"about":[{"href":"https:\/\/imagazine.it\/home_desk\/wp-json\/wp\/v2\/types\/post"}],"author":[{"embeddable":true,"href":"https:\/\/imagazine.it\/home_desk\/wp-json\/wp\/v2\/users\/22"}],"replies":[{"embeddable":true,"href":"https:\/\/imagazine.it\/home_desk\/wp-json\/wp\/v2\/comments?post=19586"}],"version-history":[{"count":0,"href":"https:\/\/imagazine.it\/home_desk\/wp-json\/wp\/v2\/posts\/19586\/revisions"}],"wp:featuredmedia":[{"embeddable":true,"href":"https:\/\/imagazine.it\/home_desk\/wp-json\/wp\/v2\/media\/19587"}],"wp:attachment":[{"href":"https:\/\/imagazine.it\/home_desk\/wp-json\/wp\/v2\/media?parent=19586"}],"wp:term":[{"taxonomy":"category","embeddable":true,"href":"https:\/\/imagazine.it\/home_desk\/wp-json\/wp\/v2\/categories?post=19586"},{"taxonomy":"post_tag","embeddable":true,"href":"https:\/\/imagazine.it\/home_desk\/wp-json\/wp\/v2\/tags?post=19586"}],"curies":[{"name":"wp","href":"https:\/\/api.w.org\/{rel}","templated":true}]}}