{"id":19582,"date":"2016-04-16T00:00:00","date_gmt":"2016-04-15T23:00:00","guid":{"rendered":"https:\/\/imagazine.it\/?p=19582"},"modified":"2016-04-16T00:00:00","modified_gmt":"2016-04-15T23:00:00","slug":"lunesco-cities-marathon-si-colora-di-rosa","status":"publish","type":"post","link":"https:\/\/imagazine.it\/home_desk\/lunesco-cities-marathon-si-colora-di-rosa\/","title":{"rendered":"L\u2019Unesco Cities Marathon si colora di rosa"},"content":{"rendered":"<p class=\"ui-droppable\" style=\"text-align: justify;\"> \tIl Friuli Venezia Giulia incorona cinque donne di sport. E accompagna in archivio l\u2019edizione 2016 dell\u2019Unesco Cities Marathon.<\/p>\n<p class=\"ui-droppable\" style=\"text-align: justify;\"> \tAl teatro Pasolini di Cervignano del Friuli, l\u2019associazione \u201cFareDonna Fvg\u201d, rappresentata dalla presidente, <strong>Consuelo Modesti<\/strong>, da <strong>Serena Tell<\/strong> e <strong>Loredana Marano<\/strong>,\u00a0attraverso la votazione di una giuria tecnica di cui facevano parte dirigenti e atleti (tra cui anche l\u2019azzurra di maratona <strong>Anna Incerti<\/strong>), ha assegnato i riconoscimenti legati al premio \u201cDonne per lo sport\u201d, giunto alla seconda edizione. L&#39;evento\u00a0\u00e8 stato presentato da <strong>Elisa Michellut<\/strong> e da <strong>Paolo Menegatti<\/strong> e <strong>Alessandro Prisco<\/strong> di Radio Deejay.<\/p>\n<\/p>\n<p class=\"ui-droppable\" style=\"text-align: justify;\"> \tCinque le categorie di premi. <strong>Giada Rossi<\/strong>, campionessa del tennistavolo paralimpico, in preparazione per i Giochi di Rio, si \u00e8 aggiudicata il premio \u201cDonna Sportiva dell\u2019anno 2016\u201d. Gli altri riconoscimenti sono andati a <strong>Isabella Martinis<\/strong>, giovane specialista del lancio del martello (\u201cPromessa sportiva dell\u2019anno 2016\u201d), a <strong>Benedetta De Cecco<\/strong>, atleta dell\u2019hockey in carrozzina (Premio \u201cTenacia\u201d), a <strong>Nives Fozzer<\/strong>, veterana dell\u2019atletica (Premio \u201cFedelt\u00e0 nello sport\u201d), e alla dirigente di lungo corso, <strong>Marcella Skobar Bartoli<\/strong> (\u201cDonna portatrice di valori universali nello sport\u201d). \u00a0\u00a0\u00a0\u00a0<\/p>\n<p class=\"ui-droppable\" style=\"text-align: justify;\"> \tIl premio \u201cDonne per lo sport\u201d \u00e8 nato nel 2013, anno in cui ha debuttato l\u2019Unesco Cities Marathon. Anche per questo, i due eventi si sono ritrovati accomunati sul palco del Teatro Pasolini.<\/p>\n<\/p>\n<p class=\"ui-droppable\" style=\"text-align: justify;\"> \t<strong>Giuliano Gemo<\/strong> e Giuseppe Donno, rispettivamente presidente e segretario generale dell\u2019Unesco Cities Marathon, insieme al responsabile marketing <strong>Gianfranco Leonarduzzi<\/strong>, hanno sintetizzato le note salienti della maratona che lo scorso 28 marzo, per la terza edizione, ha idealmente collegato Cividale del Friuli e Aquileia, passando per Palmanova.<\/p>\n<p class=\"ui-droppable\" style=\"text-align: justify;\"> \t\u201c<em>Una maratona il giorno di Pasquetta <\/em>\u2013 hanno spiegato i responsabili del Comitato organizzatore dell\u2019Unesco Cities Marathon \u2013<em> era una sfida da titani<\/em>. <em>Ma ce l\u2019abbiamo fatta. Dobbiamo un grande grazie alle societ\u00e0 sportive e associazioni di volontariato che ci hanno affiancato. Abbiamo ricevuto tanti complimenti. Ormai siamo conosciuti per essere la maratona che chiude un casello autostradale e perch\u00e9 il percorso di gara, grazie ai piani predisposti dalla Protezione Civile e dalla Croce Rossa, \u00e8 completamente chiuso alle auto e in totale sicurezza per gli atleti. Stiamo crescendo: abbiamo un numero sempre pi\u00f9 elevato di partecipanti che proviene da fuori regione. La maratona provoca qualche disagio, ma \u00e8 una bellissima cartolina per l\u2019intero territorio friulano. Il prossimo obiettivo? Portare all\u2019Unesco Cities Marathon il campionato italiano militare<\/em>\u201d.<\/p>\n<p class=\"ui-droppable\" style=\"text-align: justify;\"> \tAppuntamento al 26 marzo 2017, nuovamente una domenica.<\/p>\n","protected":false},"excerpt":{"rendered":"<p>Assegnato il premio \u201cDonne per lo sport\u201d<\/p>\n","protected":false},"author":28,"featured_media":19583,"comment_status":"closed","ping_status":"closed","sticky":false,"template":"","format":"standard","meta":{"dwc-title":[],"dwc-content":[],"footnotes":""},"categories":[38],"tags":[],"class_list":["post-19582","post","type-post","status-publish","format-standard","has-post-thumbnail","hentry","category-sport"],"rttpg_featured_image_url":{"full":["https:\/\/imagazine.it\/wp-content\/uploads\/2024\/01\/13813-1.webp",750,569,false],"landscape":["https:\/\/imagazine.it\/wp-content\/uploads\/2024\/01\/13813-1.webp",750,569,false],"portraits":["https:\/\/imagazine.it\/wp-content\/uploads\/2024\/01\/13813-1.webp",750,569,false],"thumbnail":["https:\/\/imagazine.it\/wp-content\/uploads\/2024\/01\/13813-1-150x150.webp",150,150,true],"medium":["https:\/\/imagazine.it\/wp-content\/uploads\/2024\/01\/13813-1-300x228.webp",300,228,true],"large":["https:\/\/imagazine.it\/wp-content\/uploads\/2024\/01\/13813-1.webp",640,486,false],"thumblist":["https:\/\/imagazine.it\/wp-content\/uploads\/2024\/01\/13813-1.webp",300,228,false],"thumbrelated":["https:\/\/imagazine.it\/wp-content\/uploads\/2024\/01\/13813-1.webp",500,379,false],"meccarouselthumb":["https:\/\/imagazine.it\/wp-content\/uploads\/2024\/01\/13813-1.webp",427,324,false],"gridsquare":["https:\/\/imagazine.it\/wp-content\/uploads\/2024\/01\/13813-1.webp",343,260,false],"tileview":["https:\/\/imagazine.it\/wp-content\/uploads\/2024\/01\/13813-1.webp",300,228,false],"1536x1536":["https:\/\/imagazine.it\/wp-content\/uploads\/2024\/01\/13813-1.webp",750,569,false],"2048x2048":["https:\/\/imagazine.it\/wp-content\/uploads\/2024\/01\/13813-1.webp",750,569,false],"newsup-slider-full":["https:\/\/imagazine.it\/wp-content\/uploads\/2024\/01\/13813-1.webp",750,569,false],"newsup-featured":["https:\/\/imagazine.it\/wp-content\/uploads\/2024\/01\/13813-1.webp",750,569,false],"newsup-medium":["https:\/\/imagazine.it\/wp-content\/uploads\/2024\/01\/13813-1-720x380.webp",720,380,true],"tptn_thumbnail":["https:\/\/imagazine.it\/wp-content\/uploads\/2024\/01\/13813-1.webp",250,190,false],"sow-carousel-default":["https:\/\/imagazine.it\/wp-content\/uploads\/2024\/01\/13813-1-272x182.webp",272,182,true]},"rttpg_author":{"display_name":"redazione","author_link":"https:\/\/imagazine.it\/home_desk\/author\/redazione\/"},"rttpg_comment":0,"rttpg_category":"<a href=\"https:\/\/imagazine.it\/home_desk\/category\/sport\/\" rel=\"category tag\">SPORT<\/a>","rttpg_excerpt":"Assegnato il premio \u201cDonne per lo sport\u201d","_links":{"self":[{"href":"https:\/\/imagazine.it\/home_desk\/wp-json\/wp\/v2\/posts\/19582","targetHints":{"allow":["GET"]}}],"collection":[{"href":"https:\/\/imagazine.it\/home_desk\/wp-json\/wp\/v2\/posts"}],"about":[{"href":"https:\/\/imagazine.it\/home_desk\/wp-json\/wp\/v2\/types\/post"}],"author":[{"embeddable":true,"href":"https:\/\/imagazine.it\/home_desk\/wp-json\/wp\/v2\/users\/28"}],"replies":[{"embeddable":true,"href":"https:\/\/imagazine.it\/home_desk\/wp-json\/wp\/v2\/comments?post=19582"}],"version-history":[{"count":0,"href":"https:\/\/imagazine.it\/home_desk\/wp-json\/wp\/v2\/posts\/19582\/revisions"}],"wp:featuredmedia":[{"embeddable":true,"href":"https:\/\/imagazine.it\/home_desk\/wp-json\/wp\/v2\/media\/19583"}],"wp:attachment":[{"href":"https:\/\/imagazine.it\/home_desk\/wp-json\/wp\/v2\/media?parent=19582"}],"wp:term":[{"taxonomy":"category","embeddable":true,"href":"https:\/\/imagazine.it\/home_desk\/wp-json\/wp\/v2\/categories?post=19582"},{"taxonomy":"post_tag","embeddable":true,"href":"https:\/\/imagazine.it\/home_desk\/wp-json\/wp\/v2\/tags?post=19582"}],"curies":[{"name":"wp","href":"https:\/\/api.w.org\/{rel}","templated":true}]}}