{"id":19576,"date":"2016-04-15T00:00:00","date_gmt":"2016-04-14T23:00:00","guid":{"rendered":"https:\/\/imagazine.it\/?p=19576"},"modified":"2016-04-15T00:00:00","modified_gmt":"2016-04-14T23:00:00","slug":"loriente-e-lamerica-latina-a-gradisca","status":"publish","type":"post","link":"https:\/\/imagazine.it\/home_desk\/loriente-e-lamerica-latina-a-gradisca\/","title":{"rendered":"L&#8217;Oriente e l&#8217;America Latina a Gradisca"},"content":{"rendered":"<p class=\"ui-droppable\" style=\"text-align: justify;\"> \tUn autentico viaggio sensoriale, che colloca la cittadina di Gradisca d\u2019Isonzo al di l\u00e0 dei confini europei, facendola incontrare e interagire con le culture, le storie e le tradizioni musicali dei 5 continenti. Dal 22 aprile al 1 maggio Gradisca ospiter\u00e0 l\u2019edizione 2016 dell\u2019Ethnic Festival (quest\u2019anno focus sulla conoscenza e sull\u2019Oriente).<\/p>\n<\/p>\n<p class=\"ui-droppable\" style=\"text-align: justify;\"> \tLa manifestazione, organizzata dall\u2019associazione Nuovi Universi Etnici, presieduta da <strong>Lucio Vittor<\/strong>, in collaborazione con il sodalizio cervignanese Progetto Futuro, \u00e8 stata presentata, questa mattina, nella sala consiliare del municipio di Gradisca, alla presenza del sindaco <strong>Linda Tomasinig<\/strong>, del vicesindaco <strong>Enzo Boscarol<\/strong>, dell\u2019assessore comunale al commercio <strong>David Cernic<\/strong>, del presidente di Progetto Futuro, <strong>Luca Furios<\/strong>, e del coordinatore degli eventi culturali, <strong>Andrea Berton<\/strong>. Un momento di confronto e di scambio tra culture ma anche un\u2019occasione per degustare cibi e bevande di tutto il mondo, assistere a spettacoli di artisti nazionali e internazionali e approfondire le proprie conoscenze grazie al contributo di esperti conoscitori delle tradizioni, degli usi e dei costumi dei vari popoli. I visitatori, che potranno curiosare tra gli stand allestiti in piazza Unit\u00e0, saranno accompagnati in un percorso interculturale che \u00e8 propedeutico anche alla crescita economica del territorio.<\/p>\n<p class=\"ui-droppable\" style=\"text-align: justify;\"> \tTra gli eventi principali inseriti in calendario ci sono la \u201cNotte del Mundialito\u201d e la \u201cNotte bianca\u201d. La novit\u00e0 del 2016 sar\u00e0 la \u201cNotte rosa\u201d, gioved\u00ec 28 aprile, dedicata alle donne e alla bellezza. Quest\u2019anno, per la prima volta, \u00e8 stata inserita nel programma la premiazione delle atlete del \u201cTorneo femminile delle Nazioni 2016\u201d e c\u2019\u00e8 attesa per la partecipazione della squadra femminile dell\u2019Iran. Si comincer\u00e0 venerd\u00ec 22 aprile con la cerimonia di inaugurazione, alle 19, nella piazza principale di Gradisca, alla presenza delle autorit\u00e0. A partire dalle 17 e fino alle 23 saranno proposte esibizioni di danza e balli multietnici. Non mancheranno angoli dedicati agli articoli orientali e approfondimenti con esperti. Sabato 23 aprile, dalle 10 alle 22, giornata dedicata ai Caraibi e alla cultura caraibica. Oltre ai balli di gruppo, alle esibizioni di danza e all\u2019animazione per bambini e adulti, nell\u2019arco della giornata sar\u00e0 possibile assistere a dimostrazioni di cucina e degustazioni. Domenica 24 aprile la \u201cNotte del Mundialito\u201d movimenter\u00e0 il \u201cvillaggio\u201d Ethnic, allestito in piazza Unit\u00e0. Il programma di luned\u00ec 25 aprile sar\u00e0 interamente dedicato all\u2019Oriente. La giornata sar\u00e0 all\u2019insegna dello yoga e del suono delle campane tibetane. Gioved\u00ec 28 aprile spazio alle donne e alla bellezza, con dibattiti e approfondimenti sulla condizione femminile a cura di Fare Donna Fvg. In programma anche la premiazione delle squadre femminili del \u201cTorneo delle Nazioni\u201d. Saranno anche eletti \u201cMiss e Mister Ethnic Festival 2016\u201d.<\/p>\n<p class=\"ui-droppable\" style=\"text-align: justify;\"> \tVenerd\u00ec 29 aprile occhi puntati sul Medio Oriente. Ospiti d\u2019onore le campionesse mondiali di danza del ventre del Club Sunshine. Sabato 30 aprile la \u201cNotte Bianca\u201d sar\u00e0 un\u2019occasione per vivere Gradisca fino a tarda sera grazie ai numerosi stand multietnici, musica dal vivo, e orari d\u2019apertura prolungati nei negozi del centro e nei locali pubblici. Sempre sabato, nel pomeriggio, interventi culturali sull\u2019induismo. Nel villaggio globale di Ethnic festival saranno tante le attivit\u00e0 collegate alle cucine tipiche dei cinque continenti. I ragazzi dell\u2019Istituto Stringher di Udine si diletteranno nello show cooking, rinnovando una felice partnership avviata da diversi anni in occasione di Chocofest. Domenica 1 maggio, infine, dalle 15 alle 20, appuntamento con la musica live e il contest riservato alle giovani band del territorio. Tutto il programma della rassegna \u00e8 su Facebook, alla pagina Ethnic Festival Gradisca d\u2019Isonzo. Per informazioni \u00e8 possibile visitare la pagina Facebook, alla pagina Ethnic Festival Gradisca d\u2019Isonzo, oppure il sito internet <a href=\"http:\/\/www.ethnicfestival.it\/\" target=\"_blank\" rel=\"noopener\">www.ethnicfestival.it<\/a>.<\/p>\n","protected":false},"excerpt":{"rendered":"<p>Presentato &#8220;Ethnic Festival&#8221;<\/p>\n","protected":false},"author":28,"featured_media":19577,"comment_status":"closed","ping_status":"closed","sticky":false,"template":"","format":"standard","meta":{"dwc-title":[],"dwc-content":[],"footnotes":""},"categories":[37],"tags":[],"class_list":["post-19576","post","type-post","status-publish","format-standard","has-post-thumbnail","hentry","category-cultura-e-spettacolo"],"rttpg_featured_image_url":{"full":["https:\/\/imagazine.it\/wp-content\/uploads\/2024\/01\/13797-1.webp",750,505,false],"landscape":["https:\/\/imagazine.it\/wp-content\/uploads\/2024\/01\/13797-1.webp",750,505,false],"portraits":["https:\/\/imagazine.it\/wp-content\/uploads\/2024\/01\/13797-1.webp",750,505,false],"thumbnail":["https:\/\/imagazine.it\/wp-content\/uploads\/2024\/01\/13797-1-150x150.webp",150,150,true],"medium":["https:\/\/imagazine.it\/wp-content\/uploads\/2024\/01\/13797-1-300x202.webp",300,202,true],"large":["https:\/\/imagazine.it\/wp-content\/uploads\/2024\/01\/13797-1.webp",640,431,false],"thumblist":["https:\/\/imagazine.it\/wp-content\/uploads\/2024\/01\/13797-1.webp",300,202,false],"thumbrelated":["https:\/\/imagazine.it\/wp-content\/uploads\/2024\/01\/13797-1.webp",500,337,false],"meccarouselthumb":["https:\/\/imagazine.it\/wp-content\/uploads\/2024\/01\/13797-1.webp",474,319,false],"gridsquare":["https:\/\/imagazine.it\/wp-content\/uploads\/2024\/01\/13797-1.webp",386,260,false],"tileview":["https:\/\/imagazine.it\/wp-content\/uploads\/2024\/01\/13797-1.webp",300,202,false],"1536x1536":["https:\/\/imagazine.it\/wp-content\/uploads\/2024\/01\/13797-1.webp",750,505,false],"2048x2048":["https:\/\/imagazine.it\/wp-content\/uploads\/2024\/01\/13797-1.webp",750,505,false],"newsup-slider-full":["https:\/\/imagazine.it\/wp-content\/uploads\/2024\/01\/13797-1.webp",750,505,false],"newsup-featured":["https:\/\/imagazine.it\/wp-content\/uploads\/2024\/01\/13797-1.webp",750,505,false],"newsup-medium":["https:\/\/imagazine.it\/wp-content\/uploads\/2024\/01\/13797-1-720x380.webp",720,380,true],"tptn_thumbnail":["https:\/\/imagazine.it\/wp-content\/uploads\/2024\/01\/13797-1.webp",250,168,false],"sow-carousel-default":["https:\/\/imagazine.it\/wp-content\/uploads\/2024\/01\/13797-1-272x182.webp",272,182,true]},"rttpg_author":{"display_name":"redazione","author_link":"https:\/\/imagazine.it\/home_desk\/author\/redazione\/"},"rttpg_comment":0,"rttpg_category":"<a href=\"https:\/\/imagazine.it\/home_desk\/category\/cultura-e-spettacolo\/\" rel=\"category tag\">CULTURA&amp;SPETTACOLO<\/a>","rttpg_excerpt":"Presentato \"Ethnic Festival\"","_links":{"self":[{"href":"https:\/\/imagazine.it\/home_desk\/wp-json\/wp\/v2\/posts\/19576","targetHints":{"allow":["GET"]}}],"collection":[{"href":"https:\/\/imagazine.it\/home_desk\/wp-json\/wp\/v2\/posts"}],"about":[{"href":"https:\/\/imagazine.it\/home_desk\/wp-json\/wp\/v2\/types\/post"}],"author":[{"embeddable":true,"href":"https:\/\/imagazine.it\/home_desk\/wp-json\/wp\/v2\/users\/28"}],"replies":[{"embeddable":true,"href":"https:\/\/imagazine.it\/home_desk\/wp-json\/wp\/v2\/comments?post=19576"}],"version-history":[{"count":0,"href":"https:\/\/imagazine.it\/home_desk\/wp-json\/wp\/v2\/posts\/19576\/revisions"}],"wp:featuredmedia":[{"embeddable":true,"href":"https:\/\/imagazine.it\/home_desk\/wp-json\/wp\/v2\/media\/19577"}],"wp:attachment":[{"href":"https:\/\/imagazine.it\/home_desk\/wp-json\/wp\/v2\/media?parent=19576"}],"wp:term":[{"taxonomy":"category","embeddable":true,"href":"https:\/\/imagazine.it\/home_desk\/wp-json\/wp\/v2\/categories?post=19576"},{"taxonomy":"post_tag","embeddable":true,"href":"https:\/\/imagazine.it\/home_desk\/wp-json\/wp\/v2\/tags?post=19576"}],"curies":[{"name":"wp","href":"https:\/\/api.w.org\/{rel}","templated":true}]}}