{"id":19494,"date":"2016-04-04T00:00:00","date_gmt":"2016-04-03T23:00:00","guid":{"rendered":"https:\/\/imagazine.it\/?p=19494"},"modified":"2016-04-04T00:00:00","modified_gmt":"2016-04-03T23:00:00","slug":"udine-e-i-suoi-destini-in-cinque-quartieri","status":"publish","type":"post","link":"https:\/\/imagazine.it\/home_desk\/udine-e-i-suoi-destini-in-cinque-quartieri\/","title":{"rendered":"Udine e i suoi destini in cinque quartieri"},"content":{"rendered":"<p style=\"text-align: justify;\" class=\"ui-droppable\"> \tOtto spettacoli che torneranno a far incontrare i quartieri della citt\u00e0 di Udine con il teatro professionale per un connubio di successo e che sta diventando un tratto distintivo del capoluogo friulano.<\/p>\n<p style=\"text-align: justify;\" class=\"ui-droppable\"> \tSta per aprirsi, infatti, la seconda parte di \u201cDestini\u201d, la stagione 2015\/2016 di\u00a0\u00a0Teatro Sosta Urbana, che ha portato nei luoghi meno consueti della citt\u00e0 il meglio della scena regionale e alcuni lavori del teatro di ricerca in Italia.<\/p>\n<p style=\"text-align: justify;\" class=\"ui-droppable\"> \tDal 9 aprile al 30 giugno, si susseguiranno 8 appuntamenti in cinque quartieri: 6 spettacoli teatrali (di cui uno di burattini dedicato a bambini e genitori), un incontro con gli autori e un laboratorio in biblioteca per famiglie. Quattro le prime regionali in programma: arriveranno da Milano, Forl\u00ec e Vicenza, mentre la quarta sar\u00e0 una prima assoluta, che vedr\u00e0 in scena uno degli artisti udinesi del collettivo che ha ideato la rassegna.<\/p>\n<p style=\"text-align: justify;\" class=\"ui-droppable\"> \tTutti gli eventi proseguiranno l\u2019indagine sui \u201cDestini\u201d, dopo i positivi riscontri degli spettacoli che hanno caratterizzato la prima parte del cartellone, mettendo in scena storie che raccontano: il \u201clento e pianificato omicidio\u201d perpetrato mandando al fronte nella I Guerra Mondiale milioni di giovani ignari (\u201cIl sale della terra\u201d, il 9 aprile al Circolo dei Sardi di Udine, via delle scuole 13, ore 21); la \u201csignora Morte\u201d che accoglie le anime sulla soglia dell\u2019Aldil\u00e0 (\u201cSulla morte senza esagerare\u201d, 16 aprile); un clown che, abbondonato dalla sua amata, si ribella disertando la societ\u00e0 in cui vive (\u201cMisfit like a clown\u201d, 30 aprile); due giovani partigiane unite e poi divise da un segreto legato alla Resistenza (\u201cLiberazione\u201d, 23 giugno); due amici, che perduto tutto a causa della crisi, cercano altre vie per arrivare fino a sera (\u201cDue allegri vagabondi\u201d, 30 giugno).<\/p>\n<p style=\"text-align: justify;\" class=\"ui-droppable\"> \t\u201cTSU siamo noi nel senso di tutti quelli che stanno dietro, davanti alle quinte, ma anche di lato, sopra e sotto\u201d, afferma il direttore artistico <strong>Andrea Collavino<\/strong>, spiegando che la rassegna \u201c\u00e8 un\u2019idea con tante dimensioni, con al centro la gente, perch\u00e9 questo \u00e8 l\u2019obiettivo per il quale si lavora\u201d.<\/p>\n<p style=\"text-align: justify;\" class=\"ui-droppable\"> \tE sul senso della stagione intervengono anche le altre componenti del collettivo artistico ideatore del programma. Una porta aperta \u201csul mondo reale, un luogo dove sostare e scambiare esperienze e un\u2019occasione di condivisione umana\u201d, sottolinea <strong>Nicoletta Oscuro<\/strong> e <strong>Serena Di Blasio<\/strong> aggiunge: \u201cSiamo una realt\u00e0 dei quartieri, composta da artisti impegnati, presenti e attivi sul territorio. Consapevoli del ruolo che citt\u00e0, Regione ed enti locali ci riconoscono \u2013 prosegue \u2013 lavoriamo secondo un\u2019idea di crescita ecologica nella trasparenza del dire\u201d.<\/p>\n<p style=\"text-align: justify;\" class=\"ui-droppable\"> \tTSU seconda parte \u201cfar\u00e0 sosta in cinque quartieri per coinvolgere il pubblico degli adulti, ma anche giovani, bambini e famiglie\u201d, evidenziano <strong>Caterina Di Fant<\/strong> e <strong>Valentina Rivelli<\/strong>, che con Serena Di Blasio formano il Teatro della Sete, sodalizio che realizza la rassegna in collaborazione con il\u00a0<strong>Comune di Udine<\/strong>\u00a0\u2013 assessorati alla Cultura e al Decentramento \u2013\u00a0con il\u00a0sostegno di\u00a0<strong>Regione e Fondazione Crup,\u00a0<\/strong>nell\u2019ambito del bando arti sceniche. TSU, infatti, \u00e8 uno dei progetti vincitori di questo bando della Fondazione, passato al vaglio di giuria molto severa e qualificata.<\/p>\n","protected":false},"excerpt":{"rendered":"<p>Rassegna &#8220;Teatro Sosta Urbana&#8221;<\/p>\n","protected":false},"author":28,"featured_media":19495,"comment_status":"closed","ping_status":"closed","sticky":false,"template":"","format":"standard","meta":{"dwc-title":[],"dwc-content":[],"footnotes":""},"categories":[37],"tags":[],"class_list":["post-19494","post","type-post","status-publish","format-standard","has-post-thumbnail","hentry","category-cultura-e-spettacolo"],"rttpg_featured_image_url":{"full":["https:\/\/imagazine.it\/wp-content\/uploads\/2024\/01\/13582-1.webp",750,499,false],"landscape":["https:\/\/imagazine.it\/wp-content\/uploads\/2024\/01\/13582-1.webp",750,499,false],"portraits":["https:\/\/imagazine.it\/wp-content\/uploads\/2024\/01\/13582-1.webp",750,499,false],"thumbnail":["https:\/\/imagazine.it\/wp-content\/uploads\/2024\/01\/13582-1-150x150.webp",150,150,true],"medium":["https:\/\/imagazine.it\/wp-content\/uploads\/2024\/01\/13582-1-300x200.webp",300,200,true],"large":["https:\/\/imagazine.it\/wp-content\/uploads\/2024\/01\/13582-1.webp",640,426,false],"thumblist":["https:\/\/imagazine.it\/wp-content\/uploads\/2024\/01\/13582-1.webp",300,200,false],"thumbrelated":["https:\/\/imagazine.it\/wp-content\/uploads\/2024\/01\/13582-1.webp",500,333,false],"meccarouselthumb":["https:\/\/imagazine.it\/wp-content\/uploads\/2024\/01\/13582-1.webp",474,315,false],"gridsquare":["https:\/\/imagazine.it\/wp-content\/uploads\/2024\/01\/13582-1.webp",391,260,false],"tileview":["https:\/\/imagazine.it\/wp-content\/uploads\/2024\/01\/13582-1.webp",300,200,false],"1536x1536":["https:\/\/imagazine.it\/wp-content\/uploads\/2024\/01\/13582-1.webp",750,499,false],"2048x2048":["https:\/\/imagazine.it\/wp-content\/uploads\/2024\/01\/13582-1.webp",750,499,false],"newsup-slider-full":["https:\/\/imagazine.it\/wp-content\/uploads\/2024\/01\/13582-1.webp",750,499,false],"newsup-featured":["https:\/\/imagazine.it\/wp-content\/uploads\/2024\/01\/13582-1.webp",750,499,false],"newsup-medium":["https:\/\/imagazine.it\/wp-content\/uploads\/2024\/01\/13582-1-720x380.webp",720,380,true],"tptn_thumbnail":["https:\/\/imagazine.it\/wp-content\/uploads\/2024\/01\/13582-1.webp",250,166,false],"sow-carousel-default":["https:\/\/imagazine.it\/wp-content\/uploads\/2024\/01\/13582-1-272x182.webp",272,182,true]},"rttpg_author":{"display_name":"redazione","author_link":"https:\/\/imagazine.it\/home_desk\/author\/redazione\/"},"rttpg_comment":0,"rttpg_category":"<a href=\"https:\/\/imagazine.it\/home_desk\/category\/cultura-e-spettacolo\/\" rel=\"category tag\">CULTURA&amp;SPETTACOLO<\/a>","rttpg_excerpt":"Rassegna \"Teatro Sosta Urbana\"","_links":{"self":[{"href":"https:\/\/imagazine.it\/home_desk\/wp-json\/wp\/v2\/posts\/19494","targetHints":{"allow":["GET"]}}],"collection":[{"href":"https:\/\/imagazine.it\/home_desk\/wp-json\/wp\/v2\/posts"}],"about":[{"href":"https:\/\/imagazine.it\/home_desk\/wp-json\/wp\/v2\/types\/post"}],"author":[{"embeddable":true,"href":"https:\/\/imagazine.it\/home_desk\/wp-json\/wp\/v2\/users\/28"}],"replies":[{"embeddable":true,"href":"https:\/\/imagazine.it\/home_desk\/wp-json\/wp\/v2\/comments?post=19494"}],"version-history":[{"count":0,"href":"https:\/\/imagazine.it\/home_desk\/wp-json\/wp\/v2\/posts\/19494\/revisions"}],"wp:featuredmedia":[{"embeddable":true,"href":"https:\/\/imagazine.it\/home_desk\/wp-json\/wp\/v2\/media\/19495"}],"wp:attachment":[{"href":"https:\/\/imagazine.it\/home_desk\/wp-json\/wp\/v2\/media?parent=19494"}],"wp:term":[{"taxonomy":"category","embeddable":true,"href":"https:\/\/imagazine.it\/home_desk\/wp-json\/wp\/v2\/categories?post=19494"},{"taxonomy":"post_tag","embeddable":true,"href":"https:\/\/imagazine.it\/home_desk\/wp-json\/wp\/v2\/tags?post=19494"}],"curies":[{"name":"wp","href":"https:\/\/api.w.org\/{rel}","templated":true}]}}