{"id":19486,"date":"2016-04-04T00:00:00","date_gmt":"2016-04-03T23:00:00","guid":{"rendered":"https:\/\/imagazine.it\/?p=19486"},"modified":"2016-04-04T00:00:00","modified_gmt":"2016-04-03T23:00:00","slug":"pro-loco-fvg-pezzarini-confermato-presidente","status":"publish","type":"post","link":"https:\/\/imagazine.it\/home_desk\/pro-loco-fvg-pezzarini-confermato-presidente\/","title":{"rendered":"Pro Loco FVG, Pezzarini confermato presidente"},"content":{"rendered":"<p class=\"ui-droppable\" style=\"text-align: justify;\"> \tI rappresentanti di 234 Pro Loco del Friuli Venezia Giulia, che insieme vantano oltre 22 mila volontari, si sono riuniti a Pozzuolo del Friuli per l\u2019assemblea annuale del Comitato del Friuli Venezia Giulia dell\u2019Unione nazionale Pro Loco d\u2019Italia. All&#39;ordine del giorno l&#39;approvazione del bilancio 2015 e l\u2019elezione del nuovo direttivo, con la riconferma per un secondo mandato quadriennale del presidente uscente <strong>Valter Pezzarini<\/strong>. \u201cLo scorso anno &#8211; ha sottolineato &#8211; gli eventi organizzati dalle nostre Pro Loco hanno registrato un +25% di presenze, segno di un richiamo qualitativo che continua a crescere. Siamo una forza positiva, con tante persone di ogni et\u00e0 impegnate per tutti i mesi dell\u2019anno nelle rispettive comunit\u00e0: siamo il valore aggiunto, il collante sociale, una risorsa per ogni nostro paese\u201d.<\/p>\n<\/p>\n<p class=\"ui-droppable\" style=\"text-align: justify;\"> \tPresente il vicepresidente della Regione Friuli Venezia Giulia <strong>Sergio Bolzonello<\/strong>: &#8220;Le Pro Loco &#8211; ha dichiarato &#8211; sono una spina dorsale del sistema del volontariato, ricreativo e turistico del Friuli Venezia Giulia. Grande apprezzamento per il lavoro dei volontari e l&#39;operato della squadra del presidente Pezzarini in questi quattro anni in cui hanno risanato il bilancio e dato solidit\u00e0 a questo movimento fondamentale per la comunit\u00e0 regionale. Con le nuove leggi regionali su commercio e turismo l&#39;asticella della qualit\u00e0 si alzer\u00e0 e\u00a0siamo pronti a continuare il lavoro sinergico con le Pro Loco, che invito ad ampliare anche la loro funzione di welfare sociale soprattutto nei piccoli centri&#8221;.<\/p>\n<p class=\"ui-droppable\" style=\"text-align: justify;\"> \tBolzonello e Pezzarini, poi, ha fatto un plauso alla Pro Loco di Valle di Soffumbergo che ha rifiutato contributi pubblici per ricostruire il magazzino recentemente distrutto da un incendio doloso, chiedendo che quei soldi servano per interventi sociali sul territorio.<\/p>\n<p class=\"ui-droppable\" style=\"text-align: justify;\"> \tCon l\u2019occasione sono stati anche ricordati i 30 anni dalla fondazione della Pro Loco di Pozzuolo.<\/p>\n<p class=\"ui-droppable\" style=\"text-align: justify;\"> \tAll\u2019assemblea sono intervenuti anche <strong>Enrico Faes<\/strong>, presidente dell\u2019Unpli Trentino con il quale il Comitato del Friuli Venezia Giulia collabora da tempo; <strong>Silvano Bertossi<\/strong>, presidente del Consorzio Sericus e delegato della Pro Loco Pozzuolo del Friuli che con <strong>Massimiliano Pozzo<\/strong>, vicesindaco di Pozzuolo, ha lanciato un appello contro la troppa burocrazia che &#8220;soffoca&#8221; le Pro Loco; <strong>Luigino Nazzi<\/strong> dirigente scolastico dell\u2019IPSAA di Pozzuolo attivo da 135 anni.\u00a0<\/p>\n<\/p>\n<p class=\"ui-droppable\" style=\"text-align: justify;\"> \tHanno portato il loro saluto, a testimonianza della collaborazione pluriennale che lega le loro istituzioni al Comitato, <strong>Piero Colussi<\/strong>, sovrintendente Azienda Speciale Villa Manin; <strong>Federico Vicario<\/strong>, presidente Societ\u00e0 Filologica Friulana; <strong>Oldino Cernoia<\/strong>, vicepresidente vicario Fondazione CRUP. Presenti anche i consiglieri regionali <strong>Vittorino Boem<\/strong> ed <strong>Ennio Agnola<\/strong>.<\/p>\n<p class=\"ui-droppable\" style=\"text-align: justify;\"> \tApplausi anche ai membri del direttivo uscente, tra i quali il vicepresidente <strong>Antonio Tesolin<\/strong>, per il lavoro svolto insieme a Pezzarini e al consigliere rappresentante nell&#39;Unpli nazionale <strong>Marco Specia<\/strong>. Presenti anche il vicepresidente nazionale Unpli <strong>Mauro Giannarelli<\/strong> e il segretario <strong>Roberto Prescendi<\/strong>. La relazione del collegio dei revisori dei conti \u00e8 stata effettuata dal presidente del collegio <strong>Maurizio Rosa<\/strong>.<\/p>\n","protected":false},"excerpt":{"rendered":"<p>Assemblea a Pozzuolo<\/p>\n","protected":false},"author":28,"featured_media":19487,"comment_status":"closed","ping_status":"closed","sticky":false,"template":"","format":"standard","meta":{"dwc-title":[],"dwc-content":[],"footnotes":""},"categories":[5],"tags":[],"class_list":["post-19486","post","type-post","status-publish","format-standard","has-post-thumbnail","hentry","category-attualita"],"rttpg_featured_image_url":{"full":["https:\/\/imagazine.it\/wp-content\/uploads\/2024\/01\/13568-1.webp",750,513,false],"landscape":["https:\/\/imagazine.it\/wp-content\/uploads\/2024\/01\/13568-1.webp",750,513,false],"portraits":["https:\/\/imagazine.it\/wp-content\/uploads\/2024\/01\/13568-1.webp",750,513,false],"thumbnail":["https:\/\/imagazine.it\/wp-content\/uploads\/2024\/01\/13568-1-150x150.webp",150,150,true],"medium":["https:\/\/imagazine.it\/wp-content\/uploads\/2024\/01\/13568-1-300x205.webp",300,205,true],"large":["https:\/\/imagazine.it\/wp-content\/uploads\/2024\/01\/13568-1.webp",640,438,false],"thumblist":["https:\/\/imagazine.it\/wp-content\/uploads\/2024\/01\/13568-1.webp",300,205,false],"thumbrelated":["https:\/\/imagazine.it\/wp-content\/uploads\/2024\/01\/13568-1.webp",500,342,false],"meccarouselthumb":["https:\/\/imagazine.it\/wp-content\/uploads\/2024\/01\/13568-1.webp",474,324,false],"gridsquare":["https:\/\/imagazine.it\/wp-content\/uploads\/2024\/01\/13568-1.webp",380,260,false],"tileview":["https:\/\/imagazine.it\/wp-content\/uploads\/2024\/01\/13568-1.webp",300,205,false],"1536x1536":["https:\/\/imagazine.it\/wp-content\/uploads\/2024\/01\/13568-1.webp",750,513,false],"2048x2048":["https:\/\/imagazine.it\/wp-content\/uploads\/2024\/01\/13568-1.webp",750,513,false],"newsup-slider-full":["https:\/\/imagazine.it\/wp-content\/uploads\/2024\/01\/13568-1.webp",750,513,false],"newsup-featured":["https:\/\/imagazine.it\/wp-content\/uploads\/2024\/01\/13568-1.webp",750,513,false],"newsup-medium":["https:\/\/imagazine.it\/wp-content\/uploads\/2024\/01\/13568-1-720x380.webp",720,380,true],"tptn_thumbnail":["https:\/\/imagazine.it\/wp-content\/uploads\/2024\/01\/13568-1.webp",250,171,false],"sow-carousel-default":["https:\/\/imagazine.it\/wp-content\/uploads\/2024\/01\/13568-1-272x182.webp",272,182,true]},"rttpg_author":{"display_name":"redazione","author_link":"https:\/\/imagazine.it\/home_desk\/author\/redazione\/"},"rttpg_comment":0,"rttpg_category":"<a href=\"https:\/\/imagazine.it\/home_desk\/category\/attualita\/\" rel=\"category tag\">ATTUALIT\u00c0<\/a>","rttpg_excerpt":"Assemblea a Pozzuolo","_links":{"self":[{"href":"https:\/\/imagazine.it\/home_desk\/wp-json\/wp\/v2\/posts\/19486","targetHints":{"allow":["GET"]}}],"collection":[{"href":"https:\/\/imagazine.it\/home_desk\/wp-json\/wp\/v2\/posts"}],"about":[{"href":"https:\/\/imagazine.it\/home_desk\/wp-json\/wp\/v2\/types\/post"}],"author":[{"embeddable":true,"href":"https:\/\/imagazine.it\/home_desk\/wp-json\/wp\/v2\/users\/28"}],"replies":[{"embeddable":true,"href":"https:\/\/imagazine.it\/home_desk\/wp-json\/wp\/v2\/comments?post=19486"}],"version-history":[{"count":0,"href":"https:\/\/imagazine.it\/home_desk\/wp-json\/wp\/v2\/posts\/19486\/revisions"}],"wp:featuredmedia":[{"embeddable":true,"href":"https:\/\/imagazine.it\/home_desk\/wp-json\/wp\/v2\/media\/19487"}],"wp:attachment":[{"href":"https:\/\/imagazine.it\/home_desk\/wp-json\/wp\/v2\/media?parent=19486"}],"wp:term":[{"taxonomy":"category","embeddable":true,"href":"https:\/\/imagazine.it\/home_desk\/wp-json\/wp\/v2\/categories?post=19486"},{"taxonomy":"post_tag","embeddable":true,"href":"https:\/\/imagazine.it\/home_desk\/wp-json\/wp\/v2\/tags?post=19486"}],"curies":[{"name":"wp","href":"https:\/\/api.w.org\/{rel}","templated":true}]}}