{"id":19440,"date":"2016-03-25T00:00:00","date_gmt":"2016-03-24T23:00:00","guid":{"rendered":"https:\/\/imagazine.it\/?p=19440"},"modified":"2016-03-25T00:00:00","modified_gmt":"2016-03-24T23:00:00","slug":"citta-del-vino-casarsa-si-gemella-con-magione","status":"publish","type":"post","link":"https:\/\/imagazine.it\/home_desk\/citta-del-vino-casarsa-si-gemella-con-magione\/","title":{"rendered":"Citt\u00e0 del Vino, Casarsa si gemella con Magione"},"content":{"rendered":"<p style=\"text-align: justify;\" class=\"ui-droppable\"> \tIn arrivo l&#8217;edizione numero 68 della <em>Sagra del Vino<\/em> di Casarsa della Delizia in programma dal 21 aprile al 2 maggio: manca meno di un mese all&#8217;inizio della tradizionale festa di primavera ed \u00e8 ufficialmente partito il conto alla rovescia. Tra le prime anticipazioni a trapelare quella del gemellaggio tra Citt\u00e0 del Vino, che ogni anno porta a Casarsa una realt\u00e0 che fa parte dell\u2019omonima associazione nazionale di cui pure la stessa cittadina di Pasolini e la sua Pro Loco sono membri. Un\u2019occasione per assaporare sapori tipici e promuovere in maniera congiunta l\u2019enoturismo di qualit\u00e0.<\/p>\n<p style=\"text-align: justify;\" class=\"ui-droppable\"> \tQuest\u2019anno toccher\u00e0 a Magione, antico borgo in provincia di Perugia situato sulle colline che circondano il lago Trasimeno. Qui la coltura della vite \u00e8 antichissima perch\u00e9 le alture favoriscono l\u2019esposizione della vite ai raggi del sole e il clima lacustre mitiga i rigori dell\u2019inverno. Tra i vini pi\u00f9 noti il <em>Greghetto<\/em>, bianco fresco e fragrante.<\/p>\n<p style=\"text-align: justify;\" class=\"ui-droppable\"> \t\u201cUna terra antica e dalle eccellenze enogastronomiche uniche &#8211; dichiara la sindaca di Casarsa della Delizia <strong>Lavinia Clarotto<\/strong>, che nella sua amministrazione \u00e8 la referente comunale per le Citt\u00e0 del Vino -: questo nuovo legame aggiunge un tassello in pi\u00f9 alla \u201cmappa\u201d dei gemellaggi del vino che permettono a Casarsa, anno dopo anno, di stringere rapporti sempre pi\u00f9 stretti e proficui con varie realt\u00e0 italiane aderenti all\u2019associazione nazionale. Da parte nostra mostreremo alla delegazione di Magione storia ed eccellenze casarsesi, i nostri vini e le memorie culturali legate alla figura di Pasolini: crediamo nel valore, anche culturale, dell&#8217;enoturismo\u201d.<\/p>\n<p style=\"text-align: justify;\" class=\"ui-droppable\"> \tLa delegazione umbra sar\u00e0 presente a Casarsa della Delizia il 23 e 24 aprile. I suoi vini saranno degustabili nell\u2019enoteca della Sagra, i sapori in uno stand nell\u2019area dei mercatini e, clou del programma, la sera di sabato 23 aprile all\u2019hotel ristorante Al Posta si terr\u00e0 una cena con l\u2019intero men\u00f9 dedicato a Magione. Oltre ai vini, saranno protagonisti altre due specialit\u00e0 del borgo sul Trasimeno: l\u2019olio e il pesce del lago.<\/p>\n<p style=\"text-align: justify;\" class=\"ui-droppable\"> \t\u201cPer la prima volta da quando abbiamo iniziato i gemellaggi &#8211; spiega <strong>Venanzio Francescutti<\/strong> ambasciatore delle Citt\u00e0 del Vino, viticoltore casarsese di casa a Magione dove amministra degli uliveti\u00a0 &#8211; potremo degustare del pesce, il quale sar\u00e0 portato in Friuli dalla cooperativa di pescatori di Magione, abbinandolo ai vini, tra i quali vanno ricordati anche il Trebbiano e diversi interessanti uvaggi. La Pro Loco di Magione proporr\u00e0 inoltre i noti sapori della norcineria umbra e grande spazio avr\u00e0 il loro pregiato olio extravergine di oliva, che per il suo sentore fruttato e il basso grado di acidit\u00e0 viene considerato tra i migliori di Italia. Quello dei gemellaggi \u00e8 un bel modo per conoscere ed esplorare la nostra meravigliosa Italia\u201d.<\/p>\n<p style=\"text-align: justify;\" class=\"ui-droppable\"> \tDurante i dodici giorni di festa della sagra saranno proposti come sempre appuntamenti culturali e culinari, con un unico grande protagonista: il vino. Il gruppo organizzatore \u00e8 al lavoro per un ricco calendario di eventi che sar\u00e0 presto ufficializzato, ma nel frattempo sono sicure la seconda edizione della Selezione Filari di Bolle che incoroner\u00e0 i migliori spumanti del Friuli Venezia Giulia e l\u2019ottava Maratonina Terre e Citt\u00e0 del Vino del 1\u00b0 maggio. La Sagra del Vino \u00e8 promossa dalla Pro Casarsa della Delizia insieme alla Citt\u00e0 di Casarsa della Delizia con il sostegno della cantina viticoltori friulani La Delizia e varie realt\u00e0 pubbliche e private.<\/p>\n","protected":false},"excerpt":{"rendered":"<p>Nuovo legame tra FVG e Umbria<\/p>\n","protected":false},"author":28,"featured_media":19441,"comment_status":"closed","ping_status":"closed","sticky":false,"template":"","format":"standard","meta":{"dwc-title":[],"dwc-content":[],"footnotes":""},"categories":[8],"tags":[],"class_list":["post-19440","post","type-post","status-publish","format-standard","has-post-thumbnail","hentry","category-turismo"],"rttpg_featured_image_url":{"full":["https:\/\/imagazine.it\/wp-content\/uploads\/2024\/01\/13468-1.webp",750,549,false],"landscape":["https:\/\/imagazine.it\/wp-content\/uploads\/2024\/01\/13468-1.webp",750,549,false],"portraits":["https:\/\/imagazine.it\/wp-content\/uploads\/2024\/01\/13468-1.webp",750,549,false],"thumbnail":["https:\/\/imagazine.it\/wp-content\/uploads\/2024\/01\/13468-1-150x150.webp",150,150,true],"medium":["https:\/\/imagazine.it\/wp-content\/uploads\/2024\/01\/13468-1-300x220.webp",300,220,true],"large":["https:\/\/imagazine.it\/wp-content\/uploads\/2024\/01\/13468-1.webp",640,468,false],"thumblist":["https:\/\/imagazine.it\/wp-content\/uploads\/2024\/01\/13468-1.webp",300,220,false],"thumbrelated":["https:\/\/imagazine.it\/wp-content\/uploads\/2024\/01\/13468-1.webp",500,366,false],"meccarouselthumb":["https:\/\/imagazine.it\/wp-content\/uploads\/2024\/01\/13468-1.webp",443,324,false],"gridsquare":["https:\/\/imagazine.it\/wp-content\/uploads\/2024\/01\/13468-1.webp",355,260,false],"tileview":["https:\/\/imagazine.it\/wp-content\/uploads\/2024\/01\/13468-1.webp",300,220,false],"1536x1536":["https:\/\/imagazine.it\/wp-content\/uploads\/2024\/01\/13468-1.webp",750,549,false],"2048x2048":["https:\/\/imagazine.it\/wp-content\/uploads\/2024\/01\/13468-1.webp",750,549,false],"newsup-slider-full":["https:\/\/imagazine.it\/wp-content\/uploads\/2024\/01\/13468-1.webp",750,549,false],"newsup-featured":["https:\/\/imagazine.it\/wp-content\/uploads\/2024\/01\/13468-1.webp",750,549,false],"newsup-medium":["https:\/\/imagazine.it\/wp-content\/uploads\/2024\/01\/13468-1-720x380.webp",720,380,true],"tptn_thumbnail":["https:\/\/imagazine.it\/wp-content\/uploads\/2024\/01\/13468-1.webp",250,183,false],"sow-carousel-default":["https:\/\/imagazine.it\/wp-content\/uploads\/2024\/01\/13468-1-272x182.webp",272,182,true]},"rttpg_author":{"display_name":"redazione","author_link":"https:\/\/imagazine.it\/home_desk\/author\/redazione\/"},"rttpg_comment":0,"rttpg_category":"<a href=\"https:\/\/imagazine.it\/home_desk\/category\/turismo\/\" rel=\"category tag\">TURISMO<\/a>","rttpg_excerpt":"Nuovo legame tra FVG e Umbria","_links":{"self":[{"href":"https:\/\/imagazine.it\/home_desk\/wp-json\/wp\/v2\/posts\/19440","targetHints":{"allow":["GET"]}}],"collection":[{"href":"https:\/\/imagazine.it\/home_desk\/wp-json\/wp\/v2\/posts"}],"about":[{"href":"https:\/\/imagazine.it\/home_desk\/wp-json\/wp\/v2\/types\/post"}],"author":[{"embeddable":true,"href":"https:\/\/imagazine.it\/home_desk\/wp-json\/wp\/v2\/users\/28"}],"replies":[{"embeddable":true,"href":"https:\/\/imagazine.it\/home_desk\/wp-json\/wp\/v2\/comments?post=19440"}],"version-history":[{"count":0,"href":"https:\/\/imagazine.it\/home_desk\/wp-json\/wp\/v2\/posts\/19440\/revisions"}],"wp:featuredmedia":[{"embeddable":true,"href":"https:\/\/imagazine.it\/home_desk\/wp-json\/wp\/v2\/media\/19441"}],"wp:attachment":[{"href":"https:\/\/imagazine.it\/home_desk\/wp-json\/wp\/v2\/media?parent=19440"}],"wp:term":[{"taxonomy":"category","embeddable":true,"href":"https:\/\/imagazine.it\/home_desk\/wp-json\/wp\/v2\/categories?post=19440"},{"taxonomy":"post_tag","embeddable":true,"href":"https:\/\/imagazine.it\/home_desk\/wp-json\/wp\/v2\/tags?post=19440"}],"curies":[{"name":"wp","href":"https:\/\/api.w.org\/{rel}","templated":true}]}}