{"id":19429,"date":"2016-03-23T00:00:00","date_gmt":"2016-03-22T23:00:00","guid":{"rendered":"https:\/\/imagazine.it\/?p=19429"},"modified":"2016-03-23T00:00:00","modified_gmt":"2016-03-22T23:00:00","slug":"trieste-iniziato-passaggio-di-consegne-tra-provincia-e-comune","status":"publish","type":"post","link":"https:\/\/imagazine.it\/home_desk\/trieste-iniziato-passaggio-di-consegne-tra-provincia-e-comune\/","title":{"rendered":"Trieste, iniziato passaggio di consegne tra Provincia e Comune"},"content":{"rendered":"<p style=\"text-align: justify;\" class=\"ui-droppable\"> \tTempi e modalit\u00e0 di trasferimento delle funzioni dalla Provincia al Comune di Trieste, cos\u00ec come disposto dalla normativa di riordino del sistema Regione-Autonomie locali, sono state al centro oggi, a Palazzo Galatti, di una riunione tra le Giunte delle due amministrazioni. Numerosi i temi affrontati legati alle funzioni che passeranno direttamente al Comune e cio\u00e8 edilizia scolastica, attivit\u00e0 sociali e sport, e alle funzioni di valenza strategica per la citt\u00e0 che passano in luglio alla Regione, come trasporto pubblico, viabilit\u00e0, gestione dei contenitori culturali.<\/p>\n<p style=\"text-align: justify;\" class=\"ui-droppable\"> \tLa riunione ha affrontato poi alcuni aspetti legati alle attivit\u00e0 future di realt\u00e0 quali il Comprensorio di san Giovanni, la Casa internazionale delle Donne, la Pista ciclopedonale Giordano Cottur.\u00a0 Resta prioritario per la Provincia di Trieste assicurare e garantire continuit\u00e0 e qualit\u00e0 dei servizi forniti ai cittadini nella delicata fase di passaggio delle competenze.<\/p>\n<p style=\"text-align: justify;\" class=\"ui-droppable\"> \tAll\u2019incontro odierno seguiranno a breve singole riunioni tecnico-politiche, organizzate per ogni assessorato competente. Intanto i piani di subentro, elaborati dalla Provincia cos\u00ec come dispone la norma, saranno sottoposti all\u2019approvazione del Consiglio provinciale entro marzo, quelli legati alle competenze trasferite al Comune di Trieste saranno approvati invece, alla fine dell\u2019estate.<\/p>\n","protected":false},"excerpt":{"rendered":"<p>Riunione tra le due Giunte<\/p>\n","protected":false},"author":28,"featured_media":19430,"comment_status":"closed","ping_status":"closed","sticky":false,"template":"","format":"standard","meta":{"dwc-title":[],"dwc-content":[],"footnotes":""},"categories":[5],"tags":[],"class_list":["post-19429","post","type-post","status-publish","format-standard","has-post-thumbnail","hentry","category-attualita"],"rttpg_featured_image_url":{"full":["https:\/\/imagazine.it\/wp-content\/uploads\/2024\/01\/13448-1.webp",750,500,false],"landscape":["https:\/\/imagazine.it\/wp-content\/uploads\/2024\/01\/13448-1.webp",750,500,false],"portraits":["https:\/\/imagazine.it\/wp-content\/uploads\/2024\/01\/13448-1.webp",750,500,false],"thumbnail":["https:\/\/imagazine.it\/wp-content\/uploads\/2024\/01\/13448-1-150x150.webp",150,150,true],"medium":["https:\/\/imagazine.it\/wp-content\/uploads\/2024\/01\/13448-1-300x200.webp",300,200,true],"large":["https:\/\/imagazine.it\/wp-content\/uploads\/2024\/01\/13448-1.webp",640,427,false],"thumblist":["https:\/\/imagazine.it\/wp-content\/uploads\/2024\/01\/13448-1.webp",300,200,false],"thumbrelated":["https:\/\/imagazine.it\/wp-content\/uploads\/2024\/01\/13448-1.webp",500,333,false],"meccarouselthumb":["https:\/\/imagazine.it\/wp-content\/uploads\/2024\/01\/13448-1.webp",474,316,false],"gridsquare":["https:\/\/imagazine.it\/wp-content\/uploads\/2024\/01\/13448-1.webp",391,260,false],"tileview":["https:\/\/imagazine.it\/wp-content\/uploads\/2024\/01\/13448-1.webp",300,200,false],"1536x1536":["https:\/\/imagazine.it\/wp-content\/uploads\/2024\/01\/13448-1.webp",750,500,false],"2048x2048":["https:\/\/imagazine.it\/wp-content\/uploads\/2024\/01\/13448-1.webp",750,500,false],"newsup-slider-full":["https:\/\/imagazine.it\/wp-content\/uploads\/2024\/01\/13448-1.webp",750,500,false],"newsup-featured":["https:\/\/imagazine.it\/wp-content\/uploads\/2024\/01\/13448-1.webp",750,500,false],"newsup-medium":["https:\/\/imagazine.it\/wp-content\/uploads\/2024\/01\/13448-1-720x380.webp",720,380,true],"tptn_thumbnail":["https:\/\/imagazine.it\/wp-content\/uploads\/2024\/01\/13448-1.webp",250,167,false],"sow-carousel-default":["https:\/\/imagazine.it\/wp-content\/uploads\/2024\/01\/13448-1-272x182.webp",272,182,true]},"rttpg_author":{"display_name":"redazione","author_link":"https:\/\/imagazine.it\/home_desk\/author\/redazione\/"},"rttpg_comment":0,"rttpg_category":"<a href=\"https:\/\/imagazine.it\/home_desk\/category\/attualita\/\" rel=\"category tag\">ATTUALIT\u00c0<\/a>","rttpg_excerpt":"Riunione tra le due Giunte","_links":{"self":[{"href":"https:\/\/imagazine.it\/home_desk\/wp-json\/wp\/v2\/posts\/19429","targetHints":{"allow":["GET"]}}],"collection":[{"href":"https:\/\/imagazine.it\/home_desk\/wp-json\/wp\/v2\/posts"}],"about":[{"href":"https:\/\/imagazine.it\/home_desk\/wp-json\/wp\/v2\/types\/post"}],"author":[{"embeddable":true,"href":"https:\/\/imagazine.it\/home_desk\/wp-json\/wp\/v2\/users\/28"}],"replies":[{"embeddable":true,"href":"https:\/\/imagazine.it\/home_desk\/wp-json\/wp\/v2\/comments?post=19429"}],"version-history":[{"count":0,"href":"https:\/\/imagazine.it\/home_desk\/wp-json\/wp\/v2\/posts\/19429\/revisions"}],"wp:featuredmedia":[{"embeddable":true,"href":"https:\/\/imagazine.it\/home_desk\/wp-json\/wp\/v2\/media\/19430"}],"wp:attachment":[{"href":"https:\/\/imagazine.it\/home_desk\/wp-json\/wp\/v2\/media?parent=19429"}],"wp:term":[{"taxonomy":"category","embeddable":true,"href":"https:\/\/imagazine.it\/home_desk\/wp-json\/wp\/v2\/categories?post=19429"},{"taxonomy":"post_tag","embeddable":true,"href":"https:\/\/imagazine.it\/home_desk\/wp-json\/wp\/v2\/tags?post=19429"}],"curies":[{"name":"wp","href":"https:\/\/api.w.org\/{rel}","templated":true}]}}