{"id":19425,"date":"2016-03-23T00:00:00","date_gmt":"2016-03-22T23:00:00","guid":{"rendered":"https:\/\/imagazine.it\/?p=19425"},"modified":"2016-03-23T00:00:00","modified_gmt":"2016-03-22T23:00:00","slug":"giovani-imprenditori-o-giovani-imprese","status":"publish","type":"post","link":"https:\/\/imagazine.it\/home_desk\/giovani-imprenditori-o-giovani-imprese\/","title":{"rendered":"Giovani imprenditori o giovani imprese?"},"content":{"rendered":"<p class=\"ui-droppable\" style=\"text-align: justify;\"> \tPassare dal concetto di \u201cgiovane imprenditore\u201d a quello di \u201cgiovane impresa\u201d e su di esso strutturare politiche pubbliche e iniziative come bandi e servizi a supporto, perch\u00e9 spesso chi si trova ad avviare un\u2019iniziativa imprenditoriale, anche se ha superato i 35 anni, si trova di fronte agli stessi ostacoli degli under 35.<\/p>\n<p class=\"ui-droppable\" style=\"text-align: justify;\"> \t\u00c8 una delle proposte che il Comitato giovani imprenditori della Camera di Commercio di Udine, formato dai presidenti dei Gruppi giovani delle categorie economiche provinciali, ha presentato all\u2019assessore regionale alle attivit\u00e0 produttive <strong>Sergio Bolzonello<\/strong>, in un incontro operativo che ha portato a un confronto per poter mettere in campo insieme diversi progetti.<\/p>\n<\/p>\n<p class=\"ui-droppable\" style=\"text-align: justify;\"> \tIl Comitato \u2013 presieduto da <strong>Massimiliano Zam\u00f2<\/strong> e composto da <strong>Davide Boeri<\/strong> (Confindustria), <strong>Francesco Roiatti<\/strong> (Confartigianato), <strong>Fabio Passon<\/strong> (Confcommercio) e <strong>Mattia Bertossi<\/strong> (Coldiretti) e, per la giunta camerale, da <strong>Paola Schneider <\/strong>\u2013 ha espresso all\u2019assessore la disponibilit\u00e0 a essere coinvolto direttamente nei gruppi di lavoro della Regione in cui si discutono i bandi, per portare l\u2019esperienza diretta di categorie e imprese e, perci\u00f2, possibili suggerimenti per una miglior fruizione dei bandi stessi da parte degli imprenditori che ne sono destinatari.<\/p>\n<p class=\"ui-droppable\" style=\"text-align: justify;\"> \tTra i focus tematici, il presidente Zam\u00f2 ha voluto sottolineare la necessit\u00e0 di approfondire, con iniziative di formazione operative in accordo con la Regione, le nuove modalit\u00e0 di accesso al credito per le imprese e in particolare il crowdfunding, su cui l\u2019assessore ha dato massima disponibilit\u00e0, rientrando anche a pieno titolo nelle direttrici del <em>Rilancimpresa<\/em>.<\/p>\n<p class=\"ui-droppable\" style=\"text-align: justify;\"> \tDal gruppo \u00e8 stato posto l\u2019accento anche sulla necessit\u00e0 di supportare ulteriormente l\u2019orientamento e la formazione per gli aspiranti imprenditori, \u00abper metterli a conoscenza di tutto ci\u00f2 che comporta aprire un\u2019impresa, opportunit\u00e0 ma anche i tanti rischi \u2013 ha detto Zam\u00f2 \u2013, visto che molte volte chi decide di mettersi in proprio non \u00e8 sempre consapevole della responsabilit\u00e0 che si trova tra le mani. E i dati lo dimostrano, visto l\u2019elevatissimo numero di chiusure d\u2019impresa a poco tempo dall\u2019avvio\u00bb.<\/p>\n<p class=\"ui-droppable\" style=\"text-align: justify;\"> \tUna formazione che non deve per\u00f2 fermarsi agli aspiranti, ma che anzi si deve rafforzare nei primi delicati momenti di vita dell\u2019impresa, \u00abmagari con dei servizi di \u201ctutoraggio\u201d per i neoimprenditori, ulteriore modo per potenziarne l\u2019attivit\u00e0. In particolare quelle dei giovani, come emerge dalle statistiche, che vedono il Fvg fanalino di \u00a0coda tra le regioni italiane\u00bb, ha ricordato Zam\u00f2.<\/p>\n<p class=\"ui-droppable\" style=\"text-align: justify;\"> \tCon la necessit\u00e0 di passare dal concetto di \u201cgiovane imprenditore\u201d a quello di \u201cgiovane impresa\u201d, considerando piuttosto l\u2019\u201cet\u00e0\u201d dell\u2019iniziativa imprenditoriale. \u00abI tempi delle persone si spostano sempre pi\u00f9 oltre i 35 anni \u2013 ha detto Zam\u00f2 \u2013, sia per chi prolunga il percorso accademico sia per chi magari lavora come dipendente per alcuni anni e poi decide di mettersi in proprio. Per non parlare di chi ha una buona idea che gli permetterebbe di rimettersi in gioco per uscire da un momento di crisi. Proprio per sostenere queste situazioni, che alla fine vivono problemi analoghi indipendentemente dall\u2019et\u00e0 dell\u2019imprenditore, riteniamo che le politiche e gli strumenti a supporto debbano virare sempre pi\u00f9 in considerazione della giovane et\u00e0 dell\u2019impresa\u00bb.<\/p>\n","protected":false},"excerpt":{"rendered":"<p>Confronto a Udine<\/p>\n","protected":false},"author":28,"featured_media":19426,"comment_status":"closed","ping_status":"closed","sticky":false,"template":"","format":"standard","meta":{"dwc-title":[],"dwc-content":[],"footnotes":""},"categories":[5],"tags":[],"class_list":["post-19425","post","type-post","status-publish","format-standard","has-post-thumbnail","hentry","category-attualita"],"rttpg_featured_image_url":{"full":["https:\/\/imagazine.it\/wp-content\/uploads\/2024\/01\/13438-1.webp",750,545,false],"landscape":["https:\/\/imagazine.it\/wp-content\/uploads\/2024\/01\/13438-1.webp",750,545,false],"portraits":["https:\/\/imagazine.it\/wp-content\/uploads\/2024\/01\/13438-1.webp",750,545,false],"thumbnail":["https:\/\/imagazine.it\/wp-content\/uploads\/2024\/01\/13438-1-150x150.webp",150,150,true],"medium":["https:\/\/imagazine.it\/wp-content\/uploads\/2024\/01\/13438-1-300x218.webp",300,218,true],"large":["https:\/\/imagazine.it\/wp-content\/uploads\/2024\/01\/13438-1.webp",640,465,false],"thumblist":["https:\/\/imagazine.it\/wp-content\/uploads\/2024\/01\/13438-1.webp",300,218,false],"thumbrelated":["https:\/\/imagazine.it\/wp-content\/uploads\/2024\/01\/13438-1.webp",500,363,false],"meccarouselthumb":["https:\/\/imagazine.it\/wp-content\/uploads\/2024\/01\/13438-1.webp",446,324,false],"gridsquare":["https:\/\/imagazine.it\/wp-content\/uploads\/2024\/01\/13438-1.webp",358,260,false],"tileview":["https:\/\/imagazine.it\/wp-content\/uploads\/2024\/01\/13438-1.webp",300,218,false],"1536x1536":["https:\/\/imagazine.it\/wp-content\/uploads\/2024\/01\/13438-1.webp",750,545,false],"2048x2048":["https:\/\/imagazine.it\/wp-content\/uploads\/2024\/01\/13438-1.webp",750,545,false],"newsup-slider-full":["https:\/\/imagazine.it\/wp-content\/uploads\/2024\/01\/13438-1.webp",750,545,false],"newsup-featured":["https:\/\/imagazine.it\/wp-content\/uploads\/2024\/01\/13438-1.webp",750,545,false],"newsup-medium":["https:\/\/imagazine.it\/wp-content\/uploads\/2024\/01\/13438-1-720x380.webp",720,380,true],"tptn_thumbnail":["https:\/\/imagazine.it\/wp-content\/uploads\/2024\/01\/13438-1.webp",250,182,false],"sow-carousel-default":["https:\/\/imagazine.it\/wp-content\/uploads\/2024\/01\/13438-1-272x182.webp",272,182,true]},"rttpg_author":{"display_name":"redazione","author_link":"https:\/\/imagazine.it\/home_desk\/author\/redazione\/"},"rttpg_comment":0,"rttpg_category":"<a href=\"https:\/\/imagazine.it\/home_desk\/category\/attualita\/\" rel=\"category tag\">ATTUALIT\u00c0<\/a>","rttpg_excerpt":"Confronto a Udine","_links":{"self":[{"href":"https:\/\/imagazine.it\/home_desk\/wp-json\/wp\/v2\/posts\/19425","targetHints":{"allow":["GET"]}}],"collection":[{"href":"https:\/\/imagazine.it\/home_desk\/wp-json\/wp\/v2\/posts"}],"about":[{"href":"https:\/\/imagazine.it\/home_desk\/wp-json\/wp\/v2\/types\/post"}],"author":[{"embeddable":true,"href":"https:\/\/imagazine.it\/home_desk\/wp-json\/wp\/v2\/users\/28"}],"replies":[{"embeddable":true,"href":"https:\/\/imagazine.it\/home_desk\/wp-json\/wp\/v2\/comments?post=19425"}],"version-history":[{"count":0,"href":"https:\/\/imagazine.it\/home_desk\/wp-json\/wp\/v2\/posts\/19425\/revisions"}],"wp:featuredmedia":[{"embeddable":true,"href":"https:\/\/imagazine.it\/home_desk\/wp-json\/wp\/v2\/media\/19426"}],"wp:attachment":[{"href":"https:\/\/imagazine.it\/home_desk\/wp-json\/wp\/v2\/media?parent=19425"}],"wp:term":[{"taxonomy":"category","embeddable":true,"href":"https:\/\/imagazine.it\/home_desk\/wp-json\/wp\/v2\/categories?post=19425"},{"taxonomy":"post_tag","embeddable":true,"href":"https:\/\/imagazine.it\/home_desk\/wp-json\/wp\/v2\/tags?post=19425"}],"curies":[{"name":"wp","href":"https:\/\/api.w.org\/{rel}","templated":true}]}}