{"id":19393,"date":"2016-03-17T00:00:00","date_gmt":"2016-03-16T23:00:00","guid":{"rendered":"https:\/\/imagazine.it\/?p=19393"},"modified":"2016-03-17T00:00:00","modified_gmt":"2016-03-16T23:00:00","slug":"oltre-400-inventori-in-arrivo-a-trieste","status":"publish","type":"post","link":"https:\/\/imagazine.it\/home_desk\/oltre-400-inventori-in-arrivo-a-trieste\/","title":{"rendered":"Oltre 400 inventori in arrivo a Trieste"},"content":{"rendered":"<p style=\"text-align: justify;\" class=\"ui-droppable\"> \tAnche quest&#8217;anno torna la <strong>\u201cTrieste Mini Maker Faire\u201d,\u00a0 il 21 e il 22 maggio, al Centro Internazionale di Fisica Teorica \u201cAbdus Salam\u201d(ICTP) di Miramare: <\/strong>la festa dell\u2019ingegno e della creativit\u00e0 con oltre <strong>400 maker che esporranno le loro invenzioni. <\/strong>In programma anche incontri e spettacoli, per tutti e a <strong>ingresso gratuito.<\/strong><\/p>\n<p style=\"text-align: justify;\" class=\"ui-droppable\"> \tQuesta terza edizione aggiunge la giornata di venerd\u00ec 20 maggio che sar\u00e0 dedicata alle scuole di ogni ordine e grado, in cui il campus di Miramare diventer\u00e0 un laboratorio all\u2019aperto dove divertirsi con la scienza al di fuori delle aule scolastiche.<\/p>\n<p style=\"text-align: justify;\" class=\"ui-droppable\"> \tPer agevolare quanti vorranno raggiungere il Campus dell\u2019ICTP, sono previste &#8216;fermate straordinarie&#8217; dei treni regionali alla stazione di Miramare e corse speciali della linea 6 .<\/p>\n<p style=\"text-align: justify;\" class=\"ui-droppable\"> \tLa <em>T<\/em><em>rieste Mini Maker Faire 2016<\/em>, fiera-spettacolo di artigiani tecnologici e inventori digitali che l\u2019anno scorso ha visto la partecipazione di pi\u00f9 di 300 <em>maker <\/em>e oltre 100 stand e la presenza di circa 1.7000 visitatori, propone ormai Trieste come prima sede in assoluto in Italia di una Mini Maker Faire<strong>. <\/strong>Stampa 3D, droni, robot, Arduino, sostenibilit\u00e0, riuso&#038;riciclo, software e hardware Open source. Sono solo alcuni esempi di campi, in cui l\u2019ingegno creativo diventa stimolo al fare qualcosa di nuovo, che i visitatori della prossima <em>Trieste Mini Maker Faire<\/em> potranno sperimentare i prossimi 21 e 22 maggio, negli oltre 10 mila metri quadri del campus del Centro Internazionale di Fisica Teorica \u201cAbdus Salam\u201d (ICTP) di Miramare.<\/p>\n<p style=\"text-align: justify;\" class=\"ui-droppable\"> \tL\u2019evento \u2013illustrato alla presenza della vicesindaca <strong>Fabiana Martini<\/strong> con delega all&#8217;Innovazione tecnologica, dell&#8217;assessora all&#8217;Educazione, Scuola, Universit\u00e0, e Ricerca, <strong>Antonella Grim<\/strong>, per l&#8217;Ictp, <strong>Dag Johannessen<\/strong> (direttore amministrativo), <strong>Enrique Canessa<\/strong> e <strong>Carlo Fonda<\/strong>, e per la Provincia di Trieste, l&#8217;assessore <strong>Vittorio Zollia<\/strong> &#8211; \u00e8 organizzato da Maker Media Inc., ICTP e Amministrazione Comunale di Trieste, con il sostegno della Regione Autonoma Friuli Venezia Giulia e della Provincia di Trieste, e con la collaborazione di SISSA, Universit\u00e0 degli Studi di Trieste, AREA Science Park, e altri partner e sponsor ancora in fase di definizione.<\/p>\n<p style=\"text-align: justify;\" class=\"ui-droppable\"> \t<strong>Quest\u2019anno sono attesi pi\u00f9 di 400 maker<\/strong>, creativi, entusiasti della tecnologia e hobbisti vari impegnati nella risoluzione di problemi concreti, in uno spirito di condivisione ma anche di spettacolarizzazione. Dai droni alle stampanti 3D, dal software libero all\u2019elettronica, l\u2019obiettivo \u00e8 sia presentare al pubblico i progetti nati dalle loro idee, sia condividere ci\u00f2 che hanno imparato, in linea con l\u2019approccio \u201cmostra e dimostra\u201d del movimento maker a livello internazionale. Famiglie, bambini e persone di ogni et\u00e0 avranno la possibilit\u00e0 di dare uno sguardo al futuro confrontandosi con i maker e con le loro invenzioni nel corso di due intere giornate, per 18 ore complessive di apertura al pubblico, nei giorni di sabato 21 (dalle 11 alle 21) e domenica 22 maggio 2016 (dalle 10 alle 18).<\/p>\n<p style=\"text-align: justify;\" class=\"ui-droppable\"> \tL\u2019ingresso \u00e8 gratuito per tutti<strong>. <\/strong>Bambini, ragazzi ed adulti potranno liberamente partecipare al ricco calendario di incontri, seminari, iniziative di divulgazione e laboratori previsti dal programma.<\/p>\n<p style=\"text-align: justify;\" class=\"ui-droppable\"> \tLa scadenza per presentare domanda come maker espositore \u00e8 prorogata fino al 31 marzo per permettere a tutti di poter raccontare e dimostrare gratuitamente i prodotti del proprio ingegno creativo<strong>.<\/strong><\/p>\n<p style=\"text-align: justify;\" class=\"ui-droppable\"> \tNovit\u00e0 assoluta della terza edizione \u00e8 poi il primo <strong>Science Picnic <\/strong>di Trieste: una festa della scienza riservata esclusivamente alle scuole di ogni ordine e grado del Friuli Venezia Giulia e dintorni: venerd\u00ec 20 maggio, dalle 9 alle 16, sempre nel campus ICTP di Miramare, studenti e insegnanti potranno assistere e partecipare a una vasta scelta di esperimenti interattivi, spettacoli, brevi incontri su svariati argomenti scientifici, laboratori didattici, interventi di divulgatori e ricercatori.<\/p>\n<p style=\"text-align: justify;\" class=\"ui-droppable\"> \tLo scopo \u00e8 avvicinare i giovani al lato creativo della scienza e della tecnologia per farli appassionare e perch\u00e9 considerino una possibile carriera nella ricerca. Lo stile sar\u00e0 informale e allegro, secondo un format premiato dalla Commissione Europea come uno dei dieci migliori progetti europei dell\u2019ultimo decennio nel campo \u201cScienza e Societ\u00e0\u201d.<\/p>\n<p style=\"text-align: justify;\" class=\"ui-droppable\"> \tIl <em>Science Picnic Trieste<\/em> \u00e8 organizzato da ICTP e Amministrazione Comunale di Trieste, con il sostegno della Regione Autonoma Friuli Venezia Giulia e della Provincia di Trieste, e con la collaborazione di SISSA, Universit\u00e0 degli Studi di Trieste, AREA Science Park, CERN, Immaginario Scientifico, Gruppo Pleiadi, Associazione Di Scienza, Associazione Sinapsi, 3-Eco e altri partner e sponsor.<\/p>\n","protected":false},"excerpt":{"rendered":"<p>Presentata la &#8220;Mini Maker Faire&#8221;<\/p>\n","protected":false},"author":28,"featured_media":19394,"comment_status":"closed","ping_status":"closed","sticky":false,"template":"","format":"standard","meta":{"dwc-title":[],"dwc-content":[],"footnotes":""},"categories":[6],"tags":[],"class_list":["post-19393","post","type-post","status-publish","format-standard","has-post-thumbnail","hentry","category-societa"],"rttpg_featured_image_url":{"full":["https:\/\/imagazine.it\/wp-content\/uploads\/2024\/01\/13347-1.webp",750,477,false],"landscape":["https:\/\/imagazine.it\/wp-content\/uploads\/2024\/01\/13347-1.webp",750,477,false],"portraits":["https:\/\/imagazine.it\/wp-content\/uploads\/2024\/01\/13347-1.webp",750,477,false],"thumbnail":["https:\/\/imagazine.it\/wp-content\/uploads\/2024\/01\/13347-1-150x150.webp",150,150,true],"medium":["https:\/\/imagazine.it\/wp-content\/uploads\/2024\/01\/13347-1-300x191.webp",300,191,true],"large":["https:\/\/imagazine.it\/wp-content\/uploads\/2024\/01\/13347-1.webp",640,407,false],"thumblist":["https:\/\/imagazine.it\/wp-content\/uploads\/2024\/01\/13347-1.webp",300,191,false],"thumbrelated":["https:\/\/imagazine.it\/wp-content\/uploads\/2024\/01\/13347-1.webp",500,318,false],"meccarouselthumb":["https:\/\/imagazine.it\/wp-content\/uploads\/2024\/01\/13347-1.webp",474,301,false],"gridsquare":["https:\/\/imagazine.it\/wp-content\/uploads\/2024\/01\/13347-1.webp",391,249,false],"tileview":["https:\/\/imagazine.it\/wp-content\/uploads\/2024\/01\/13347-1.webp",300,191,false],"1536x1536":["https:\/\/imagazine.it\/wp-content\/uploads\/2024\/01\/13347-1.webp",750,477,false],"2048x2048":["https:\/\/imagazine.it\/wp-content\/uploads\/2024\/01\/13347-1.webp",750,477,false],"newsup-slider-full":["https:\/\/imagazine.it\/wp-content\/uploads\/2024\/01\/13347-1.webp",750,477,false],"newsup-featured":["https:\/\/imagazine.it\/wp-content\/uploads\/2024\/01\/13347-1.webp",750,477,false],"newsup-medium":["https:\/\/imagazine.it\/wp-content\/uploads\/2024\/01\/13347-1-720x380.webp",720,380,true],"tptn_thumbnail":["https:\/\/imagazine.it\/wp-content\/uploads\/2024\/01\/13347-1.webp",250,159,false],"sow-carousel-default":["https:\/\/imagazine.it\/wp-content\/uploads\/2024\/01\/13347-1-272x182.webp",272,182,true]},"rttpg_author":{"display_name":"redazione","author_link":"https:\/\/imagazine.it\/home_desk\/author\/redazione\/"},"rttpg_comment":0,"rttpg_category":"<a href=\"https:\/\/imagazine.it\/home_desk\/category\/societa\/\" rel=\"category tag\">SOCIET\u00c0<\/a>","rttpg_excerpt":"Presentata la \"Mini Maker Faire\"","_links":{"self":[{"href":"https:\/\/imagazine.it\/home_desk\/wp-json\/wp\/v2\/posts\/19393","targetHints":{"allow":["GET"]}}],"collection":[{"href":"https:\/\/imagazine.it\/home_desk\/wp-json\/wp\/v2\/posts"}],"about":[{"href":"https:\/\/imagazine.it\/home_desk\/wp-json\/wp\/v2\/types\/post"}],"author":[{"embeddable":true,"href":"https:\/\/imagazine.it\/home_desk\/wp-json\/wp\/v2\/users\/28"}],"replies":[{"embeddable":true,"href":"https:\/\/imagazine.it\/home_desk\/wp-json\/wp\/v2\/comments?post=19393"}],"version-history":[{"count":0,"href":"https:\/\/imagazine.it\/home_desk\/wp-json\/wp\/v2\/posts\/19393\/revisions"}],"wp:featuredmedia":[{"embeddable":true,"href":"https:\/\/imagazine.it\/home_desk\/wp-json\/wp\/v2\/media\/19394"}],"wp:attachment":[{"href":"https:\/\/imagazine.it\/home_desk\/wp-json\/wp\/v2\/media?parent=19393"}],"wp:term":[{"taxonomy":"category","embeddable":true,"href":"https:\/\/imagazine.it\/home_desk\/wp-json\/wp\/v2\/categories?post=19393"},{"taxonomy":"post_tag","embeddable":true,"href":"https:\/\/imagazine.it\/home_desk\/wp-json\/wp\/v2\/tags?post=19393"}],"curies":[{"name":"wp","href":"https:\/\/api.w.org\/{rel}","templated":true}]}}