{"id":19382,"date":"2016-03-16T00:00:00","date_gmt":"2016-03-15T23:00:00","guid":{"rendered":"https:\/\/imagazine.it\/?p=19382"},"modified":"2016-03-16T00:00:00","modified_gmt":"2016-03-15T23:00:00","slug":"mondo-della-scuola-e-del-lavoro-faccia-a-faccia-a-udine","status":"publish","type":"post","link":"https:\/\/imagazine.it\/home_desk\/mondo-della-scuola-e-del-lavoro-faccia-a-faccia-a-udine\/","title":{"rendered":"Mondo della scuola e del lavoro faccia a faccia a Udine"},"content":{"rendered":"<p style=\"text-align: justify;\" class=\"ui-droppable\"> \tYOUNG &#8211; Salone delle professioni e della formazione al servizio delle nuove generazioni \u2013 ha preso il via oggi negli spazi espositivi e congressuali della Fiera di Udine. Una partenza forte dei gi\u00e0 oltre 2.000 studenti pre-iscritti nelle scorse settimane per prendere parte a un evento che mette insieme offerta espositiva e pi\u00f9 di 90 incontri in quattro mattinate. La risposta delle scuole superiori \u00e8 stata positiva con l\u2019adesione di 23 istituti della provincia di Udine e 9 istituti della provincia di Gorizia. Per loro, ma anche per il flusso degli studenti universitari e di tutti coloro che, pur non essendo pi\u00f9 inseriti nel circuito scolastico\/formativo, intendendo comunque partecipare (l\u2019ingresso \u00e8 gratuito), \u00abYOUNG utilizza un approccio pragmatico e concreto \u2013 come ha precisato il Presidente di Udine e Gorizia Fiere <strong>Luisa De Marco<\/strong> \u2013 con la consapevolezza di rivolgersi a giovani sempre pi\u00f9 informati, determinati e volenterosi di affrontare al meglio il percorso formativo post diploma e post laurea\u00bb.<\/p>\n<p style=\"text-align: justify;\" class=\"ui-droppable\"> \t\u00abNel mondo del lavoro \u2013 ha ricordato <strong>Flavio Pressacco<\/strong> della Fondazione CRUP \u2013 sta aumentando la percentuale di lavoratori over 40\/50, ma \u00e8 altrettanto importante e necessario fare in modo che anche la percentuale di giovani venga incrementata\u00bb.\u00a0 Su \u201cservizio e concretezza\u201d come elementi strategici di YOUNG si \u00e8 soffermato anche il Dirigente dell\u2019Ufficio Scolastico Regionale del F.V.G. <strong>Pietro Biasiol<\/strong>\u00a0 il quale ha precisato che \u00abquesta edizione del salone \u00e8 la prima dopo l\u2019ingresso e l\u2019effetto della \u201cBuona Scuola\u201d.\u00a0 Per nulla antitetici bens\u00ec complementari all\u2019approccio multimediale, gli incontri \u201cfaccia a faccia\u201d offerti da YOUNG servono propria a dare concretezza alla teoria delle parole e dei propositi\u00bb.<\/p>\n<p style=\"text-align: justify;\" class=\"ui-droppable\"> \tPer la Camera di Commercio di Udine \u00e8 intervenuta <strong>Vera Fedrigo<\/strong> rimarcando che solo\u00a0 per gli incontri con le imprese e le categorie si sono prenotati 1.300 giovani ai quali vengono spiegati i fondamentali, tra pregi e difetti, per far partire un\u2019impresa. Nello specifico, i Salotti \u201cImprese\u201d sono curati dall\u2019Azienda Speciale Ricerca &#038; Formazione della Camera di Commercio di\u00a0 Udine coinvolgendo le varie associazioni di categoria che si mettono a disposizione dei giovani per raccontare in diretta la propria esperienza.<\/p>\n<p style=\"text-align: justify;\" class=\"ui-droppable\"> \tLa connessione costante tra scuola, in questo caso l\u2019universit\u00e0, e mondo del lavoro e la progettazione continua con il territorio sono alla base del tavolo di raccordo sul quale \u00e8 intervenuta <strong>Laura Rizzi<\/strong>, Delegato del Rettore per i Servizi di Orientamento dell\u2019ateneo friulano, spiegando quanto questo servizio sia importante per aiutare i giovani ad inserirsi e ad evitare dispersioni.<\/p>\n<p style=\"text-align: justify;\" class=\"ui-droppable\"> \t<strong>I Salotti \u201cProfessioni\u201d, coordinati dall\u2019Universit\u00e0 di Udine coinvolgono gli Ordini e Collegi professionali<\/strong> (agronomi, architetti, avvocati, commercialisti, fisioterapisti, geometri, giornalisti, infermieri, ingegneri, medici, periti, psicologi, tecnici di radiologia\u2026).<\/p>\n<p style=\"text-align: justify;\" class=\"ui-droppable\"> \tLa finalit\u00e0 principale di questi incontri \u00e8 quella di mettere in evidenza ai giovani quali sono le competenze e le qualit\u00e0 richieste oggi dal mercato del lavoro e questo attraverso un approccio spontaneo e \u201cfrontale\u201d che tralascia l\u2019autoreferenzialit\u00e0, supera la pura descrizione dell\u2019 esperienza imprenditoriale e\/o professionale dei relatori a favore di un\u2019analisi critica e aggiornata delle capacit\u00e0 su cui i giovani sono e saranno chiamati a misurarsi.<\/p>\n<p style=\"text-align: justify;\" class=\"ui-droppable\"> \tDi trasversalit\u00e0 e transizioni ha parlato <strong>Elisa Marzinotto<\/strong> del Servizio Istruzione e Politiche Giovanili della Regione FVG che quest\u2019anno ha rafforzato la propria presenza a YOUNG non solo con uno stand sui vari servizi attivi e in sinergia, ma anche coordinando 3 laboratori\/incontri dedicati alle opportunit\u00e0 di lavoro in Italia e all\u2019estero utilizzando i social network. Incontri che sono inseriti nel programma dei Salotti Imprese.<\/p>\n<p style=\"text-align: justify;\" class=\"ui-droppable\"> \t\u00a0<\/p>\n<p style=\"text-align: justify;\" class=\"ui-droppable\"> \tOrari di apertura di YOUNG: gioved\u00ec 9.30-12.30, venerd\u00ec e sabato 8.30-12.30. Ingresso gratuito.\u00a0<\/p>\n","protected":false},"excerpt":{"rendered":"<p>Inaugurata YOUNG 2016<\/p>\n","protected":false},"author":28,"featured_media":19383,"comment_status":"closed","ping_status":"closed","sticky":false,"template":"","format":"standard","meta":{"dwc-title":[],"dwc-content":[],"footnotes":""},"categories":[5],"tags":[],"class_list":["post-19382","post","type-post","status-publish","format-standard","has-post-thumbnail","hentry","category-attualita"],"rttpg_featured_image_url":{"full":["https:\/\/imagazine.it\/wp-content\/uploads\/2024\/01\/13330-1.webp",750,489,false],"landscape":["https:\/\/imagazine.it\/wp-content\/uploads\/2024\/01\/13330-1.webp",750,489,false],"portraits":["https:\/\/imagazine.it\/wp-content\/uploads\/2024\/01\/13330-1.webp",750,489,false],"thumbnail":["https:\/\/imagazine.it\/wp-content\/uploads\/2024\/01\/13330-1-150x150.webp",150,150,true],"medium":["https:\/\/imagazine.it\/wp-content\/uploads\/2024\/01\/13330-1-300x196.webp",300,196,true],"large":["https:\/\/imagazine.it\/wp-content\/uploads\/2024\/01\/13330-1.webp",640,417,false],"thumblist":["https:\/\/imagazine.it\/wp-content\/uploads\/2024\/01\/13330-1.webp",300,196,false],"thumbrelated":["https:\/\/imagazine.it\/wp-content\/uploads\/2024\/01\/13330-1.webp",500,326,false],"meccarouselthumb":["https:\/\/imagazine.it\/wp-content\/uploads\/2024\/01\/13330-1.webp",474,309,false],"gridsquare":["https:\/\/imagazine.it\/wp-content\/uploads\/2024\/01\/13330-1.webp",391,255,false],"tileview":["https:\/\/imagazine.it\/wp-content\/uploads\/2024\/01\/13330-1.webp",300,196,false],"1536x1536":["https:\/\/imagazine.it\/wp-content\/uploads\/2024\/01\/13330-1.webp",750,489,false],"2048x2048":["https:\/\/imagazine.it\/wp-content\/uploads\/2024\/01\/13330-1.webp",750,489,false],"newsup-slider-full":["https:\/\/imagazine.it\/wp-content\/uploads\/2024\/01\/13330-1.webp",750,489,false],"newsup-featured":["https:\/\/imagazine.it\/wp-content\/uploads\/2024\/01\/13330-1.webp",750,489,false],"newsup-medium":["https:\/\/imagazine.it\/wp-content\/uploads\/2024\/01\/13330-1-720x380.webp",720,380,true],"tptn_thumbnail":["https:\/\/imagazine.it\/wp-content\/uploads\/2024\/01\/13330-1.webp",250,163,false],"sow-carousel-default":["https:\/\/imagazine.it\/wp-content\/uploads\/2024\/01\/13330-1-272x182.webp",272,182,true]},"rttpg_author":{"display_name":"redazione","author_link":"https:\/\/imagazine.it\/home_desk\/author\/redazione\/"},"rttpg_comment":0,"rttpg_category":"<a href=\"https:\/\/imagazine.it\/home_desk\/category\/attualita\/\" rel=\"category tag\">ATTUALIT\u00c0<\/a>","rttpg_excerpt":"Inaugurata YOUNG 2016","_links":{"self":[{"href":"https:\/\/imagazine.it\/home_desk\/wp-json\/wp\/v2\/posts\/19382","targetHints":{"allow":["GET"]}}],"collection":[{"href":"https:\/\/imagazine.it\/home_desk\/wp-json\/wp\/v2\/posts"}],"about":[{"href":"https:\/\/imagazine.it\/home_desk\/wp-json\/wp\/v2\/types\/post"}],"author":[{"embeddable":true,"href":"https:\/\/imagazine.it\/home_desk\/wp-json\/wp\/v2\/users\/28"}],"replies":[{"embeddable":true,"href":"https:\/\/imagazine.it\/home_desk\/wp-json\/wp\/v2\/comments?post=19382"}],"version-history":[{"count":0,"href":"https:\/\/imagazine.it\/home_desk\/wp-json\/wp\/v2\/posts\/19382\/revisions"}],"wp:featuredmedia":[{"embeddable":true,"href":"https:\/\/imagazine.it\/home_desk\/wp-json\/wp\/v2\/media\/19383"}],"wp:attachment":[{"href":"https:\/\/imagazine.it\/home_desk\/wp-json\/wp\/v2\/media?parent=19382"}],"wp:term":[{"taxonomy":"category","embeddable":true,"href":"https:\/\/imagazine.it\/home_desk\/wp-json\/wp\/v2\/categories?post=19382"},{"taxonomy":"post_tag","embeddable":true,"href":"https:\/\/imagazine.it\/home_desk\/wp-json\/wp\/v2\/tags?post=19382"}],"curies":[{"name":"wp","href":"https:\/\/api.w.org\/{rel}","templated":true}]}}