{"id":19364,"date":"2016-03-14T00:00:00","date_gmt":"2016-03-13T23:00:00","guid":{"rendered":"https:\/\/imagazine.it\/?p=19364"},"modified":"2016-03-14T00:00:00","modified_gmt":"2016-03-13T23:00:00","slug":"aiello-daniele-colussi-sindaco-dei-giovani","status":"publish","type":"post","link":"https:\/\/imagazine.it\/home_desk\/aiello-daniele-colussi-sindaco-dei-giovani\/","title":{"rendered":"Aiello, Daniele Colussi sindaco dei giovani"},"content":{"rendered":"<p style=\"text-align: justify;\" class=\"ui-droppable\"> \tInsediato il nuovo Consiglio Comunale dei Ragazzi (C.C.R.) ad Aiello del Friuli. Davanti alle scolaresche della scuola Primaria \u201cDon Giovanni Bosco\u201d e di quella secondaria di primo grado \u201cAchille Venier\u201d, c&#8217;\u00e8 stato lo scambio della fascia dal sindaco uscente <strong>Fidel Avian<\/strong> al neo eletto <strong>Daniele Colussi<\/strong>.<\/p>\n<p style=\"text-align: justify;\" class=\"ui-droppable\"> \tTestimoni di questo evento il sindaco del Comune\u00a0 di Aiello <strong>Roberto Festa<\/strong> e\u00a0 gli assessori comunali, l\u2019insegnante <strong>Enrico<\/strong> <strong>Faini<\/strong> che ha fatto le veci della dirigente scolastica, <strong>don Federico Basso<\/strong>, il presidente dell`UNICEF della provincia di Udine <strong>Alberto Zeppieri <\/strong>e la volontaria signora Albarosa. Il primo atto del nuovo sindaco \u00e8 stato la nomina dei nuovi assessori: <strong>Manuel Paron<\/strong> allo Sport e Tempo Libero, <strong>Claudio Gratton<\/strong> alla Cultura e Istruzione, <strong>Ilaria Ongaro<\/strong> alle Politiche Sociali e <strong>Chiara Minardi<\/strong> alle Politiche Ambientali.<\/p>\n<p style=\"text-align: justify;\" class=\"ui-droppable\"> \tMa come si \u00e8 arrivati a questa nomina? Le elezioni si sono tenute lo scorso 21 febbraio con 22 candidati (di cui 6 candidati sindaco) e come in tutte le democrazie chi ha ottenuto pi\u00f9 voti \u00e8 stato eletto. Con Daniele Colussi, frequentante la 5^ elementare, \u00e8 stato eletto vicesindaco Manuel Paron della 1^ media.\u00a0<\/p>\n<p style=\"text-align: justify;\" class=\"ui-droppable\"> \tL\u2019 istituto del Consiglio Comunale dei Ragazzi, seguito dagli assessori comunali alla cultura e all&#8217;istruzione, allo Sport e Politiche Giovanili \u00e8 coordinato dalla dottoressa <strong>Federica Cabas<\/strong>. Durante il primo mandato il C.C.R. oltre ad aver istituito la giornata dello sport &#8221; Funny Day&#8221;, il &#8220;Sunny Day&#8221; giochi dei nonni, ha fatto visita anche al Consiglio Provinciale\u00a0 e tramite i mercatini di solidariet\u00e0 ha sostenuto il WWF, la fondazione Lucchetta, Ota, D`Angelo, Hrovatin, e un gattile.<\/p>\n","protected":false},"excerpt":{"rendered":"<p>Insediato il nuovo Consiglio Comunale dei Ragazzi<\/p>\n","protected":false},"author":22,"featured_media":19365,"comment_status":"closed","ping_status":"closed","sticky":false,"template":"","format":"standard","meta":{"dwc-title":[],"dwc-content":[],"footnotes":""},"categories":[5],"tags":[],"class_list":["post-19364","post","type-post","status-publish","format-standard","has-post-thumbnail","hentry","category-attualita"],"rttpg_featured_image_url":{"full":["https:\/\/imagazine.it\/wp-content\/uploads\/2024\/01\/13280-1.webp",750,411,false],"landscape":["https:\/\/imagazine.it\/wp-content\/uploads\/2024\/01\/13280-1.webp",750,411,false],"portraits":["https:\/\/imagazine.it\/wp-content\/uploads\/2024\/01\/13280-1.webp",750,411,false],"thumbnail":["https:\/\/imagazine.it\/wp-content\/uploads\/2024\/01\/13280-1-150x150.webp",150,150,true],"medium":["https:\/\/imagazine.it\/wp-content\/uploads\/2024\/01\/13280-1-300x164.webp",300,164,true],"large":["https:\/\/imagazine.it\/wp-content\/uploads\/2024\/01\/13280-1.webp",640,351,false],"thumblist":["https:\/\/imagazine.it\/wp-content\/uploads\/2024\/01\/13280-1.webp",300,164,false],"thumbrelated":["https:\/\/imagazine.it\/wp-content\/uploads\/2024\/01\/13280-1.webp",500,274,false],"meccarouselthumb":["https:\/\/imagazine.it\/wp-content\/uploads\/2024\/01\/13280-1.webp",474,260,false],"gridsquare":["https:\/\/imagazine.it\/wp-content\/uploads\/2024\/01\/13280-1.webp",391,214,false],"tileview":["https:\/\/imagazine.it\/wp-content\/uploads\/2024\/01\/13280-1.webp",300,164,false],"1536x1536":["https:\/\/imagazine.it\/wp-content\/uploads\/2024\/01\/13280-1.webp",750,411,false],"2048x2048":["https:\/\/imagazine.it\/wp-content\/uploads\/2024\/01\/13280-1.webp",750,411,false],"newsup-slider-full":["https:\/\/imagazine.it\/wp-content\/uploads\/2024\/01\/13280-1.webp",750,411,false],"newsup-featured":["https:\/\/imagazine.it\/wp-content\/uploads\/2024\/01\/13280-1.webp",750,411,false],"newsup-medium":["https:\/\/imagazine.it\/wp-content\/uploads\/2024\/01\/13280-1-720x380.webp",720,380,true],"tptn_thumbnail":["https:\/\/imagazine.it\/wp-content\/uploads\/2024\/01\/13280-1.webp",250,137,false],"sow-carousel-default":["https:\/\/imagazine.it\/wp-content\/uploads\/2024\/01\/13280-1-272x182.webp",272,182,true]},"rttpg_author":{"display_name":"Livio Nonis","author_link":"https:\/\/imagazine.it\/home_desk\/author\/nonis\/"},"rttpg_comment":0,"rttpg_category":"<a href=\"https:\/\/imagazine.it\/home_desk\/category\/attualita\/\" rel=\"category tag\">ATTUALIT\u00c0<\/a>","rttpg_excerpt":"Insediato il nuovo Consiglio Comunale dei Ragazzi","_links":{"self":[{"href":"https:\/\/imagazine.it\/home_desk\/wp-json\/wp\/v2\/posts\/19364","targetHints":{"allow":["GET"]}}],"collection":[{"href":"https:\/\/imagazine.it\/home_desk\/wp-json\/wp\/v2\/posts"}],"about":[{"href":"https:\/\/imagazine.it\/home_desk\/wp-json\/wp\/v2\/types\/post"}],"author":[{"embeddable":true,"href":"https:\/\/imagazine.it\/home_desk\/wp-json\/wp\/v2\/users\/22"}],"replies":[{"embeddable":true,"href":"https:\/\/imagazine.it\/home_desk\/wp-json\/wp\/v2\/comments?post=19364"}],"version-history":[{"count":0,"href":"https:\/\/imagazine.it\/home_desk\/wp-json\/wp\/v2\/posts\/19364\/revisions"}],"wp:featuredmedia":[{"embeddable":true,"href":"https:\/\/imagazine.it\/home_desk\/wp-json\/wp\/v2\/media\/19365"}],"wp:attachment":[{"href":"https:\/\/imagazine.it\/home_desk\/wp-json\/wp\/v2\/media?parent=19364"}],"wp:term":[{"taxonomy":"category","embeddable":true,"href":"https:\/\/imagazine.it\/home_desk\/wp-json\/wp\/v2\/categories?post=19364"},{"taxonomy":"post_tag","embeddable":true,"href":"https:\/\/imagazine.it\/home_desk\/wp-json\/wp\/v2\/tags?post=19364"}],"curies":[{"name":"wp","href":"https:\/\/api.w.org\/{rel}","templated":true}]}}