{"id":19346,"date":"2016-03-08T00:00:00","date_gmt":"2016-03-07T23:00:00","guid":{"rendered":"https:\/\/imagazine.it\/?p=19346"},"modified":"2016-03-08T00:00:00","modified_gmt":"2016-03-07T23:00:00","slug":"aquileia-corso-di-attivita-motoria-per-persone-di-tutte-le-eta","status":"publish","type":"post","link":"https:\/\/imagazine.it\/home_desk\/aquileia-corso-di-attivita-motoria-per-persone-di-tutte-le-eta\/","title":{"rendered":"Aquileia, corso di attivit\u00e0 motoria per persone di tutte le et\u00e0"},"content":{"rendered":"<p style=\"text-align: justify;\"> \tOgni mercoled\u00ec e venerd\u00ec dalle 8.30 alle 9.30 incontri di attivit\u00e0 motoria per tutte le et\u00e0 con assistenza della fisioterapista <strong>Elisa Priano<\/strong>, la collaborazione dell&#39;AAS 2 Bassa Friulana &#8211; Isontina, dell&#39;Istituto Comprensivo &#8220;Don Milani&#8221; e il sostegno del Comune di Aquileia.\u00a0<\/p>\n<p style=\"text-align: justify;\"> \tPer partecipare \u00e8 necessario portare la richiesta del proporio medico curante al Centro Fisioterapico del Distretto sanitario di Cervignano, all&#39;infermiera di comunit\u00e0 o al recapit Auser; presentare la certificazione rilasciata dal Centro fisioterapico direttamente al professionista in palestra durante gli orari di attivit\u00e0; essere socio Auser (quota di iscrizione \u20ac 13,00 per tutto il 2016); versare la quota di partecipazione di \u20ac 25,00 per 10 incontri.<\/p>\n<p style=\"text-align: justify;\"> \tGli incontri, della durata di un&#39;ora, si effettueranno con almeno 15 partecipanti.<\/p>\n<p style=\"text-align: justify;\"> \tInfo: 388 6862640 bassafriulana@auserfriuli.it<\/p>\n","protected":false},"excerpt":{"rendered":"<p>Promosso dall&#8217;Auser<\/p>\n","protected":false},"author":28,"featured_media":0,"comment_status":"closed","ping_status":"closed","sticky":false,"template":"","format":"standard","meta":{"dwc-title":[],"dwc-content":[],"footnotes":""},"categories":[5],"tags":[],"class_list":["post-19346","post","type-post","status-publish","format-standard","hentry","category-attualita"],"rttpg_featured_image_url":null,"rttpg_author":{"display_name":"redazione","author_link":"https:\/\/imagazine.it\/home_desk\/author\/redazione\/"},"rttpg_comment":0,"rttpg_category":"<a href=\"https:\/\/imagazine.it\/home_desk\/category\/attualita\/\" rel=\"category tag\">ATTUALIT\u00c0<\/a>","rttpg_excerpt":"Promosso dall'Auser","_links":{"self":[{"href":"https:\/\/imagazine.it\/home_desk\/wp-json\/wp\/v2\/posts\/19346","targetHints":{"allow":["GET"]}}],"collection":[{"href":"https:\/\/imagazine.it\/home_desk\/wp-json\/wp\/v2\/posts"}],"about":[{"href":"https:\/\/imagazine.it\/home_desk\/wp-json\/wp\/v2\/types\/post"}],"author":[{"embeddable":true,"href":"https:\/\/imagazine.it\/home_desk\/wp-json\/wp\/v2\/users\/28"}],"replies":[{"embeddable":true,"href":"https:\/\/imagazine.it\/home_desk\/wp-json\/wp\/v2\/comments?post=19346"}],"version-history":[{"count":0,"href":"https:\/\/imagazine.it\/home_desk\/wp-json\/wp\/v2\/posts\/19346\/revisions"}],"wp:attachment":[{"href":"https:\/\/imagazine.it\/home_desk\/wp-json\/wp\/v2\/media?parent=19346"}],"wp:term":[{"taxonomy":"category","embeddable":true,"href":"https:\/\/imagazine.it\/home_desk\/wp-json\/wp\/v2\/categories?post=19346"},{"taxonomy":"post_tag","embeddable":true,"href":"https:\/\/imagazine.it\/home_desk\/wp-json\/wp\/v2\/tags?post=19346"}],"curies":[{"name":"wp","href":"https:\/\/api.w.org\/{rel}","templated":true}]}}