{"id":19303,"date":"2016-03-04T00:00:00","date_gmt":"2016-03-03T23:00:00","guid":{"rendered":"https:\/\/imagazine.it\/?p=19303"},"modified":"2016-03-04T00:00:00","modified_gmt":"2016-03-03T23:00:00","slug":"selfie-in-friulano-ecco-i-vincitori","status":"publish","type":"post","link":"https:\/\/imagazine.it\/home_desk\/selfie-in-friulano-ecco-i-vincitori\/","title":{"rendered":"Selfie in&#8230; Friulano: ecco i vincitori"},"content":{"rendered":"<p style=\"text-align: justify;\" class=\"ui-droppable\"> \tSono <strong>Admir Adrovic<\/strong> di Cividale del Friuli, <strong>Sabina Villotta<\/strong> di Majano, <strong>Rosa Savani<\/strong> di Mortegliano e <strong>Marina Archidiacono<\/strong> di Udine gli ultimi vincitori dell\u2019edizione 2015 del concorso fotografico \u201cF\u00fbrxfur a colpi di selfie\u201d lanciato nella primavera scorsa dall\u2019ARLeF.<\/p>\n<p style=\"text-align: justify;\" class=\"ui-droppable\"> \tTutti i partecipanti ad alcune delle manifestazioni popolari svoltesi nel 2015 in Friuli (Gusti di Frontiera, Friuli Doc, Suns Europe) erano stati invitati a scattare un simpatico selfie con soggetto friulano e caricarlo nell\u2019apposito spazio su Istagram. I migliori scatti hanno vinto una batteria portatile per cellulari e una serie di materiali e gadget firmati ARLeF. Ma il concorso \u00e8 stato solo uno degli elementi di successo del progetto F\u00fbrxfur che ambisce a promuovere lo status della lingua friulana, in molte forme, all\u2019interno degli aventi regionali di maggiore richiamo.<\/p>\n<p style=\"text-align: justify;\" class=\"ui-droppable\"> \t\u00abL\u2019intento dell\u2019Agenzia per la prima volta \u2013 spiega il presidente, <strong>Lorenzo Fabbro<\/strong> \u2013 \u00e8 stato quello di mettere a sistema una serie di azioni attuate anche in passato per promuovere l\u2019uso della lingua friulana nei grandi eventi. Tutto il territorio regionale \u00e8 stato coinvolto in <em>F\u00fbrxfur &#8211; F\u00fbr par furlan<\/em> con una serie di iniziative coordinate per rafforzare la presenza e l\u2019uso del friulano nelle forme pi\u00f9 moderne, gradite a tutti, ma soprattutto ai giovani. Ci \u00e8 parsa un\u2019idea in grado di unire in maniera positiva e sinergica politica linguistica e promozione del territorio\u00bb.<\/p>\n","protected":false},"excerpt":{"rendered":"<p>\u201cPlui figos par furlan\u201d<\/p>\n","protected":false},"author":28,"featured_media":19304,"comment_status":"closed","ping_status":"closed","sticky":false,"template":"","format":"standard","meta":{"dwc-title":[],"dwc-content":[],"footnotes":""},"categories":[5],"tags":[],"class_list":["post-19303","post","type-post","status-publish","format-standard","has-post-thumbnail","hentry","category-attualita"],"rttpg_featured_image_url":{"full":["https:\/\/imagazine.it\/wp-content\/uploads\/2024\/01\/13149-1.webp",450,300,false],"landscape":["https:\/\/imagazine.it\/wp-content\/uploads\/2024\/01\/13149-1.webp",450,300,false],"portraits":["https:\/\/imagazine.it\/wp-content\/uploads\/2024\/01\/13149-1.webp",450,300,false],"thumbnail":["https:\/\/imagazine.it\/wp-content\/uploads\/2024\/01\/13149-1-150x150.webp",150,150,true],"medium":["https:\/\/imagazine.it\/wp-content\/uploads\/2024\/01\/13149-1-300x200.webp",300,200,true],"large":["https:\/\/imagazine.it\/wp-content\/uploads\/2024\/01\/13149-1.webp",450,300,false],"thumblist":["https:\/\/imagazine.it\/wp-content\/uploads\/2024\/01\/13149-1.webp",300,200,false],"thumbrelated":["https:\/\/imagazine.it\/wp-content\/uploads\/2024\/01\/13149-1.webp",450,300,false],"meccarouselthumb":["https:\/\/imagazine.it\/wp-content\/uploads\/2024\/01\/13149-1.webp",450,300,false],"gridsquare":["https:\/\/imagazine.it\/wp-content\/uploads\/2024\/01\/13149-1.webp",391,260,false],"tileview":["https:\/\/imagazine.it\/wp-content\/uploads\/2024\/01\/13149-1.webp",300,200,false],"1536x1536":["https:\/\/imagazine.it\/wp-content\/uploads\/2024\/01\/13149-1.webp",450,300,false],"2048x2048":["https:\/\/imagazine.it\/wp-content\/uploads\/2024\/01\/13149-1.webp",450,300,false],"newsup-slider-full":["https:\/\/imagazine.it\/wp-content\/uploads\/2024\/01\/13149-1.webp",450,300,false],"newsup-featured":["https:\/\/imagazine.it\/wp-content\/uploads\/2024\/01\/13149-1.webp",450,300,false],"newsup-medium":["https:\/\/imagazine.it\/wp-content\/uploads\/2024\/01\/13149-1.webp",450,300,false],"tptn_thumbnail":["https:\/\/imagazine.it\/wp-content\/uploads\/2024\/01\/13149-1.webp",250,167,false],"sow-carousel-default":["https:\/\/imagazine.it\/wp-content\/uploads\/2024\/01\/13149-1-272x182.webp",272,182,true]},"rttpg_author":{"display_name":"redazione","author_link":"https:\/\/imagazine.it\/home_desk\/author\/redazione\/"},"rttpg_comment":0,"rttpg_category":"<a href=\"https:\/\/imagazine.it\/home_desk\/category\/attualita\/\" rel=\"category tag\">ATTUALIT\u00c0<\/a>","rttpg_excerpt":"\u201cPlui figos par furlan\u201d","_links":{"self":[{"href":"https:\/\/imagazine.it\/home_desk\/wp-json\/wp\/v2\/posts\/19303","targetHints":{"allow":["GET"]}}],"collection":[{"href":"https:\/\/imagazine.it\/home_desk\/wp-json\/wp\/v2\/posts"}],"about":[{"href":"https:\/\/imagazine.it\/home_desk\/wp-json\/wp\/v2\/types\/post"}],"author":[{"embeddable":true,"href":"https:\/\/imagazine.it\/home_desk\/wp-json\/wp\/v2\/users\/28"}],"replies":[{"embeddable":true,"href":"https:\/\/imagazine.it\/home_desk\/wp-json\/wp\/v2\/comments?post=19303"}],"version-history":[{"count":0,"href":"https:\/\/imagazine.it\/home_desk\/wp-json\/wp\/v2\/posts\/19303\/revisions"}],"wp:featuredmedia":[{"embeddable":true,"href":"https:\/\/imagazine.it\/home_desk\/wp-json\/wp\/v2\/media\/19304"}],"wp:attachment":[{"href":"https:\/\/imagazine.it\/home_desk\/wp-json\/wp\/v2\/media?parent=19303"}],"wp:term":[{"taxonomy":"category","embeddable":true,"href":"https:\/\/imagazine.it\/home_desk\/wp-json\/wp\/v2\/categories?post=19303"},{"taxonomy":"post_tag","embeddable":true,"href":"https:\/\/imagazine.it\/home_desk\/wp-json\/wp\/v2\/tags?post=19303"}],"curies":[{"name":"wp","href":"https:\/\/api.w.org\/{rel}","templated":true}]}}