{"id":19228,"date":"2016-02-19T00:00:00","date_gmt":"2016-02-18T23:00:00","guid":{"rendered":"https:\/\/imagazine.it\/?p=19228"},"modified":"2016-02-19T00:00:00","modified_gmt":"2016-02-18T23:00:00","slug":"gorizia-capitale-della-multimedialita-urbana","status":"publish","type":"post","link":"https:\/\/imagazine.it\/home_desk\/gorizia-capitale-della-multimedialita-urbana\/","title":{"rendered":"Gorizia capitale della multimedialit\u00e0 urbana"},"content":{"rendered":"<p style=\"text-align: justify;\" class=\"ui-droppable\"> \tLuci, proiezioni, musica e parole con installazioni artistiche, live performance, workshop e seminari, il cui fil rouge sar\u00e0 la sperimentazione di percorsi innovativi capaci di raccontare la citt\u00e0 nelle sue innumerevoli vesti. \u00a0Si presenter\u00e0 cos\u00ec, a Gorizia, la seconda edizione di <strong>InVisible Cities, Festival Internazionale della Multimedialit\u00e0 Urbana<\/strong>, evento in cui le arti multimediali incontrano la citt\u00e0 per valorizzarne il patrimonio visibile e invisibile.<\/p>\n<p style=\"text-align: justify;\" class=\"ui-droppable\"> \tNello specifico, artisti, studiosi, architetti, progettisti, amministratori locali saranno chiamati a riflettere sul tema <strong>\u201cDopo la catastrofe \/ citt\u00e0, trasformazioni, memorie\u201d<\/strong>: l\u2019edizione 2016 del Festival indagher\u00e0 infatti attraverso gli strumenti e i linguaggi della multimedialit\u00e0 urbana ci\u00f2 che avviene dopo una catastrofe naturale.<\/p>\n<p style=\"text-align: justify;\" class=\"ui-droppable\"> \tUn focus sar\u00e0 dedicato al <strong>quarantesimo anniversario del terremoto del Friuli<\/strong>, un evento che ha segnato profondamente i comuni colpiti, ma che ha significato un nuovo punto di partenza per l\u2019intera regione.<\/p>\n<p style=\"text-align: justify;\" class=\"ui-droppable\"> \tFinanziato dalla Regione Friuli Venezia Giulia, dal Comune di Gorizia e dalla Camera di Commercio di Gorizia, l&#8217;evento \u00e8 organizzato dall\u2019associazione Quarantasettezeroquattro in partenariato con la Provincia di Gorizia e le Associazioni Lucide (Gorizia), Hommelette (Trieste), Pina (Capodistria) e Zona (Parenzo).<\/p>\n<p style=\"text-align: justify;\" class=\"ui-droppable\"> \tL\u2019edizione 2016 del festival, che si terr\u00e0 dal <strong>6 al 29 maggio,<\/strong> sar\u00e0 l\u2019occasione per riproporre Gorizia come capitale della multimedialit\u00e0 urbana coinvolgendo artisti nazionali e internazionali nella realizzazione di opere audiovisive e interattive all\u2019interno del tessuto cittadino. Quest\u2019anno, il Festival sar\u00e0 anche l\u2019occasione per dare visibilit\u00e0 a progetti di grande valore e stimolare le collaborazioni fra alcune delle principali realt\u00e0 che sul territorio regionale si occupano di questi temi: istituzioni come il DAMS di Gorizia e la Mediateca, associazioni e centri di produzione come IoDeposito (promotore della rassegna B#Side War 2016) e Mitteldream, Festival come Pixxelmusic e PelinGOvac<\/p>\n<p style=\"text-align: justify;\" class=\"ui-droppable\"> \tOltre alle collaborazioni locali, il Festival intende portare a Gorizia artisti italiani ed europei attraverso una open call \u2013 in scadenza <strong>il prossimo 29 febbraio <\/strong>\u2013 che chiama a raccolta sia artisti in residenza, ospiti a Gorizia per tutta la durata del Festival, sia artisti non in residenza che potranno portare un\u2019opera o una performance. Per coloro che decideranno di lavorare in loco, ideando installazioni e spettacoli <em>site specific<\/em>, gli organizzatori metteranno a disposizione materiali audiovisivi d\u2019epoca in collaborazione con i principali archivi del territorio.<\/p>\n<p style=\"text-align: justify;\" class=\"ui-droppable\"> \tOltre a presentare alcune opere di artisti nazionali e internazionali, quest\u2019anno, per la prima volta, <strong>il <\/strong>festival punta a coinvolgere in questa riflessione <strong>gli studenti di tutto il territorio nazionale<\/strong> indicendo un <strong>concorso rivolto agli studenti della scuole primarie e secondarie<\/strong>.<\/p>\n<p style=\"text-align: justify;\" class=\"ui-droppable\"> \tLe catastrofi naturali rappresentano uno di quegli eventi \u201climinali\u201d con cui quasi ogni comunit\u00e0 si \u00e8 misurata nell\u2019arco degli ultimi decenni e con cui ancora oggi ci si confronta, valutandone l\u2019impatto, le capacit\u00e0 della comunit\u00e0 di reagire, di mettere in atto pratiche di resilienza e di tramandarne la memoria. Si ritiene, quindi, che una riflessione su questo tema, che appare purtroppo di grande attualit\u00e0, possa spingere gli studenti a una riflessione articolata su una pluralit\u00e0 di questioni storiche, sociali e antropologiche e a una comprensione non banale del significato e dell\u2019impatto sociale, oltre che ambientale, delle catastrofi naturali.<\/p>\n<p style=\"text-align: justify;\" class=\"ui-droppable\"> \tGli studenti possono partecipare come singoli (sotto il tutoraggio di un docente), come classe o come gruppo di studenti coordinati da un docente e devono confermare la propria adesione inviando la <strong>scheda di iscrizione<\/strong> entro <strong>il 14 marzo 2016<\/strong> a <a href=\"mailto:info@invisiblecities.eu\">info@invisiblecities.eu<\/a>.<\/p>\n<p style=\"text-align: justify;\" class=\"ui-droppable\"> \tInVisible Cities 2016 inizier\u00e0 il <strong>6 maggio<\/strong> con l\u2019inaugurazione delle installazioni multimediali realizzate dalle scuole di tutt\u2019Italia che aderiranno al concorso indetto dal Festival e avr\u00e0 il suo culmine nella settimana dal <strong>25 al 29 maggio<\/strong>, quando la citt\u00e0 di animer\u00e0 dalla mattina a notte fonda.<\/p>\n<p style=\"text-align: justify;\" class=\"ui-droppable\"> \tInfo: <a href=\"http:\/\/www.invisiblecities.eu\/\" target=\"_blank\" rel=\"noopener\">www.invisiblecities.eu<\/a><\/p>\n","protected":false},"excerpt":{"rendered":"<p>Dal 6 al 29 maggio<\/p>\n","protected":false},"author":28,"featured_media":19229,"comment_status":"closed","ping_status":"closed","sticky":false,"template":"","format":"standard","meta":{"dwc-title":[],"dwc-content":[],"footnotes":""},"categories":[37],"tags":[],"class_list":["post-19228","post","type-post","status-publish","format-standard","has-post-thumbnail","hentry","category-cultura-e-spettacolo"],"rttpg_featured_image_url":{"full":["https:\/\/imagazine.it\/wp-content\/uploads\/2024\/01\/13015-1.webp",1000,667,false],"landscape":["https:\/\/imagazine.it\/wp-content\/uploads\/2024\/01\/13015-1.webp",1000,667,false],"portraits":["https:\/\/imagazine.it\/wp-content\/uploads\/2024\/01\/13015-1.webp",1000,667,false],"thumbnail":["https:\/\/imagazine.it\/wp-content\/uploads\/2024\/01\/13015-1-150x150.webp",150,150,true],"medium":["https:\/\/imagazine.it\/wp-content\/uploads\/2024\/01\/13015-1-300x200.webp",300,200,true],"large":["https:\/\/imagazine.it\/wp-content\/uploads\/2024\/01\/13015-1.webp",640,427,false],"thumblist":["https:\/\/imagazine.it\/wp-content\/uploads\/2024\/01\/13015-1.webp",300,200,false],"thumbrelated":["https:\/\/imagazine.it\/wp-content\/uploads\/2024\/01\/13015-1.webp",500,334,false],"meccarouselthumb":["https:\/\/imagazine.it\/wp-content\/uploads\/2024\/01\/13015-1.webp",474,316,false],"gridsquare":["https:\/\/imagazine.it\/wp-content\/uploads\/2024\/01\/13015-1.webp",391,260,false],"tileview":["https:\/\/imagazine.it\/wp-content\/uploads\/2024\/01\/13015-1.webp",300,200,false],"1536x1536":["https:\/\/imagazine.it\/wp-content\/uploads\/2024\/01\/13015-1.webp",1000,667,false],"2048x2048":["https:\/\/imagazine.it\/wp-content\/uploads\/2024\/01\/13015-1.webp",1000,667,false],"newsup-slider-full":["https:\/\/imagazine.it\/wp-content\/uploads\/2024\/01\/13015-1.webp",1000,667,false],"newsup-featured":["https:\/\/imagazine.it\/wp-content\/uploads\/2024\/01\/13015-1.webp",1000,667,false],"newsup-medium":["https:\/\/imagazine.it\/wp-content\/uploads\/2024\/01\/13015-1-720x380.webp",720,380,true],"tptn_thumbnail":["https:\/\/imagazine.it\/wp-content\/uploads\/2024\/01\/13015-1.webp",250,167,false],"sow-carousel-default":["https:\/\/imagazine.it\/wp-content\/uploads\/2024\/01\/13015-1-272x182.webp",272,182,true]},"rttpg_author":{"display_name":"redazione","author_link":"https:\/\/imagazine.it\/home_desk\/author\/redazione\/"},"rttpg_comment":0,"rttpg_category":"<a href=\"https:\/\/imagazine.it\/home_desk\/category\/cultura-e-spettacolo\/\" rel=\"category tag\">CULTURA&amp;SPETTACOLO<\/a>","rttpg_excerpt":"Dal 6 al 29 maggio","_links":{"self":[{"href":"https:\/\/imagazine.it\/home_desk\/wp-json\/wp\/v2\/posts\/19228","targetHints":{"allow":["GET"]}}],"collection":[{"href":"https:\/\/imagazine.it\/home_desk\/wp-json\/wp\/v2\/posts"}],"about":[{"href":"https:\/\/imagazine.it\/home_desk\/wp-json\/wp\/v2\/types\/post"}],"author":[{"embeddable":true,"href":"https:\/\/imagazine.it\/home_desk\/wp-json\/wp\/v2\/users\/28"}],"replies":[{"embeddable":true,"href":"https:\/\/imagazine.it\/home_desk\/wp-json\/wp\/v2\/comments?post=19228"}],"version-history":[{"count":0,"href":"https:\/\/imagazine.it\/home_desk\/wp-json\/wp\/v2\/posts\/19228\/revisions"}],"wp:featuredmedia":[{"embeddable":true,"href":"https:\/\/imagazine.it\/home_desk\/wp-json\/wp\/v2\/media\/19229"}],"wp:attachment":[{"href":"https:\/\/imagazine.it\/home_desk\/wp-json\/wp\/v2\/media?parent=19228"}],"wp:term":[{"taxonomy":"category","embeddable":true,"href":"https:\/\/imagazine.it\/home_desk\/wp-json\/wp\/v2\/categories?post=19228"},{"taxonomy":"post_tag","embeddable":true,"href":"https:\/\/imagazine.it\/home_desk\/wp-json\/wp\/v2\/tags?post=19228"}],"curies":[{"name":"wp","href":"https:\/\/api.w.org\/{rel}","templated":true}]}}