{"id":19220,"date":"2016-02-18T00:00:00","date_gmt":"2016-02-17T23:00:00","guid":{"rendered":"https:\/\/imagazine.it\/?p=19220"},"modified":"2016-02-18T00:00:00","modified_gmt":"2016-02-17T23:00:00","slug":"i-vini-fvg-alla-degustazione-deuropa","status":"publish","type":"post","link":"https:\/\/imagazine.it\/home_desk\/i-vini-fvg-alla-degustazione-deuropa\/","title":{"rendered":"I vini FVG alla degustazione d&#8217;Europa"},"content":{"rendered":"<p style=\"text-align: justify;\" class=\"ui-droppable\"> \tParte luned\u00ec 22 febbraio, da Monaco di Baviera in Germania, il \u201cFriulano on tour\u201d un percorso di promozione dei vini del Fvg nelle principali capitali europee, rivolto alle cantine del territorio. Il progetto, giunto alla sesta edizione, \u00e8 coordinato dal Consorzio delle Doc Fvg su incarico di Ersa (Agenzia regionale per lo sviluppo rurale) e vede la collaborazione di PromoTurismoFvg.<\/p>\n<p style=\"text-align: justify;\" class=\"ui-droppable\"> \tAll\u2019evento, che si terr\u00e0 presso l\u2019esclusivo <em>The Charles Hotel<\/em>, saranno presenti 21 cantine provenienti da tutta la regione, le quali potranno presentare al pubblico i loro vini di qualit\u00e0.<\/p>\n<p style=\"text-align: justify;\" class=\"ui-droppable\"> \tDalle ore 14.30 alle 20 operatori del settore e giornalisti potranno degustare i prodotti esposti e stabilire un contatto diretto con le aziende; dalle ore 17, invece, l\u2019evento sar\u00e0 aperto anche ai cosiddetti \u201cwine lovers\u201d esclusivamente su invito.<\/p>\n<p style=\"text-align: justify;\" class=\"ui-droppable\"> \tLa tappa successiva del Tour sar\u00e0 a Praga, in Repubblica Ceca, gioved\u00ec 3 marzo, presso l\u2019<em>Hotel<\/em> <em>Hilton Prague<\/em>.<\/p>\n<p style=\"text-align: justify;\" class=\"ui-droppable\"> \tIn entrambe le tappe saranno realizzati dei seminari\/degustazioni guidate a cura di esperti locali per evidenziare le caratteristiche dei vini e le peculiarit\u00e0 delle varie Denominazioni regionali. Ciascun appuntamento rappresenter\u00e0 un confronto-incontro con professionisti del settore enogastronomico per far conoscere la grande qualit\u00e0 raggiunta dai vini del Fvg. I mercati da presidiare sono stati scelti in base alle indicazioni suggerite dai produttori stessi, perci\u00f2, la partecipazione a \u201cFriulano on tour\u201d ha un valore strategico in chiave di esportazione dei prodotti regionali di alta qualit\u00e0 verso mercati pi\u00f9 recettivi di quello italiano, tuttora poco vivace.<\/p>\n","protected":false},"excerpt":{"rendered":"<p>&#8220;Friulano on tour&#8221;<\/p>\n","protected":false},"author":28,"featured_media":19221,"comment_status":"closed","ping_status":"closed","sticky":false,"template":"","format":"standard","meta":{"dwc-title":[],"dwc-content":[],"footnotes":""},"categories":[5],"tags":[],"class_list":["post-19220","post","type-post","status-publish","format-standard","has-post-thumbnail","hentry","category-attualita"],"rttpg_featured_image_url":{"full":["https:\/\/imagazine.it\/wp-content\/uploads\/2024\/01\/13008-1.webp",406,300,false],"landscape":["https:\/\/imagazine.it\/wp-content\/uploads\/2024\/01\/13008-1.webp",406,300,false],"portraits":["https:\/\/imagazine.it\/wp-content\/uploads\/2024\/01\/13008-1.webp",406,300,false],"thumbnail":["https:\/\/imagazine.it\/wp-content\/uploads\/2024\/01\/13008-1-150x150.webp",150,150,true],"medium":["https:\/\/imagazine.it\/wp-content\/uploads\/2024\/01\/13008-1-300x222.webp",300,222,true],"large":["https:\/\/imagazine.it\/wp-content\/uploads\/2024\/01\/13008-1.webp",406,300,false],"thumblist":["https:\/\/imagazine.it\/wp-content\/uploads\/2024\/01\/13008-1.webp",300,222,false],"thumbrelated":["https:\/\/imagazine.it\/wp-content\/uploads\/2024\/01\/13008-1.webp",406,300,false],"meccarouselthumb":["https:\/\/imagazine.it\/wp-content\/uploads\/2024\/01\/13008-1.webp",406,300,false],"gridsquare":["https:\/\/imagazine.it\/wp-content\/uploads\/2024\/01\/13008-1.webp",352,260,false],"tileview":["https:\/\/imagazine.it\/wp-content\/uploads\/2024\/01\/13008-1.webp",300,222,false],"1536x1536":["https:\/\/imagazine.it\/wp-content\/uploads\/2024\/01\/13008-1.webp",406,300,false],"2048x2048":["https:\/\/imagazine.it\/wp-content\/uploads\/2024\/01\/13008-1.webp",406,300,false],"newsup-slider-full":["https:\/\/imagazine.it\/wp-content\/uploads\/2024\/01\/13008-1.webp",406,300,false],"newsup-featured":["https:\/\/imagazine.it\/wp-content\/uploads\/2024\/01\/13008-1.webp",406,300,false],"newsup-medium":["https:\/\/imagazine.it\/wp-content\/uploads\/2024\/01\/13008-1.webp",406,300,false],"tptn_thumbnail":["https:\/\/imagazine.it\/wp-content\/uploads\/2024\/01\/13008-1.webp",250,185,false],"sow-carousel-default":["https:\/\/imagazine.it\/wp-content\/uploads\/2024\/01\/13008-1-272x182.webp",272,182,true]},"rttpg_author":{"display_name":"redazione","author_link":"https:\/\/imagazine.it\/home_desk\/author\/redazione\/"},"rttpg_comment":0,"rttpg_category":"<a href=\"https:\/\/imagazine.it\/home_desk\/category\/attualita\/\" rel=\"category tag\">ATTUALIT\u00c0<\/a>","rttpg_excerpt":"\"Friulano on tour\"","_links":{"self":[{"href":"https:\/\/imagazine.it\/home_desk\/wp-json\/wp\/v2\/posts\/19220","targetHints":{"allow":["GET"]}}],"collection":[{"href":"https:\/\/imagazine.it\/home_desk\/wp-json\/wp\/v2\/posts"}],"about":[{"href":"https:\/\/imagazine.it\/home_desk\/wp-json\/wp\/v2\/types\/post"}],"author":[{"embeddable":true,"href":"https:\/\/imagazine.it\/home_desk\/wp-json\/wp\/v2\/users\/28"}],"replies":[{"embeddable":true,"href":"https:\/\/imagazine.it\/home_desk\/wp-json\/wp\/v2\/comments?post=19220"}],"version-history":[{"count":0,"href":"https:\/\/imagazine.it\/home_desk\/wp-json\/wp\/v2\/posts\/19220\/revisions"}],"wp:featuredmedia":[{"embeddable":true,"href":"https:\/\/imagazine.it\/home_desk\/wp-json\/wp\/v2\/media\/19221"}],"wp:attachment":[{"href":"https:\/\/imagazine.it\/home_desk\/wp-json\/wp\/v2\/media?parent=19220"}],"wp:term":[{"taxonomy":"category","embeddable":true,"href":"https:\/\/imagazine.it\/home_desk\/wp-json\/wp\/v2\/categories?post=19220"},{"taxonomy":"post_tag","embeddable":true,"href":"https:\/\/imagazine.it\/home_desk\/wp-json\/wp\/v2\/tags?post=19220"}],"curies":[{"name":"wp","href":"https:\/\/api.w.org\/{rel}","templated":true}]}}