{"id":19193,"date":"2016-02-12T00:00:00","date_gmt":"2016-02-11T23:00:00","guid":{"rendered":"https:\/\/imagazine.it\/?p=19193"},"modified":"2016-02-12T00:00:00","modified_gmt":"2016-02-11T23:00:00","slug":"trieste-il-municipio-apre-le-porte-ai-visitatori","status":"publish","type":"post","link":"https:\/\/imagazine.it\/home_desk\/trieste-il-municipio-apre-le-porte-ai-visitatori\/","title":{"rendered":"Trieste, il municipio apre le porte ai visitatori"},"content":{"rendered":"<p style=\"text-align: justify;\" class=\"ui-droppable\"> \t\u00abColmare la distanza fra cittadini e istituzioni anche &#8216;fisicamente&#8217; e avvicinare alla &#8216;casa della comunit\u00e0&#8217; promuovendo visite ai luoghi istituzionali d&#8217;interesse storico-culturale patrimonio della nostra citt\u00e0. \u00c8 con questo obiettivo che l&#8217;Amministrazione comunale di Trieste promuove momenti di incontro con i cittadini per accrescere la partecipazione attiva alla cosa pubblica, anche realizzando iniziative\u00a0 quali <em>\u201cPorte Aperte in Municipio\u201d<\/em>\u00bb, ha affermato la vicesindaca <strong>Fabiana Martini<\/strong> nel corso della conferenza stampa a cui sono intervenuti la dirigente dell&#8217;Area Risorse Umane, Comunicazione e Servizi al cittadino <strong>Romana Meula<\/strong>, con la dirigente del Servizio Comunicazione <strong>Barbara Borsi<\/strong> e il Social Media Manager <strong>Christian Tosolin<\/strong>. Presenti anche i consiglieri comunali <strong>Roberto Decarli<\/strong> e <strong>Sebastiano Truglio<\/strong>.<\/p>\n<p style=\"text-align: justify;\" class=\"ui-droppable\"> \tL&#8217;evento verr\u00e0 realizzato grazie alla collaborazione tra alcune Aree (Educazione, Universit\u00e0, Cultura, Ricerca e Sport; Polizia Locale e Sicurezza; Risorse Umane, Comunicazione e Servizi al Cittadino) e prevede nello specifico la visita guidata a tre luoghi rappresentativi del Comune: la Sala del Consiglio, la Galleria dei Sindaci e l&#8217;Archivio Generale.<\/p>\n<p style=\"text-align: justify;\" class=\"ui-droppable\"> \tI visitatori saranno accompagnati da personale comunale dell&#8217;Urp e dell&#8217;Archivio, nonch\u00e9 guidati dal professor <strong>Giulio Mellinato<\/strong>, docente di Storia Economica all&#8217;Universit\u00e0 di Milano-Bicocca. L&#8217;iniziativa, che avr\u00e0 luogo domenica 21 febbraio, dalle ore 9.30 alle 13, si articoler\u00e0 in tre momenti (della durata di un&#8217;ora) cos\u00ec suddivisi:\u00a0 9.30\u201310.30 \u00a0I gruppo; 10.30\u201311.30 II gruppo; 11.30\u201312.30 III gruppo.<\/p>\n<p style=\"text-align: justify;\" class=\"ui-droppable\"> \tLe visite (su prenotazione) prevedono un numero massimo di 50 persone ogni ora per un totale di 150 persone complessive nella mattinata.<\/p>\n<p style=\"text-align: justify;\" class=\"ui-droppable\"> \tI partecipanti dovranno presentarsi in Piazza Unit\u00e0 sotto i portici del Comune 15 minuti prima della partenza per la suddivisione in due sottogruppi; ogni sottogruppo sar\u00e0 composto da massimo 25 persone che inizieranno il percorso rispettivamente un sottogruppo dalla Sala del Consiglio e l&#8217;altro dall&#8217;Archivio Generale.<\/p>\n<p style=\"text-align: justify;\" class=\"ui-droppable\"> \tL&#8217;ultimo gruppo (fascia oraria 11.30\u201312.30) \u00e8 indirizzato <em>ai pi\u00f9 giovani,<\/em> in particolare agli appassionati di <em>smart photography, <\/em>che potranno dedicare pi\u00f9 tempo alla visita della Sala Consiglio e dalla quale tra l&#8217;altro, affacciandosi dalle finestre, potranno immortalare gli scorci pi\u00f9 suggestivi di Piazza Unit\u00e0, punti di vista e angolature insolite, e pubblicare le immagini sui social.<\/p>\n<p style=\"text-align: justify;\" class=\"ui-droppable\"> \tPer partecipare \u00e8 prevista la prenotazione on line da parte dei cittadini interessati su\u00a0<a href=\"https:\/\/www.eventbrite.it\/e\/biglietti-porte-aperte-in-municipio-21027988279\" target=\"_blank\" rel=\"noopener\">https:\/\/www.eventbrite.it\/e\/biglietti-porte-aperte-in-municipio-21027988279<\/a>; \u00e8 inoltre possibile la prenotazione facilitata presentandosi direttamente\u00a0 presso lo sportello dell&#8217; URP (via\u00a0 della Procureria 2\/A) dal\u00a0 15 al 20 febbraio 2016 (dal luned\u00ec al venerd\u00ec 9\u201312.30, luned\u00ec e mercoled\u00ec\u00a0 anche 14.30 \u2013 17).<\/p>\n","protected":false},"excerpt":{"rendered":"<p>Visite guidate domenica 21 febbraio<\/p>\n","protected":false},"author":28,"featured_media":19194,"comment_status":"closed","ping_status":"closed","sticky":false,"template":"","format":"standard","meta":{"dwc-title":[],"dwc-content":[],"footnotes":""},"categories":[5],"tags":[],"class_list":["post-19193","post","type-post","status-publish","format-standard","has-post-thumbnail","hentry","category-attualita"],"rttpg_featured_image_url":{"full":["https:\/\/imagazine.it\/wp-content\/uploads\/2024\/01\/12960-1.webp",450,300,false],"landscape":["https:\/\/imagazine.it\/wp-content\/uploads\/2024\/01\/12960-1.webp",450,300,false],"portraits":["https:\/\/imagazine.it\/wp-content\/uploads\/2024\/01\/12960-1.webp",450,300,false],"thumbnail":["https:\/\/imagazine.it\/wp-content\/uploads\/2024\/01\/12960-1-150x150.webp",150,150,true],"medium":["https:\/\/imagazine.it\/wp-content\/uploads\/2024\/01\/12960-1-300x200.webp",300,200,true],"large":["https:\/\/imagazine.it\/wp-content\/uploads\/2024\/01\/12960-1.webp",450,300,false],"thumblist":["https:\/\/imagazine.it\/wp-content\/uploads\/2024\/01\/12960-1.webp",300,200,false],"thumbrelated":["https:\/\/imagazine.it\/wp-content\/uploads\/2024\/01\/12960-1.webp",450,300,false],"meccarouselthumb":["https:\/\/imagazine.it\/wp-content\/uploads\/2024\/01\/12960-1.webp",450,300,false],"gridsquare":["https:\/\/imagazine.it\/wp-content\/uploads\/2024\/01\/12960-1.webp",391,260,false],"tileview":["https:\/\/imagazine.it\/wp-content\/uploads\/2024\/01\/12960-1.webp",300,200,false],"1536x1536":["https:\/\/imagazine.it\/wp-content\/uploads\/2024\/01\/12960-1.webp",450,300,false],"2048x2048":["https:\/\/imagazine.it\/wp-content\/uploads\/2024\/01\/12960-1.webp",450,300,false],"newsup-slider-full":["https:\/\/imagazine.it\/wp-content\/uploads\/2024\/01\/12960-1.webp",450,300,false],"newsup-featured":["https:\/\/imagazine.it\/wp-content\/uploads\/2024\/01\/12960-1.webp",450,300,false],"newsup-medium":["https:\/\/imagazine.it\/wp-content\/uploads\/2024\/01\/12960-1.webp",450,300,false],"tptn_thumbnail":["https:\/\/imagazine.it\/wp-content\/uploads\/2024\/01\/12960-1.webp",250,167,false],"sow-carousel-default":["https:\/\/imagazine.it\/wp-content\/uploads\/2024\/01\/12960-1-272x182.webp",272,182,true]},"rttpg_author":{"display_name":"redazione","author_link":"https:\/\/imagazine.it\/home_desk\/author\/redazione\/"},"rttpg_comment":0,"rttpg_category":"<a href=\"https:\/\/imagazine.it\/home_desk\/category\/attualita\/\" rel=\"category tag\">ATTUALIT\u00c0<\/a>","rttpg_excerpt":"Visite guidate domenica 21 febbraio","_links":{"self":[{"href":"https:\/\/imagazine.it\/home_desk\/wp-json\/wp\/v2\/posts\/19193","targetHints":{"allow":["GET"]}}],"collection":[{"href":"https:\/\/imagazine.it\/home_desk\/wp-json\/wp\/v2\/posts"}],"about":[{"href":"https:\/\/imagazine.it\/home_desk\/wp-json\/wp\/v2\/types\/post"}],"author":[{"embeddable":true,"href":"https:\/\/imagazine.it\/home_desk\/wp-json\/wp\/v2\/users\/28"}],"replies":[{"embeddable":true,"href":"https:\/\/imagazine.it\/home_desk\/wp-json\/wp\/v2\/comments?post=19193"}],"version-history":[{"count":0,"href":"https:\/\/imagazine.it\/home_desk\/wp-json\/wp\/v2\/posts\/19193\/revisions"}],"wp:featuredmedia":[{"embeddable":true,"href":"https:\/\/imagazine.it\/home_desk\/wp-json\/wp\/v2\/media\/19194"}],"wp:attachment":[{"href":"https:\/\/imagazine.it\/home_desk\/wp-json\/wp\/v2\/media?parent=19193"}],"wp:term":[{"taxonomy":"category","embeddable":true,"href":"https:\/\/imagazine.it\/home_desk\/wp-json\/wp\/v2\/categories?post=19193"},{"taxonomy":"post_tag","embeddable":true,"href":"https:\/\/imagazine.it\/home_desk\/wp-json\/wp\/v2\/tags?post=19193"}],"curies":[{"name":"wp","href":"https:\/\/api.w.org\/{rel}","templated":true}]}}