{"id":19185,"date":"2016-02-11T00:00:00","date_gmt":"2016-02-10T23:00:00","guid":{"rendered":"https:\/\/imagazine.it\/?p=19185"},"modified":"2016-02-11T00:00:00","modified_gmt":"2016-02-10T23:00:00","slug":"cividale-la-protezione-civile-cerca-volontari","status":"publish","type":"post","link":"https:\/\/imagazine.it\/home_desk\/cividale-la-protezione-civile-cerca-volontari\/","title":{"rendered":"Cividale, la Protezione civile cerca volontari"},"content":{"rendered":"<p style=\"text-align: justify;\" class=\"ui-droppable\"> \t6.345 ore di servizio in 483 turni per un totale di 2.010 giornate\/volontario di impegno, con una media mensile di 35 diversi volontari impegnati ed una percorrenza complessiva di quasi 10.150 km da parte dei 5 automezzi in dotazione: questi i numeri che danno un\u2019idea dell\u2019impegno profuso nel 2015 dai volontari che costituiscono il Gruppo Comunale Protezione Civile di Cividale del Friuli. Un anno che si discosta dagli altri per alcune novit\u00e0: l\u2019entrata a regime del monitoraggio sanitario e le attivit\u00e0, poco note, svolte dai volontari per il costante aggiornamento del Piano Comunale delle Emergenze e per il Piano Neve e Ghiaccio.<\/p>\n<p style=\"text-align: justify;\" class=\"ui-droppable\"> \tIl Gruppo \u00e8 ora stabilizzato su <strong>45 volontari<\/strong> che il Consigliere comunale delegato alla Protezione Civile <strong>Davide Cantarutti<\/strong> ringrazia e a cui porge il plauso dell\u2019intera comunit\u00e0 per la preziosa opera svolta. Il Gruppo ha proseguito anche nel 2015 le sue attivit\u00e0: il Coordinatore <strong>Gianfranco Mauri<\/strong> spiega che si tratta di tutte quelle <strong>attivit\u00e0 di verifica e convalida sul campo<\/strong>, con perlustrazioni ma anche addestramenti in loco, per l\u2019aggiornamento costante dei piani di emergenza, che includono anche il successivo aggiornamento dello specifico data-base del sistema informatico messo a disposizione dalla Protezione Civile della Regione e che consente la condivisione, anche alle strutture regionali e nazionali preposte alle operazioni di soccorso, delle informazioni inserite che, in tal modo, risultano aggiornate in tempo reale. Ogni cittadino pu\u00f2 prenderne visione, rendendosi anche parte attiva nella segnalazione di eventuali informazioni, al seguente indirizzo internet:\u00a0<a href=\"http:\/\/pianiemergenza.protezionecivile.fvg.it\/municipalities\/030026\/sections\/first\" target=\"_blank\" rel=\"noopener\">http:\/\/pianiemergenza.protezionecivile.fvg.it\/municipalities\/030026\/sections\/first<\/a>.<\/p>\n<p style=\"text-align: justify;\" class=\"ui-droppable\"> \tDal 2015 \u00e8 stato inoltre attivato un <strong>servizio di monitoraggio del risentimento sismico sul territorio<\/strong> ogni qualvolta avvenga un evento di magnitudo superiore a 2,5 gradi Richter, nella nostra regione e nelle regioni contermini, Austria e Slovenia inclusa. Tali attivit\u00e0, in numero di 8 nel 2015, consentono all\u2019Osservatorio Geofisico Sperimentale (sotto la cui regia e supervisione vengono effettuati) di disporre di informazioni ancora pi\u00f9 dettagliate e complete, utili per l\u2019affinamento degli algoritmi matematici di determinazione dei danni e, quindi, dell\u2019indirizzamento dei soccorsi.<\/p>\n<p style=\"text-align: justify;\" class=\"ui-droppable\"> \tA quanto sopra esposto si sono affiancate le ordinarie attivit\u00e0 di Protezione Civile, a tutela della incolumit\u00e0 delle persone e dei beni in occasione di eventi emergenziali.<\/p>\n<p style=\"text-align: justify;\" class=\"ui-droppable\"> \tA livello operativo da ricordare i 4 turni di 9 giorni ciascuno, effettuati dai volontari qualificati Anti Incendi Boschivi, per il servizio di prevenzione ed intervento Anti Incendio Boschivo nel Gargano (Puglia), effettuati nei mesi di Luglio e Agosto presso la Caserma di Jacotenente a Vico del Gargano (Foggia). Si ricordano anche le attivit\u00e0 logistiche programmate, di rilevanza sociale, con due turni ogni mese, che vedono i volontari del Gruppo di Cividale coinvolti nei trasporti, dall\u2019Ospedale di Udine alla sede di Palmanova della Protezione Civile regionale, del sangue cordonale donato dalle puerpere, nonch\u00e9 i trasporti dei generi alimentari del banco alimentare, ritirati dal deposito di Pasian di Prato a favore della Caritas di Cividale del Friuli. A queste, che sono le principali attivit\u00e0 operative, vanno aggiunte tutte le costanti attivit\u00e0 di manutenzione e le fondamentali attivit\u00e0 di formazione, addestramento e simulazione, che rappresentano i 2\/3 dell\u2019attivit\u00e0 complessiva.<\/p>\n<p style=\"text-align: justify;\" class=\"ui-droppable\"> \tTutto questo evidenziando che di lavoro ce n\u2019\u00e8 tanto e in continuo aumento <strong>e il Gruppo \u00e8 sempre alla ricerca di nuovi e volenterosi<\/strong>. Non \u00e8 richiesta alcuna professionalit\u00e0 particolare che, se presente, \u00e8 ovviamente gradita: la formazione \u00e8 interna, a carico della struttura regionale di protezione civile ed \u00e8 continua nel tempo. Gli interessati possono consultare l\u2019apposita sezione sul sito internet del Comune di Cividale del Friuli o contattare l\u2019Ufficio Comunale di Protezione Civile (tel. 0432 710453 e-mail <a href=\"mailto:protezione.civile@cividale.net\">protezione.civile@cividale.net<\/a>), per conoscere le modalit\u00e0 di iscrizione.<\/p>\n","protected":false},"excerpt":{"rendered":"<p>Nel 2015 oltre 6 mila ore di servizio<\/p>\n","protected":false},"author":28,"featured_media":19186,"comment_status":"closed","ping_status":"closed","sticky":false,"template":"","format":"standard","meta":{"dwc-title":[],"dwc-content":[],"footnotes":""},"categories":[5],"tags":[],"class_list":["post-19185","post","type-post","status-publish","format-standard","has-post-thumbnail","hentry","category-attualita"],"rttpg_featured_image_url":{"full":["https:\/\/imagazine.it\/wp-content\/uploads\/2024\/01\/12951-1.webp",400,599,false],"landscape":["https:\/\/imagazine.it\/wp-content\/uploads\/2024\/01\/12951-1.webp",400,599,false],"portraits":["https:\/\/imagazine.it\/wp-content\/uploads\/2024\/01\/12951-1.webp",400,599,false],"thumbnail":["https:\/\/imagazine.it\/wp-content\/uploads\/2024\/01\/12951-1-150x150.webp",150,150,true],"medium":["https:\/\/imagazine.it\/wp-content\/uploads\/2024\/01\/12951-1-200x300.webp",200,300,true],"large":["https:\/\/imagazine.it\/wp-content\/uploads\/2024\/01\/12951-1.webp",400,599,false],"thumblist":["https:\/\/imagazine.it\/wp-content\/uploads\/2024\/01\/12951-1.webp",200,300,false],"thumbrelated":["https:\/\/imagazine.it\/wp-content\/uploads\/2024\/01\/12951-1.webp",334,500,false],"meccarouselthumb":["https:\/\/imagazine.it\/wp-content\/uploads\/2024\/01\/12951-1.webp",216,324,false],"gridsquare":["https:\/\/imagazine.it\/wp-content\/uploads\/2024\/01\/12951-1.webp",174,260,false],"tileview":["https:\/\/imagazine.it\/wp-content\/uploads\/2024\/01\/12951-1.webp",267,400,false],"1536x1536":["https:\/\/imagazine.it\/wp-content\/uploads\/2024\/01\/12951-1.webp",400,599,false],"2048x2048":["https:\/\/imagazine.it\/wp-content\/uploads\/2024\/01\/12951-1.webp",400,599,false],"newsup-slider-full":["https:\/\/imagazine.it\/wp-content\/uploads\/2024\/01\/12951-1.webp",400,599,false],"newsup-featured":["https:\/\/imagazine.it\/wp-content\/uploads\/2024\/01\/12951-1.webp",400,599,false],"newsup-medium":["https:\/\/imagazine.it\/wp-content\/uploads\/2024\/01\/12951-1-400x380.webp",400,380,true],"tptn_thumbnail":["https:\/\/imagazine.it\/wp-content\/uploads\/2024\/01\/12951-1.webp",140,210,false],"sow-carousel-default":["https:\/\/imagazine.it\/wp-content\/uploads\/2024\/01\/12951-1-272x182.webp",272,182,true]},"rttpg_author":{"display_name":"redazione","author_link":"https:\/\/imagazine.it\/home_desk\/author\/redazione\/"},"rttpg_comment":0,"rttpg_category":"<a href=\"https:\/\/imagazine.it\/home_desk\/category\/attualita\/\" rel=\"category tag\">ATTUALIT\u00c0<\/a>","rttpg_excerpt":"Nel 2015 oltre 6 mila ore di servizio","_links":{"self":[{"href":"https:\/\/imagazine.it\/home_desk\/wp-json\/wp\/v2\/posts\/19185","targetHints":{"allow":["GET"]}}],"collection":[{"href":"https:\/\/imagazine.it\/home_desk\/wp-json\/wp\/v2\/posts"}],"about":[{"href":"https:\/\/imagazine.it\/home_desk\/wp-json\/wp\/v2\/types\/post"}],"author":[{"embeddable":true,"href":"https:\/\/imagazine.it\/home_desk\/wp-json\/wp\/v2\/users\/28"}],"replies":[{"embeddable":true,"href":"https:\/\/imagazine.it\/home_desk\/wp-json\/wp\/v2\/comments?post=19185"}],"version-history":[{"count":0,"href":"https:\/\/imagazine.it\/home_desk\/wp-json\/wp\/v2\/posts\/19185\/revisions"}],"wp:featuredmedia":[{"embeddable":true,"href":"https:\/\/imagazine.it\/home_desk\/wp-json\/wp\/v2\/media\/19186"}],"wp:attachment":[{"href":"https:\/\/imagazine.it\/home_desk\/wp-json\/wp\/v2\/media?parent=19185"}],"wp:term":[{"taxonomy":"category","embeddable":true,"href":"https:\/\/imagazine.it\/home_desk\/wp-json\/wp\/v2\/categories?post=19185"},{"taxonomy":"post_tag","embeddable":true,"href":"https:\/\/imagazine.it\/home_desk\/wp-json\/wp\/v2\/tags?post=19185"}],"curies":[{"name":"wp","href":"https:\/\/api.w.org\/{rel}","templated":true}]}}