{"id":19170,"date":"2016-02-09T00:00:00","date_gmt":"2016-02-08T23:00:00","guid":{"rendered":"https:\/\/imagazine.it\/?p=19170"},"modified":"2016-02-09T00:00:00","modified_gmt":"2016-02-08T23:00:00","slug":"i-parchi-scientifici-e-tecnologici-fvg-fanno-squadra","status":"publish","type":"post","link":"https:\/\/imagazine.it\/home_desk\/i-parchi-scientifici-e-tecnologici-fvg-fanno-squadra\/","title":{"rendered":"I Parchi scientifici e tecnologici FVG fanno squadra"},"content":{"rendered":"<p class=\"ui-droppable\" style=\"text-align: justify;\"> \t\u201cAll\u2019insegna del motto l\u2019<em>innovazione<\/em> <em>fa la forza<\/em>, i quattro Parchi scientifici e tecnologici del Friuli Venezia Giulia collaborano in un progetto finanziato dalla Regione con quasi 2 milioni di euro in due anni nella direzione di un&#39;idea e di un concetto nuovo di innovazione, aperto alla condivisione e alla cooperazione in un unico territorio, quello del Friuli Venezia Giulia, capace di valorizzare competenze di eccellenza&#8221;.<\/p>\n<\/p>\n<p class=\"ui-droppable\" style=\"text-align: justify;\"> \t\u00c8 questo il significato del Progetto\u00a0<strong>Open Innovation System (OIS) FVG<\/strong>\u00a0nelle parole dell&#39;assessore regionale al Lavoro, alla Formazione, alla Ricerca e all&#39;Universit\u00e0 <strong>Loredana Panariti<\/strong> che l&#39;ha presentato nella sede della Regione a Udine insieme al presidente di Friuli Innovazione <strong>Guido Nassimbeni<\/strong>.<\/p>\n<p class=\"ui-droppable\" style=\"text-align: justify;\"> \t&#8220;Per la prima volta &#8211; ha evidenziato Panariti &#8211; i Parchi scientifici del Friuli Venezia Giulia danno vita a un sistema unico e integrato che, con il sostegno della Regione, si mette in relazione con le piattaforme di innovazione dell&#39;Unione europea in maniera da cogliere i finanziamenti europei che potranno arrivare in questa direzione&#8221;.<\/p>\n<p class=\"ui-droppable\" style=\"text-align: justify;\"> \tAREA Science Park, Consorzio Innova FVG, Friuli Innovazione e Polo Tecnologico di Pordenone erano tutti rappresentati all&#39;incontro di oggi.<\/p>\n<p class=\"ui-droppable\" style=\"text-align: justify;\"> \t&#8220;Mettere in relazione i punti del territorio lavorando sui servizi in un&#39;ottica di innovazione aperta&#8221;, secondo l&#39;assessore, \u00e8 ci\u00f2 che pu\u00f2 permettere al Friuli Venezia Giulia, regione che supera la media nazionale sul piano degli\u00a0<em>standard<\/em>\u00a0 di ricerca e innovazione, &#8220;di fare un salto di qualit\u00e0 nell&#39;ottica della Strategia della specializzazione intelligente (S3)&#8221;.<\/p>\n<p class=\"ui-droppable\" style=\"text-align: justify;\"> \tL&#39;iniziativa dei Parchi porter\u00e0 all&#39;identificazione di 300 imprese (a partire da una base di 2.200) destinatarie delle iniziative di innovazione di OIS che si tradurranno in 65 progetti a costo zero per le aziende. Open Innovation System si svilupper\u00e0 in una serie di tappe prestabilite: il primo passo sar\u00e0 l&#39;Audit degli esperti dei Parchi, che si recheranno direttamente nelle imprese per verificare le esigenze di innovazione delle aziende.<\/p>\n<p class=\"ui-droppable\" style=\"text-align: justify;\"> \tSar\u00e0 quindi offerta l&#39;assistenza tecnica necessaria, con l&#39;analisi delle potenzialit\u00e0 di sviluppo dei progetti, dello scenario tecnologico e di mercato e attraverso l&#39;individuazione di strumenti, come i brevetti a protezione dell&#39;idea, e di competenze, tecnologie e\u00a0<em>partner<\/em>. All&#39;approfondimento sulla fattibilit\u00e0 dei progetti, seguir\u00e0 una pianificazione dettagliata dell&#39;attivit\u00e0, mirata a intercettare le misure di finanziamento disponibili, dai fondi del Programma Operativo Regionale (POR) del Fondo Europeo di Sviluppo Regionale (FESR) ad altre risorse nazionali ed europee.<\/p>\n<p class=\"ui-droppable\" style=\"text-align: justify;\"> \tCome ha reso noto Nassimbeni, &#8220;il gruppo di lavoro dei quattro Parchi regionali \u00e8 gi\u00e0 stato costituito e sta mettendo a punto strumenti e modelli operativi per portare avanti le iniziative e per monitorarne i risultati&#8221;.<\/p>\n<p class=\"ui-droppable\" style=\"text-align: justify;\"> \tPanariti ha sottolineato, infine, &#8220;la relazione forte che si creer\u00e0 con il territorio e con le sue imprese, grazie anche agli sportelli aperti dai Parchi per fornire informazioni complete su OIS&#8221;, l&#39;integrazione con i percorsi di formazione, l&#39;Agenzia per il Lavoro e i Centri per l&#39;Impiego e, sul piano pi\u00f9 squisitamente scientifico-tecnologico, la &#8220;valorizzazione delle eccellenze, che vengono messe a fattor comune in un contesto pi\u00f9 ampio che nel passato&#8221;.<\/p>\n","protected":false},"excerpt":{"rendered":"<p>Progetto &#8220;Open Innovation System&#8221;<\/p>\n","protected":false},"author":28,"featured_media":19171,"comment_status":"closed","ping_status":"closed","sticky":false,"template":"","format":"standard","meta":{"dwc-title":[],"dwc-content":[],"footnotes":""},"categories":[5],"tags":[],"class_list":["post-19170","post","type-post","status-publish","format-standard","has-post-thumbnail","hentry","category-attualita"],"rttpg_featured_image_url":{"full":["https:\/\/imagazine.it\/wp-content\/uploads\/2024\/01\/12880-1.webp",454,300,false],"landscape":["https:\/\/imagazine.it\/wp-content\/uploads\/2024\/01\/12880-1.webp",454,300,false],"portraits":["https:\/\/imagazine.it\/wp-content\/uploads\/2024\/01\/12880-1.webp",454,300,false],"thumbnail":["https:\/\/imagazine.it\/wp-content\/uploads\/2024\/01\/12880-1-150x150.webp",150,150,true],"medium":["https:\/\/imagazine.it\/wp-content\/uploads\/2024\/01\/12880-1-300x198.webp",300,198,true],"large":["https:\/\/imagazine.it\/wp-content\/uploads\/2024\/01\/12880-1.webp",454,300,false],"thumblist":["https:\/\/imagazine.it\/wp-content\/uploads\/2024\/01\/12880-1.webp",300,198,false],"thumbrelated":["https:\/\/imagazine.it\/wp-content\/uploads\/2024\/01\/12880-1.webp",454,300,false],"meccarouselthumb":["https:\/\/imagazine.it\/wp-content\/uploads\/2024\/01\/12880-1.webp",454,300,false],"gridsquare":["https:\/\/imagazine.it\/wp-content\/uploads\/2024\/01\/12880-1.webp",391,258,false],"tileview":["https:\/\/imagazine.it\/wp-content\/uploads\/2024\/01\/12880-1.webp",300,198,false],"1536x1536":["https:\/\/imagazine.it\/wp-content\/uploads\/2024\/01\/12880-1.webp",454,300,false],"2048x2048":["https:\/\/imagazine.it\/wp-content\/uploads\/2024\/01\/12880-1.webp",454,300,false],"newsup-slider-full":["https:\/\/imagazine.it\/wp-content\/uploads\/2024\/01\/12880-1.webp",454,300,false],"newsup-featured":["https:\/\/imagazine.it\/wp-content\/uploads\/2024\/01\/12880-1.webp",454,300,false],"newsup-medium":["https:\/\/imagazine.it\/wp-content\/uploads\/2024\/01\/12880-1.webp",454,300,false],"tptn_thumbnail":["https:\/\/imagazine.it\/wp-content\/uploads\/2024\/01\/12880-1.webp",250,165,false],"sow-carousel-default":["https:\/\/imagazine.it\/wp-content\/uploads\/2024\/01\/12880-1-272x182.webp",272,182,true]},"rttpg_author":{"display_name":"redazione","author_link":"https:\/\/imagazine.it\/home_desk\/author\/redazione\/"},"rttpg_comment":0,"rttpg_category":"<a href=\"https:\/\/imagazine.it\/home_desk\/category\/attualita\/\" rel=\"category tag\">ATTUALIT\u00c0<\/a>","rttpg_excerpt":"Progetto \"Open Innovation System\"","_links":{"self":[{"href":"https:\/\/imagazine.it\/home_desk\/wp-json\/wp\/v2\/posts\/19170","targetHints":{"allow":["GET"]}}],"collection":[{"href":"https:\/\/imagazine.it\/home_desk\/wp-json\/wp\/v2\/posts"}],"about":[{"href":"https:\/\/imagazine.it\/home_desk\/wp-json\/wp\/v2\/types\/post"}],"author":[{"embeddable":true,"href":"https:\/\/imagazine.it\/home_desk\/wp-json\/wp\/v2\/users\/28"}],"replies":[{"embeddable":true,"href":"https:\/\/imagazine.it\/home_desk\/wp-json\/wp\/v2\/comments?post=19170"}],"version-history":[{"count":0,"href":"https:\/\/imagazine.it\/home_desk\/wp-json\/wp\/v2\/posts\/19170\/revisions"}],"wp:featuredmedia":[{"embeddable":true,"href":"https:\/\/imagazine.it\/home_desk\/wp-json\/wp\/v2\/media\/19171"}],"wp:attachment":[{"href":"https:\/\/imagazine.it\/home_desk\/wp-json\/wp\/v2\/media?parent=19170"}],"wp:term":[{"taxonomy":"category","embeddable":true,"href":"https:\/\/imagazine.it\/home_desk\/wp-json\/wp\/v2\/categories?post=19170"},{"taxonomy":"post_tag","embeddable":true,"href":"https:\/\/imagazine.it\/home_desk\/wp-json\/wp\/v2\/tags?post=19170"}],"curies":[{"name":"wp","href":"https:\/\/api.w.org\/{rel}","templated":true}]}}