{"id":19168,"date":"2016-02-09T00:00:00","date_gmt":"2016-02-08T23:00:00","guid":{"rendered":"https:\/\/imagazine.it\/?p=19168"},"modified":"2016-02-09T00:00:00","modified_gmt":"2016-02-08T23:00:00","slug":"ai-neonati-un-kit-per-imparare-il-friulano","status":"publish","type":"post","link":"https:\/\/imagazine.it\/home_desk\/ai-neonati-un-kit-per-imparare-il-friulano\/","title":{"rendered":"Ai neonati un kit per imparare il Friulano"},"content":{"rendered":"<p class=\"ui-droppable\" style=\"text-align: justify;\"> \tL\u2019Agjenzie Regjon\u00e2l pe Lenghe furlane (<strong>ARLeF<\/strong>) ha aderito alla richiesta del <strong>Dipartimento materno infantile Latisana-Palmanova dell\u2019AAS n. 2<\/strong> di riproporre, a distanza di due anni dalla prima (che ha raggiunto 1.000 neonati e le loro famiglie), una campagna di sensibilizzazione sul plurilinguismo rivolta direttamente a tutti i genitori che entrano nei punti nascita del territorio di competenza per prepararsi al lieto evento della nascita di un figlio.<\/p>\n<p class=\"ui-droppable\" style=\"text-align: justify;\"> \t\u00ab<em>Abbiamo predisposto <\/em>\u2013 spiega <strong>Lorenzo Fabbro<\/strong>, presidente dell\u2019ARLeF \u2013 <em>una \u201cguida pratica\u201d, dei materiali informativi e ludico didattici e alcuni gadget racchiusi in una valigetta<\/em>, <em>che verranno distribuiti ai genitori di tutti i neonati del Dipartimento materno infantile Latisana-Palmanova col motto \u201cPuarte a cjase il furlan\u201d. Il nostro intendimento e quello degli operatori sanitari del territorio, \u00e8 far conoscere ai genitori e ai nonni le opportunit\u00e0 offerte dal crescere i loro bambini, fin dalla pi\u00f9 tenera et\u00e0, in un fertile ambiente plurilingue, dove il friulano ha un ruolo anche di facilitatore. Conoscere pi\u00f9 lingue, infatti, offre solo vantaggi e nessuno svantaggio<\/em>\u00bb.<\/p>\n<\/p>\n<p class=\"ui-droppable\" style=\"text-align: justify;\"> \t\u00ab<em>Il progetto, fin dall\u2019inizio, \u00e8 stato da noi appoggiato con entusiasmo<\/em> \u2013 aggiunge la dottoressa <strong>Silla Stel<\/strong>, responsabile del progetto per il Dipartimento di prevenzione dell\u2019AAS n. 2 \u2013 <em>perch\u00e9 crescere con pi\u00f9 lingue \u00e8 un bel modo per promuovere lo sviluppo e il benessere dei neonati, migliorandone l\u2019aspetto cognitivo. Ci fa immenso piacere ripetere e allargare questa esperienza sostenuta dalle ostetriche che, fisicamente, consegnano il materiale ai neo-genitori, friulani e non, che viene sempre ben accettato<\/em>\u00bb.<\/p>\n<p class=\"ui-droppable\" style=\"text-align: justify;\"> \tIl progetto \u201cCrescere con pi\u00f9 lingue\u201d, si \u00e8 anche arricchito di una <strong>sezione video<\/strong> che si pu\u00f2 vedere o scaricare dal sito dell\u2019Agenzia (<a href=\"http:\/\/www.arlef.it\/\" target=\"_blank\" rel=\"noopener\">www.arlef.it<\/a>). Trenta domande agli esperti del settore, ricercatori, tecnici della scuola e genitori (<strong>Pierino Donada, Silvana\u00a0 Fachin Schiavi, Patrizia Pavatti, Rosalba Perini, Linda Picco <\/strong>e<strong> Antonella Sorace<\/strong>) che rispondono direttamente, in video, ai bisogni informativi e di approfondimento, ai dubbi e alle curiosit\u00e0 che riguardano le scelte e le modalit\u00e0 educative e didattiche del bi e plurilinguismo, anche in lingua minoritaria. Le interviste affrontano 5 macro argomenti: \u201cperch\u00e9 i bambini crescono meglio a contatto con pi\u00f9 lingue\u201d; \u201cqual \u00e8 l\u2019esperienza diretta dei genitori che hanno fatto questa scelta\u201d; \u201ccome \u00e8 organizzato l\u2019insegnamento del friulano a scuola\u201d; \u201cla lingua friulana a scuola e le leggi di promozione e tutela\u201d; \u201cin che modo l\u2019insegnamento del friulano a scuola pu\u00f2 essere inserito in un percorso didattico plurilingue\u201d.<\/p>\n","protected":false},"excerpt":{"rendered":"<p>Progetto &#8220;Crescere con pi\u00f9 lingue&#8221;<\/p>\n","protected":false},"author":28,"featured_media":19169,"comment_status":"closed","ping_status":"closed","sticky":false,"template":"","format":"standard","meta":{"dwc-title":[],"dwc-content":[],"footnotes":""},"categories":[6],"tags":[],"class_list":["post-19168","post","type-post","status-publish","format-standard","has-post-thumbnail","hentry","category-societa"],"rttpg_featured_image_url":{"full":["https:\/\/imagazine.it\/wp-content\/uploads\/2024\/01\/12872-1.webp",450,300,false],"landscape":["https:\/\/imagazine.it\/wp-content\/uploads\/2024\/01\/12872-1.webp",450,300,false],"portraits":["https:\/\/imagazine.it\/wp-content\/uploads\/2024\/01\/12872-1.webp",450,300,false],"thumbnail":["https:\/\/imagazine.it\/wp-content\/uploads\/2024\/01\/12872-1-150x150.webp",150,150,true],"medium":["https:\/\/imagazine.it\/wp-content\/uploads\/2024\/01\/12872-1-300x200.webp",300,200,true],"large":["https:\/\/imagazine.it\/wp-content\/uploads\/2024\/01\/12872-1.webp",450,300,false],"thumblist":["https:\/\/imagazine.it\/wp-content\/uploads\/2024\/01\/12872-1.webp",300,200,false],"thumbrelated":["https:\/\/imagazine.it\/wp-content\/uploads\/2024\/01\/12872-1.webp",450,300,false],"meccarouselthumb":["https:\/\/imagazine.it\/wp-content\/uploads\/2024\/01\/12872-1.webp",450,300,false],"gridsquare":["https:\/\/imagazine.it\/wp-content\/uploads\/2024\/01\/12872-1.webp",391,260,false],"tileview":["https:\/\/imagazine.it\/wp-content\/uploads\/2024\/01\/12872-1.webp",300,200,false],"1536x1536":["https:\/\/imagazine.it\/wp-content\/uploads\/2024\/01\/12872-1.webp",450,300,false],"2048x2048":["https:\/\/imagazine.it\/wp-content\/uploads\/2024\/01\/12872-1.webp",450,300,false],"newsup-slider-full":["https:\/\/imagazine.it\/wp-content\/uploads\/2024\/01\/12872-1.webp",450,300,false],"newsup-featured":["https:\/\/imagazine.it\/wp-content\/uploads\/2024\/01\/12872-1.webp",450,300,false],"newsup-medium":["https:\/\/imagazine.it\/wp-content\/uploads\/2024\/01\/12872-1.webp",450,300,false],"tptn_thumbnail":["https:\/\/imagazine.it\/wp-content\/uploads\/2024\/01\/12872-1.webp",250,167,false],"sow-carousel-default":["https:\/\/imagazine.it\/wp-content\/uploads\/2024\/01\/12872-1-272x182.webp",272,182,true]},"rttpg_author":{"display_name":"redazione","author_link":"https:\/\/imagazine.it\/home_desk\/author\/redazione\/"},"rttpg_comment":0,"rttpg_category":"<a href=\"https:\/\/imagazine.it\/home_desk\/category\/societa\/\" rel=\"category tag\">SOCIET\u00c0<\/a>","rttpg_excerpt":"Progetto \"Crescere con pi\u00f9 lingue\"","_links":{"self":[{"href":"https:\/\/imagazine.it\/home_desk\/wp-json\/wp\/v2\/posts\/19168","targetHints":{"allow":["GET"]}}],"collection":[{"href":"https:\/\/imagazine.it\/home_desk\/wp-json\/wp\/v2\/posts"}],"about":[{"href":"https:\/\/imagazine.it\/home_desk\/wp-json\/wp\/v2\/types\/post"}],"author":[{"embeddable":true,"href":"https:\/\/imagazine.it\/home_desk\/wp-json\/wp\/v2\/users\/28"}],"replies":[{"embeddable":true,"href":"https:\/\/imagazine.it\/home_desk\/wp-json\/wp\/v2\/comments?post=19168"}],"version-history":[{"count":0,"href":"https:\/\/imagazine.it\/home_desk\/wp-json\/wp\/v2\/posts\/19168\/revisions"}],"wp:featuredmedia":[{"embeddable":true,"href":"https:\/\/imagazine.it\/home_desk\/wp-json\/wp\/v2\/media\/19169"}],"wp:attachment":[{"href":"https:\/\/imagazine.it\/home_desk\/wp-json\/wp\/v2\/media?parent=19168"}],"wp:term":[{"taxonomy":"category","embeddable":true,"href":"https:\/\/imagazine.it\/home_desk\/wp-json\/wp\/v2\/categories?post=19168"},{"taxonomy":"post_tag","embeddable":true,"href":"https:\/\/imagazine.it\/home_desk\/wp-json\/wp\/v2\/tags?post=19168"}],"curies":[{"name":"wp","href":"https:\/\/api.w.org\/{rel}","templated":true}]}}