{"id":19018,"date":"2016-01-14T00:00:00","date_gmt":"2016-01-13T23:00:00","guid":{"rendered":"https:\/\/imagazine.it\/?p=19018"},"modified":"2016-01-14T00:00:00","modified_gmt":"2016-01-13T23:00:00","slug":"a-udine-lagricoltura-del-futuro","status":"publish","type":"post","link":"https:\/\/imagazine.it\/home_desk\/a-udine-lagricoltura-del-futuro\/","title":{"rendered":"A Udine l&#8217;agricoltura del futuro"},"content":{"rendered":"<p style=\"text-align: justify;\" class=\"ui-droppable\"> \t\u00c8 il mese di AGRIEST, \u00e8 l\u2019anno (pari) a cui tocca al Focus specialistico <em>Land<\/em> presentare l\u2019agricoltura sotto forma di progetti, piani, prospettive, strumenti, misure che mettono direttamente e necessariamente in relazione il settore primario con il territorio, l\u2019ambiente, i cambiamenti climatici, l\u2019alimentazione e il modo di vivere di tutti noi. Quella del 2016 (dopo lo start up nel 2014 per il Focus Land) \u00e8 l\u2019edizione con cui AGRIEST \u2013 giunta al traguardo dei 51 anni \u2013 porta in Fiera l\u2019agricoltura in una versione meno \u201cingombrante\u201d rispetto a quella presentata negli anni dispari del Focus <em>Tech<\/em> dedicato ai grandi macchinari, alle attrezzature, alla meccanica agricola, ma altrettanto importante per il \u201cpeso specifico\u201d degli argomenti trattati, per la visione obbligatoriamente proiettata al futuro di un settore centrale e strategico anche per i giovani, per le nuove professioni e per i risvolti occupazionali.<\/p>\n<p style=\"text-align: justify;\" class=\"ui-droppable\"> \tNella presentazione alla stampa, la Fiera ha voluto non solo ribadire l\u2019importanza che ha sempre riservato all\u2019agricoltura attraverso una manifestazione di riferimento come AGRIEST, ma ha inteso essere interprete del profilo pi\u00f9 attuale e di quello in divenire dell\u2019agricoltura, collaborando con la Regione Friuli Venezia Giulia che oltre ad ospitare nella propria sede di via Sabbadini a Udine i lavori della conferenza stampa, dal 21 al 24 gennaio sar\u00e0 fortemente presente in Fiera con uno stand-padiglione e con una serie di convegni e iniziative il cui epicentro sar\u00e0 la presentazione, sotto forma di<em> \u201cquestion time\u201d, <\/em>del Piano di Sviluppo Rurale PSR 2014-2020, strumento chiave per coltivare un futuro sostenibile.<\/p>\n<p style=\"text-align: justify;\" class=\"ui-droppable\"> \tA presentare AGRIEST 2016 sono intervenuti <strong>Cristiano Shaurli<\/strong>, assessore regionale alle Risorse Agricole e Forestali; <strong>Luisa De Marco,<\/strong> presidente Udine e Gorizia Fiere; <strong>Serena Cutrano<\/strong>, Autorit\u00e0 di Gestione del PSR 2014-2020 della Regione F.V.G., <strong>Paolo Stefanelli<\/strong>, direttore dell\u2019ERSA F.V.G.; <strong>Francesco Marangon, <\/strong>Dipartimento di Scienze Economiche e Statistiche dell\u2019Universit\u00e0 di Udine e coordinatore del Comitato-Guida tra Fiera-Universit\u00e0-Regione per parte della convegnistica; <strong>Lorenzo Kasperkovitz<\/strong>, vicedirettore della Federazione Banche di Credito Cooperativo che storicamente \u00e8 lo sponsor bancario di AGRIEST. \u00a0<\/p>\n<p style=\"text-align: justify;\" class=\"ui-droppable\"> \tCirca 80\u00a0 gli espositori che saranno presenti in Fiera, oltre 30 gli appuntamenti in programma tra convegni, seminari, incontri tecnici, presentazioni e attivit\u00e0 info-didattiche. Pi\u00f9 di 100 i relatori che porteranno contributi e testimonianze:\u00a0 oltre alle autorit\u00e0 regionali, ad AGRIEST interverranno anche (21 e 22 gennaio) <strong>Paolo De Castro<\/strong>, Europarlamentare, membro della Commissione Agricoltura e Sviluppo Rurale e (22 gennaio), e <strong>Isabella De Monte<\/strong>, Europarlamentare e membro della Commissione Trasporti e Turismo.<\/p>\n<p style=\"text-align: justify;\" class=\"ui-droppable\"> \tIl programma convegni spazia dal nuovo PSR 2014-2020 al Business Plan per le aziende agricole e forestali; dall\u2019utilizzo del suolo e rese produttive ai sistemi di pagamento dei servizi ecosistemici e ambientali (PES); dall\u2019alpicoltura allo Charmat e Metodo Classico del Vigneto Friuli; dalla gestione del suole e tecniche di agricoltura conservativa allo sviluppo e alla promozione in Natura 2000 e nelle rete ecologica regionale del paesaggio rurale e delle aree naturali protette. E ancora: futuro della caccia in F.V.G. tra attivit\u00e0 agricola e conservazione ambientale; agricoltura giovane per i giovani come priorit\u00e0 del PSR 2014-2020 nella Misura 6.1; Piano Nazionale sull\u2019uso dei fitofarmaci per un utilizzo sostenibile dei prodotti sanitari; nuove tecniche di miglioramento genetico per un\u2019agricoltura sostenibile; economia dell\u2019agricoltura biologica; cambiamento climatico e irrigazione in F.V.G.; analisi dei dati agrometereologici e gestione agronomica; gestione e conservazione della lepre in F.V.G.; apicoltura, biodiversit\u00e0 coltivata e naturale; selvicoltura naturalistica per capire come gestire una foresta con principi prossimi alla natura; fattorie didattiche e sociali e multifunzionalit\u00e0 dell\u2019azienda agricola; piccole produzioni locali.<\/p>\n<p style=\"text-align: justify;\" class=\"ui-droppable\"> \tAGRIEST <em>Land<\/em> si avviciner\u00e0 anche a un pubblico pi\u00f9 vasto ed eterogeno (pensiamo alle famiglie e ai pi\u00f9 piccoli) attraverso l\u2019esposizione di animali da cortile e l\u2019iniziativa \u201cScopriNatura\u201d curata dal Corpo Forestale Regionale nella giornata di domenica 24 gennaio. Si tratta di una serie di appuntamenti per grandi, ma soprattutto per i bambini per scoprire alcuni aspetti del mondo naturale del Friuli Venezia Giulia con semplici, coinvolgenti e divertenti giochi di Pedagogia forestale e di Educazione alla terra per trasformarsi in qualche animale o per comprendere gli alberi e le reti alimentari del bosco.<\/p>\n<p style=\"text-align: justify;\" class=\"ui-droppable\"> \tOrario di apertura al pubblico gioved\u00ec dalle 14.30 alle 18.30;\u00a0 venerd\u00ec, sabato e domenica dalle ore 9.30 alle 18.30 (info: <strong><a href=\"http:\/\/www.agriest.it\/\" target=\"_blank\" rel=\"noopener\">www.agriest.it<\/a><\/strong>)<\/p>\n","protected":false},"excerpt":{"rendered":"<p>Dal 21 al 24 gennaio la 51^ edizione di AGRIEST<\/p>\n","protected":false},"author":28,"featured_media":19019,"comment_status":"closed","ping_status":"closed","sticky":false,"template":"","format":"standard","meta":{"dwc-title":[],"dwc-content":[],"footnotes":""},"categories":[5],"tags":[],"class_list":["post-19018","post","type-post","status-publish","format-standard","has-post-thumbnail","hentry","category-attualita"],"rttpg_featured_image_url":{"full":["https:\/\/imagazine.it\/wp-content\/uploads\/2024\/01\/12505-1.webp",450,300,false],"landscape":["https:\/\/imagazine.it\/wp-content\/uploads\/2024\/01\/12505-1.webp",450,300,false],"portraits":["https:\/\/imagazine.it\/wp-content\/uploads\/2024\/01\/12505-1.webp",450,300,false],"thumbnail":["https:\/\/imagazine.it\/wp-content\/uploads\/2024\/01\/12505-1-150x150.webp",150,150,true],"medium":["https:\/\/imagazine.it\/wp-content\/uploads\/2024\/01\/12505-1-300x200.webp",300,200,true],"large":["https:\/\/imagazine.it\/wp-content\/uploads\/2024\/01\/12505-1.webp",450,300,false],"thumblist":["https:\/\/imagazine.it\/wp-content\/uploads\/2024\/01\/12505-1.webp",300,200,false],"thumbrelated":["https:\/\/imagazine.it\/wp-content\/uploads\/2024\/01\/12505-1.webp",450,300,false],"meccarouselthumb":["https:\/\/imagazine.it\/wp-content\/uploads\/2024\/01\/12505-1.webp",450,300,false],"gridsquare":["https:\/\/imagazine.it\/wp-content\/uploads\/2024\/01\/12505-1.webp",391,260,false],"tileview":["https:\/\/imagazine.it\/wp-content\/uploads\/2024\/01\/12505-1.webp",300,200,false],"1536x1536":["https:\/\/imagazine.it\/wp-content\/uploads\/2024\/01\/12505-1.webp",450,300,false],"2048x2048":["https:\/\/imagazine.it\/wp-content\/uploads\/2024\/01\/12505-1.webp",450,300,false],"newsup-slider-full":["https:\/\/imagazine.it\/wp-content\/uploads\/2024\/01\/12505-1.webp",450,300,false],"newsup-featured":["https:\/\/imagazine.it\/wp-content\/uploads\/2024\/01\/12505-1.webp",450,300,false],"newsup-medium":["https:\/\/imagazine.it\/wp-content\/uploads\/2024\/01\/12505-1.webp",450,300,false],"tptn_thumbnail":["https:\/\/imagazine.it\/wp-content\/uploads\/2024\/01\/12505-1.webp",250,167,false],"sow-carousel-default":["https:\/\/imagazine.it\/wp-content\/uploads\/2024\/01\/12505-1-272x182.webp",272,182,true]},"rttpg_author":{"display_name":"redazione","author_link":"https:\/\/imagazine.it\/home_desk\/author\/redazione\/"},"rttpg_comment":0,"rttpg_category":"<a href=\"https:\/\/imagazine.it\/home_desk\/category\/attualita\/\" rel=\"category tag\">ATTUALIT\u00c0<\/a>","rttpg_excerpt":"Dal 21 al 24 gennaio la 51^ edizione di AGRIEST","_links":{"self":[{"href":"https:\/\/imagazine.it\/home_desk\/wp-json\/wp\/v2\/posts\/19018","targetHints":{"allow":["GET"]}}],"collection":[{"href":"https:\/\/imagazine.it\/home_desk\/wp-json\/wp\/v2\/posts"}],"about":[{"href":"https:\/\/imagazine.it\/home_desk\/wp-json\/wp\/v2\/types\/post"}],"author":[{"embeddable":true,"href":"https:\/\/imagazine.it\/home_desk\/wp-json\/wp\/v2\/users\/28"}],"replies":[{"embeddable":true,"href":"https:\/\/imagazine.it\/home_desk\/wp-json\/wp\/v2\/comments?post=19018"}],"version-history":[{"count":0,"href":"https:\/\/imagazine.it\/home_desk\/wp-json\/wp\/v2\/posts\/19018\/revisions"}],"wp:featuredmedia":[{"embeddable":true,"href":"https:\/\/imagazine.it\/home_desk\/wp-json\/wp\/v2\/media\/19019"}],"wp:attachment":[{"href":"https:\/\/imagazine.it\/home_desk\/wp-json\/wp\/v2\/media?parent=19018"}],"wp:term":[{"taxonomy":"category","embeddable":true,"href":"https:\/\/imagazine.it\/home_desk\/wp-json\/wp\/v2\/categories?post=19018"},{"taxonomy":"post_tag","embeddable":true,"href":"https:\/\/imagazine.it\/home_desk\/wp-json\/wp\/v2\/tags?post=19018"}],"curies":[{"name":"wp","href":"https:\/\/api.w.org\/{rel}","templated":true}]}}