{"id":19008,"date":"2016-01-13T00:00:00","date_gmt":"2016-01-12T23:00:00","guid":{"rendered":"https:\/\/imagazine.it\/?p=19008"},"modified":"2016-01-13T00:00:00","modified_gmt":"2016-01-12T23:00:00","slug":"trieste-donati-computer-a-famiglie-bisognose","status":"publish","type":"post","link":"https:\/\/imagazine.it\/home_desk\/trieste-donati-computer-a-famiglie-bisognose\/","title":{"rendered":"Trieste, donati computer a famiglie bisognose"},"content":{"rendered":"<p style=\"text-align: justify;\" class=\"ui-droppable\"> \tIl comitato cittadino \u201cAlziamoci\u201d di Trieste ha donato all&#8217;associazione cittadina &#8220;Stelle sulla terra&#8221; \u2013 impegnata ad aiutare nello studio ragazzi con dislessia, disgrafia e discalculia \u2013 due personal computer da utilizzare per la propria attivit\u00e0 con i giovani.<\/p>\n<p style=\"text-align: justify;\" class=\"ui-droppable\"> \tIl comitato aveva organizzato inizialmente una raccolta fondi per una delle vittime dell&#8217;esplosione di via Baiamonti del 20 febbraio 2015, che per\u00f2 ha rinunciato. Da qui la decisione di donare all&#8217;associazione i due computer.<\/p>\n<p style=\"text-align: justify;\" class=\"ui-droppable\"> \t\u201cLo scopo \u2013 spiegano i membri del comitato \u2013 \u00e8 sostenere le famiglie che hanno bambini a scuola perch\u00e9 possano avere una vita di soddisfazioni: il nostro desiderio, infatti, \u00e8 quello di veder fiorire le persone\u201d.<\/p>\n<p style=\"text-align: justify;\" class=\"ui-droppable\"> \tAlla raccolta fondi ha collaborato anche l&#8217;associazione \u201cOltre quella sedia\u201d.<\/p>\n<p style=\"text-align: justify;\" class=\"ui-droppable\"> \t\u201cStelle sulla terra\u201d gestisce un doposcuola che coinvolge una cinquantina di ragazzi dalla quinta elementare fino alle scuole superiori: i pc donati saranno assegnati alle famiglie che non hanno la possibilit\u00e0 di comprarne uno per i figli, affinch\u00e9 questi possano proseguire a casa il lavoro fatto nel centro durante i pomeriggi.<\/p>\n","protected":false},"excerpt":{"rendered":"<p>Da parte del comitato cittadino &#8220;Alziamoci&#8221;<\/p>\n","protected":false},"author":28,"featured_media":19009,"comment_status":"closed","ping_status":"closed","sticky":false,"template":"","format":"standard","meta":{"dwc-title":[],"dwc-content":[],"footnotes":""},"categories":[5],"tags":[],"class_list":["post-19008","post","type-post","status-publish","format-standard","has-post-thumbnail","hentry","category-attualita"],"rttpg_featured_image_url":{"full":["https:\/\/imagazine.it\/wp-content\/uploads\/2024\/01\/12488-1.webp",462,300,false],"landscape":["https:\/\/imagazine.it\/wp-content\/uploads\/2024\/01\/12488-1.webp",462,300,false],"portraits":["https:\/\/imagazine.it\/wp-content\/uploads\/2024\/01\/12488-1.webp",462,300,false],"thumbnail":["https:\/\/imagazine.it\/wp-content\/uploads\/2024\/01\/12488-1-150x150.webp",150,150,true],"medium":["https:\/\/imagazine.it\/wp-content\/uploads\/2024\/01\/12488-1-300x195.webp",300,195,true],"large":["https:\/\/imagazine.it\/wp-content\/uploads\/2024\/01\/12488-1.webp",462,300,false],"thumblist":["https:\/\/imagazine.it\/wp-content\/uploads\/2024\/01\/12488-1.webp",300,195,false],"thumbrelated":["https:\/\/imagazine.it\/wp-content\/uploads\/2024\/01\/12488-1.webp",462,300,false],"meccarouselthumb":["https:\/\/imagazine.it\/wp-content\/uploads\/2024\/01\/12488-1.webp",462,300,false],"gridsquare":["https:\/\/imagazine.it\/wp-content\/uploads\/2024\/01\/12488-1.webp",391,254,false],"tileview":["https:\/\/imagazine.it\/wp-content\/uploads\/2024\/01\/12488-1.webp",300,195,false],"1536x1536":["https:\/\/imagazine.it\/wp-content\/uploads\/2024\/01\/12488-1.webp",462,300,false],"2048x2048":["https:\/\/imagazine.it\/wp-content\/uploads\/2024\/01\/12488-1.webp",462,300,false],"newsup-slider-full":["https:\/\/imagazine.it\/wp-content\/uploads\/2024\/01\/12488-1.webp",462,300,false],"newsup-featured":["https:\/\/imagazine.it\/wp-content\/uploads\/2024\/01\/12488-1.webp",462,300,false],"newsup-medium":["https:\/\/imagazine.it\/wp-content\/uploads\/2024\/01\/12488-1.webp",462,300,false],"tptn_thumbnail":["https:\/\/imagazine.it\/wp-content\/uploads\/2024\/01\/12488-1.webp",250,162,false],"sow-carousel-default":["https:\/\/imagazine.it\/wp-content\/uploads\/2024\/01\/12488-1-272x182.webp",272,182,true]},"rttpg_author":{"display_name":"redazione","author_link":"https:\/\/imagazine.it\/home_desk\/author\/redazione\/"},"rttpg_comment":0,"rttpg_category":"<a href=\"https:\/\/imagazine.it\/home_desk\/category\/attualita\/\" rel=\"category tag\">ATTUALIT\u00c0<\/a>","rttpg_excerpt":"Da parte del comitato cittadino \"Alziamoci\"","_links":{"self":[{"href":"https:\/\/imagazine.it\/home_desk\/wp-json\/wp\/v2\/posts\/19008","targetHints":{"allow":["GET"]}}],"collection":[{"href":"https:\/\/imagazine.it\/home_desk\/wp-json\/wp\/v2\/posts"}],"about":[{"href":"https:\/\/imagazine.it\/home_desk\/wp-json\/wp\/v2\/types\/post"}],"author":[{"embeddable":true,"href":"https:\/\/imagazine.it\/home_desk\/wp-json\/wp\/v2\/users\/28"}],"replies":[{"embeddable":true,"href":"https:\/\/imagazine.it\/home_desk\/wp-json\/wp\/v2\/comments?post=19008"}],"version-history":[{"count":0,"href":"https:\/\/imagazine.it\/home_desk\/wp-json\/wp\/v2\/posts\/19008\/revisions"}],"wp:featuredmedia":[{"embeddable":true,"href":"https:\/\/imagazine.it\/home_desk\/wp-json\/wp\/v2\/media\/19009"}],"wp:attachment":[{"href":"https:\/\/imagazine.it\/home_desk\/wp-json\/wp\/v2\/media?parent=19008"}],"wp:term":[{"taxonomy":"category","embeddable":true,"href":"https:\/\/imagazine.it\/home_desk\/wp-json\/wp\/v2\/categories?post=19008"},{"taxonomy":"post_tag","embeddable":true,"href":"https:\/\/imagazine.it\/home_desk\/wp-json\/wp\/v2\/tags?post=19008"}],"curies":[{"name":"wp","href":"https:\/\/api.w.org\/{rel}","templated":true}]}}