{"id":17882,"date":"2015-12-21T00:00:00","date_gmt":"2015-12-20T23:00:00","guid":{"rendered":"https:\/\/imagazine.it\/?p=17882"},"modified":"2015-12-21T00:00:00","modified_gmt":"2015-12-20T23:00:00","slug":"trieste-ricorda-vincenzo-bronzin","status":"publish","type":"post","link":"https:\/\/imagazine.it\/home_desk\/trieste-ricorda-vincenzo-bronzin\/","title":{"rendered":"Trieste ricorda Vincenzo Bronzin"},"content":{"rendered":"<p style=\"text-align: justify;\" class=\"ui-droppable\"> \tIn memoria di \u201cVincenzo Bronzin\u201d, insigne matematico rovignese(1872-1970), \u00e8 stata intitolata a Trieste, alla presenza della vicesindaca<strong> Fabiana Martini<\/strong>, la piazzetta tra via Tor Bandena e via delle Beccherie.<\/p>\n<p style=\"text-align: justify;\" class=\"ui-droppable\"> \tAlla breve cerimonia, oltre al nipote<strong> Giorgio<\/strong>, sono intervenuti numerosi rappresentanti del \u201cComitato in Onore del Prof. Vincenzo Bronzin\u201d(fondato nel 2007), tra cui il professor<strong> Ermanno Pitacco<\/strong>, ordinario di Matematica Attuariale presso la Facolt\u00e0 di Economia, Universit\u00e0 degli Studi di Trieste, e direttore accademico del Master in Assicurazioni e Risk Management presso la MIB School of Management di Trieste, nelle veci del presidente<strong> Vittorio Cogno<\/strong>, nonch\u00e9 l&#8217;ex preside dell&#8217;Istituto \u201cCarli\u201d, <strong>Alda Sancin <\/strong>con il professor<strong> Paolo Braini<\/strong>.<\/p>\n<p style=\"text-align: justify;\" class=\"ui-droppable\"> \tDurante l\u2019intitolazione \u00e8 stata ricordata la sua figura, quale ideatore di una formula sui contratti a premio in Borsa, contenuta nel libro \u201cTheorie der Pramiengeschafte\u201d (1908), rivoluzionaria per quei tempi e anticipatrice di decenni di quella elaborata negli anni \u201970 dagli studiosi americani Scholes, Merton e Black, che nel 1997 valse il Premio Nobel in Economia. La sua opera \u00e8 stata recentemente riscoperta dai due studiosi svizzeri<strong> Wolfgang Hafner <\/strong>e<strong> Heinz Zimmermann<\/strong>, entrambi membri del Comitato.<\/p>\n<p style=\"text-align: justify;\" class=\"ui-droppable\"> \tIl futuro matematico Bronzin frequent\u00f2 il Liceo Ginnasio di Capodistria, dove si diplom\u00f2 nel 1891. Nel 1897 assunse la cattedra di matematica alla \u201cCivica Scuola Reale Superiore\u201d di Trieste. Nel 1900 divenne professore di \u201caritmetica politica e commerciale\u201d all&#8217;Accademia di Commercio e Nautica di Trieste, di cui fu nominato direttore nel 1910. Dal 1920 e fino all&#8217;et\u00e0 della pensione (1937) fu preside dell&#8217;Istituto Tecnico Commerciale \u201cGian Rinaldo Carli\u201d. Dalla moglie Amelia ebbe cinque figli: Margherita, Mariuccia, Ginetta, Giorgina e Andrea. L&#8217;amore per la matematica fu trasmesso anche al nipote Giorgio, figlio di Mariuccia e Giuliano Raldi.<\/p>\n<p style=\"text-align: justify;\" class=\"ui-droppable\"> \t\u201cAlla soglia del 45esimo anniversario della morte di Vincenzo Bronzin, matematico di dimensione internazionale \u2013 ha sottolineato la Vicesindaca Martini \u2013 la citt\u00e0 gli rende omaggio con l&#8217;auspicio che questa intitolazione serva a risvegliare curiosit\u00e0 e interesse nei giovani per una figura che ha dato un contributo significativo alla nostra citt\u00e0 e ad alti livelli in campo scientifico. Con l&#8217;aiuto della Commissione Toponomastica, \u00e8 stata individuata la personalit\u00e0 di Bronzin che ha saputo portare\u00a0 il nome di Trieste nel mondo\u201d.<\/p>\n","protected":false},"excerpt":{"rendered":"<p>Intitolata una piazza<\/p>\n","protected":false},"author":28,"featured_media":17883,"comment_status":"closed","ping_status":"closed","sticky":false,"template":"","format":"standard","meta":{"dwc-title":[],"dwc-content":[],"footnotes":""},"categories":[5],"tags":[],"class_list":["post-17882","post","type-post","status-publish","format-standard","has-post-thumbnail","hentry","category-attualita"],"rttpg_featured_image_url":{"full":["https:\/\/imagazine.it\/wp-content\/uploads\/2024\/01\/12302-1.webp",1180,815,false],"landscape":["https:\/\/imagazine.it\/wp-content\/uploads\/2024\/01\/12302-1.webp",1180,815,false],"portraits":["https:\/\/imagazine.it\/wp-content\/uploads\/2024\/01\/12302-1.webp",1180,815,false],"thumbnail":["https:\/\/imagazine.it\/wp-content\/uploads\/2024\/01\/12302-1-150x150.webp",150,150,true],"medium":["https:\/\/imagazine.it\/wp-content\/uploads\/2024\/01\/12302-1-300x207.webp",300,207,true],"large":["https:\/\/imagazine.it\/wp-content\/uploads\/2024\/01\/12302-1-1024x707.webp",640,442,true],"thumblist":["https:\/\/imagazine.it\/wp-content\/uploads\/2024\/01\/12302-1.webp",300,207,false],"thumbrelated":["https:\/\/imagazine.it\/wp-content\/uploads\/2024\/01\/12302-1.webp",500,345,false],"meccarouselthumb":["https:\/\/imagazine.it\/wp-content\/uploads\/2024\/01\/12302-1.webp",469,324,false],"gridsquare":["https:\/\/imagazine.it\/wp-content\/uploads\/2024\/01\/12302-1.webp",376,260,false],"tileview":["https:\/\/imagazine.it\/wp-content\/uploads\/2024\/01\/12302-1.webp",300,207,false],"1536x1536":["https:\/\/imagazine.it\/wp-content\/uploads\/2024\/01\/12302-1.webp",1180,815,false],"2048x2048":["https:\/\/imagazine.it\/wp-content\/uploads\/2024\/01\/12302-1.webp",1180,815,false],"newsup-slider-full":["https:\/\/imagazine.it\/wp-content\/uploads\/2024\/01\/12302-1-1180x720.webp",1180,720,true],"newsup-featured":["https:\/\/imagazine.it\/wp-content\/uploads\/2024\/01\/12302-1-1024x707.webp",1024,707,true],"newsup-medium":["https:\/\/imagazine.it\/wp-content\/uploads\/2024\/01\/12302-1-720x380.webp",720,380,true],"tptn_thumbnail":["https:\/\/imagazine.it\/wp-content\/uploads\/2024\/01\/12302-1.webp",250,173,false],"sow-carousel-default":["https:\/\/imagazine.it\/wp-content\/uploads\/2024\/01\/12302-1-272x182.webp",272,182,true]},"rttpg_author":{"display_name":"redazione","author_link":"https:\/\/imagazine.it\/home_desk\/author\/redazione\/"},"rttpg_comment":0,"rttpg_category":"<a href=\"https:\/\/imagazine.it\/home_desk\/category\/attualita\/\" rel=\"category tag\">ATTUALIT\u00c0<\/a>","rttpg_excerpt":"Intitolata una piazza","_links":{"self":[{"href":"https:\/\/imagazine.it\/home_desk\/wp-json\/wp\/v2\/posts\/17882","targetHints":{"allow":["GET"]}}],"collection":[{"href":"https:\/\/imagazine.it\/home_desk\/wp-json\/wp\/v2\/posts"}],"about":[{"href":"https:\/\/imagazine.it\/home_desk\/wp-json\/wp\/v2\/types\/post"}],"author":[{"embeddable":true,"href":"https:\/\/imagazine.it\/home_desk\/wp-json\/wp\/v2\/users\/28"}],"replies":[{"embeddable":true,"href":"https:\/\/imagazine.it\/home_desk\/wp-json\/wp\/v2\/comments?post=17882"}],"version-history":[{"count":0,"href":"https:\/\/imagazine.it\/home_desk\/wp-json\/wp\/v2\/posts\/17882\/revisions"}],"wp:featuredmedia":[{"embeddable":true,"href":"https:\/\/imagazine.it\/home_desk\/wp-json\/wp\/v2\/media\/17883"}],"wp:attachment":[{"href":"https:\/\/imagazine.it\/home_desk\/wp-json\/wp\/v2\/media?parent=17882"}],"wp:term":[{"taxonomy":"category","embeddable":true,"href":"https:\/\/imagazine.it\/home_desk\/wp-json\/wp\/v2\/categories?post=17882"},{"taxonomy":"post_tag","embeddable":true,"href":"https:\/\/imagazine.it\/home_desk\/wp-json\/wp\/v2\/tags?post=17882"}],"curies":[{"name":"wp","href":"https:\/\/api.w.org\/{rel}","templated":true}]}}