{"id":17833,"date":"2015-12-10T00:00:00","date_gmt":"2015-12-09T23:00:00","guid":{"rendered":"https:\/\/imagazine.it\/?p=17833"},"modified":"2015-12-10T00:00:00","modified_gmt":"2015-12-09T23:00:00","slug":"le-strade-dei-romei-in-friuli-venezia-giulia","status":"publish","type":"post","link":"https:\/\/imagazine.it\/home_desk\/le-strade-dei-romei-in-friuli-venezia-giulia\/","title":{"rendered":"Le Strade dei Romei in Friuli Venezia Giulia"},"content":{"rendered":"<p style=\"text-align: justify;\" class=\"ui-droppable\"> \tIl progetto\u00a0<strong><em>Romea Strata<\/em><\/strong>, che pu\u00f2 contare sulla collaborazione della Regione Friuli Venezia Giulia, ripropone il sistema di vie e sentieri che dall\u2019Europa centro-orientale conducevano i pellegrini a Roma e alla Tomba di Pietro.<\/p>\n<p style=\"text-align: justify;\" class=\"ui-droppable\"> \tAnalogamente al pi\u00f9 celebre Cammino di Santiago, gi\u00e0 in occasione del Giubileo appena iniziato sar\u00e0 possibile ripercorrere i 1.302 km di percorso in territorio italiano, ricevendo il\u00a0<strong><em>Testimonium<\/em><\/strong>\u00a0all\u2019arrivo a Roma che certifica l\u2019avvenuto pellegrinaggio.<\/p>\n<p style=\"text-align: justify;\" class=\"ui-droppable\"> \tIl\u00a0<strong>percorso attraversa il nord-est Italia ed \u00e8 suddiviso in otto tratti,<\/strong>\u00a0i cui nomi richiamano i territori e le antiche vie percorse. Coinvolge 5 regioni italiane.\u00a0Tutte le tratte confluiscono a San Miniato, in Toscana, da dove si pu\u00f2 continuare il cammino verso Roma, lungo la Via Francigena (345 Km).\u00a0Tappa dopo tappa il percorso del pellegrino\u00a0<em>Romeo\u00a0<\/em>sar\u00e0 testimoniato dai timbri sulla sua\u00a0<strong><em>credenziale Ad Limina Petri<\/em><\/strong>.<\/p>\n<p style=\"text-align: justify;\" class=\"ui-droppable\"> \tDue i percorsi che coinvolgono il territorio del Friuli Venezia Giulia: il primo \u00e8 la\u00a0<strong>Romea Allemagna<\/strong>\u00a0e il secondo la\u00a0<strong>Romea Aquileiense<\/strong>. Entrambe convergono su Concordia Sagittaria, in terra veneta.\u00a0<\/p>\n<p style=\"text-align: justify;\" class=\"ui-droppable\"> \tLa\u00a0<strong>Romea Allemagna<\/strong>\u00a0conduce\u00a0<strong>da<\/strong>\u00a0<strong>Tarvisio a Concordia<\/strong>, per un percorso di 187 chilometri. Per raggiungere la via Francigena, a San Miniato in Toscana, dovranno essere percorsi, partendo dal confine austriaco, un totale di 759 chilometri.<\/p>\n<p style=\"text-align: justify;\" class=\"ui-droppable\"> \t\u00c8 il primo tratto italiano dell\u2019antica via di pellegrinaggio che qui arriva dai paesi baltici, da Czestochowa, Cracovia, Vienna.\u00a0Il cammino lungo questo tratto di territorio friulano \u00e8 caratterizzato da una sequenza rara di ambienti naturali, tra sentieri di montagna, colline moreniche, risorgive e lagune, lungo la splendida valle del fiume Tagliamento, rarit\u00e0 naturalistica allo stato primitivo. Una via ricca di tracce di ospitali medievali, di siti storico-artistici dedicati al pellegrinaggio gerosolimitano, romeo e jacopeo, sulle orme dei pellegrini medievali.<\/p>\n<p style=\"text-align: justify;\" class=\"ui-droppable\"> \tLa\u00a0<strong>Romea Aquileiense<\/strong>\u00a0si dipana\u00a0<strong>da Miren-Gorizia a Concordia Sagittaria<\/strong>\u00a0per 94 chilometri. In questo caso, a separare Miren-Gorizia da San Miniato sono 673 chilometri.\u00a0<\/p>\n<p style=\"text-align: justify;\" class=\"ui-droppable\"> \tLa via ha inizio in Slovenia presso il Santuario della Madonna Addolorata di Miren-Kostanjevica sul monte Grado, ma ben presto raggiunge i territori della provincia di Gorizia e, proseguendo da est a ovest, attraversa la regione fino a Concordia Sagittaria, per un totale di circa 100 km. \u00c8 questo il territorio dell\u2019antica sede episcopale di Aquileia, citt\u00e0 che dal secolo IV divenne capoluogo della Venetia et Histria.\u00a0<\/p>\n<p style=\"text-align: justify;\" class=\"ui-droppable\"> \tSu queste dorsali principale si innestano molte altre vie di pellegrinaggio e cammini locali. Itinerari di fede come il\u00a0<strong>Cammino Celeste<\/strong>, il\u00a0<strong>Cammino delle Pievi<\/strong>\u00a0o\u00a0<strong>La Via dei Monti Sacri<\/strong>. Alcuni gi\u00e0 attivi in epoca medievale, altri di pi\u00f9 recente istituzione, tutti di grande fascino.<\/p>\n<p style=\"text-align: justify;\" class=\"ui-droppable\"> \tInfo: <a href=\"http:\/\/www.romeastrata.it\/\" target=\"_blank\" rel=\"noopener\">www.romeastrata.it<\/a><\/p>\n","protected":false},"excerpt":{"rendered":"<p>Progetto &#8220;Romea Strata&#8221;<\/p>\n","protected":false},"author":28,"featured_media":17834,"comment_status":"closed","ping_status":"closed","sticky":false,"template":"","format":"standard","meta":{"dwc-title":[],"dwc-content":[],"footnotes":""},"categories":[8],"tags":[],"class_list":["post-17833","post","type-post","status-publish","format-standard","has-post-thumbnail","hentry","category-turismo"],"rttpg_featured_image_url":{"full":["https:\/\/imagazine.it\/wp-content\/uploads\/2024\/01\/12206-1.webp",800,533,false],"landscape":["https:\/\/imagazine.it\/wp-content\/uploads\/2024\/01\/12206-1.webp",800,533,false],"portraits":["https:\/\/imagazine.it\/wp-content\/uploads\/2024\/01\/12206-1.webp",800,533,false],"thumbnail":["https:\/\/imagazine.it\/wp-content\/uploads\/2024\/01\/12206-1-150x150.webp",150,150,true],"medium":["https:\/\/imagazine.it\/wp-content\/uploads\/2024\/01\/12206-1-300x200.webp",300,200,true],"large":["https:\/\/imagazine.it\/wp-content\/uploads\/2024\/01\/12206-1.webp",640,426,false],"thumblist":["https:\/\/imagazine.it\/wp-content\/uploads\/2024\/01\/12206-1.webp",300,200,false],"thumbrelated":["https:\/\/imagazine.it\/wp-content\/uploads\/2024\/01\/12206-1.webp",500,333,false],"meccarouselthumb":["https:\/\/imagazine.it\/wp-content\/uploads\/2024\/01\/12206-1.webp",474,316,false],"gridsquare":["https:\/\/imagazine.it\/wp-content\/uploads\/2024\/01\/12206-1.webp",391,260,false],"tileview":["https:\/\/imagazine.it\/wp-content\/uploads\/2024\/01\/12206-1.webp",300,200,false],"1536x1536":["https:\/\/imagazine.it\/wp-content\/uploads\/2024\/01\/12206-1.webp",800,533,false],"2048x2048":["https:\/\/imagazine.it\/wp-content\/uploads\/2024\/01\/12206-1.webp",800,533,false],"newsup-slider-full":["https:\/\/imagazine.it\/wp-content\/uploads\/2024\/01\/12206-1.webp",800,533,false],"newsup-featured":["https:\/\/imagazine.it\/wp-content\/uploads\/2024\/01\/12206-1.webp",800,533,false],"newsup-medium":["https:\/\/imagazine.it\/wp-content\/uploads\/2024\/01\/12206-1-720x380.webp",720,380,true],"tptn_thumbnail":["https:\/\/imagazine.it\/wp-content\/uploads\/2024\/01\/12206-1.webp",250,167,false],"sow-carousel-default":["https:\/\/imagazine.it\/wp-content\/uploads\/2024\/01\/12206-1-272x182.webp",272,182,true]},"rttpg_author":{"display_name":"redazione","author_link":"https:\/\/imagazine.it\/home_desk\/author\/redazione\/"},"rttpg_comment":0,"rttpg_category":"<a href=\"https:\/\/imagazine.it\/home_desk\/category\/turismo\/\" rel=\"category tag\">TURISMO<\/a>","rttpg_excerpt":"Progetto \"Romea Strata\"","_links":{"self":[{"href":"https:\/\/imagazine.it\/home_desk\/wp-json\/wp\/v2\/posts\/17833","targetHints":{"allow":["GET"]}}],"collection":[{"href":"https:\/\/imagazine.it\/home_desk\/wp-json\/wp\/v2\/posts"}],"about":[{"href":"https:\/\/imagazine.it\/home_desk\/wp-json\/wp\/v2\/types\/post"}],"author":[{"embeddable":true,"href":"https:\/\/imagazine.it\/home_desk\/wp-json\/wp\/v2\/users\/28"}],"replies":[{"embeddable":true,"href":"https:\/\/imagazine.it\/home_desk\/wp-json\/wp\/v2\/comments?post=17833"}],"version-history":[{"count":0,"href":"https:\/\/imagazine.it\/home_desk\/wp-json\/wp\/v2\/posts\/17833\/revisions"}],"wp:featuredmedia":[{"embeddable":true,"href":"https:\/\/imagazine.it\/home_desk\/wp-json\/wp\/v2\/media\/17834"}],"wp:attachment":[{"href":"https:\/\/imagazine.it\/home_desk\/wp-json\/wp\/v2\/media?parent=17833"}],"wp:term":[{"taxonomy":"category","embeddable":true,"href":"https:\/\/imagazine.it\/home_desk\/wp-json\/wp\/v2\/categories?post=17833"},{"taxonomy":"post_tag","embeddable":true,"href":"https:\/\/imagazine.it\/home_desk\/wp-json\/wp\/v2\/tags?post=17833"}],"curies":[{"name":"wp","href":"https:\/\/api.w.org\/{rel}","templated":true}]}}