{"id":17827,"date":"2015-12-09T00:00:00","date_gmt":"2015-12-08T23:00:00","guid":{"rendered":"https:\/\/imagazine.it\/?p=17827"},"modified":"2015-12-09T00:00:00","modified_gmt":"2015-12-08T23:00:00","slug":"bobby-solo-ospite-donore-al-festival-della-canzone-triestina","status":"publish","type":"post","link":"https:\/\/imagazine.it\/home_desk\/bobby-solo-ospite-donore-al-festival-della-canzone-triestina\/","title":{"rendered":"Bobby Solo ospite d&#8217;onore al Festival della Canzone Triestina"},"content":{"rendered":"<p style=\"text-align: justify;\" class=\"ui-droppable\"> \tIl cantante <strong>Bobby Solo<\/strong> sar\u00e0 l&#8217;ospite d&#8217;onore del 37esimo Festival della Canzone Triestina che avr\u00e0 luogo marted\u00ec 15 dicembre, al Teatro Rossetti, alle 20.30 e che quest&#8217;anno sar\u00e0 dedicata ad Angelo Cecchelin, protagonista della musica dialettale parodistica nel variet\u00e0 triestino. L&#8217;evento di questa edizione \u00e8 stato presentato in Municipio dagli assessori comunali all&#8217;Educazione <strong>Antonella Grim<\/strong> e alle Politiche <strong>Sociali Laura Famulari<\/strong>, con il Patron della manifestazione, <strong>Fulvio Marion<\/strong>. Presente, tra gli altri, anche il figlio di Angelo Cecchelin, Livio e il presidente dell&#8217;Unione Italiana Ciechi di Trieste, <strong>Marino Attini<\/strong>.<\/p>\n<p style=\"text-align: justify;\" class=\"ui-droppable\"> \tFamoso per il brano \u201cUna lacrima sul viso\u201d, Bobby Solo, che vanta origini triestine,\u00a0 conosciuto anche come l&#8217;\u201cElvis Presley italiano\u201d, ha conquistato due vittorie al Festival di Sanremo e molti altri premi. \u201cIn questa edizione del Festival \u2013 ha spiegato Marion \u2013 saranno in gara una quindicina di brani inediti triestini basati su diversi temi poetici e generi musicali ed eseguiti da un valido cast di interpreti. I brani che si piazzeranno ai primi tre posti con i voti del pubblico e della giuria di esperti, parteciperanno al 13esimo Festival della Canzone del Friuli Venezia Giulia. A partire dal 10 gennaio fino al 30 aprile 2016, si svolger\u00e0 on line sul web il 30esimo Referendum Musicale del Festival per promuovere le canzoni\u201d.<\/p>\n<p style=\"text-align: justify;\" class=\"ui-droppable\"> \tPer ricordare il grande comico triestino Angelo Cecchelin, si esibir\u00e0 sul palco <strong>Alessio Colautti<\/strong> che sta portando nei teatri il suo repertorio con \u201cAmarcord Angelo Cecchelin\u201d. Mentre il figlio, Livio Cecchelin, apprezzato pianista (\u201cEl Campanon\u201d radiofonico, \u201cLe Maldobrie\u201d in teatro) proporr\u00e0 una fantasia di popolari canzoni locali e ricever\u00e0 l&#8217;annuale Premio Triestinit\u00e0 (gi\u00e0 conferito nel 2008 a Lelio Luttazzi e nel 2009 a Teddy Reno). Inoltre, \u00e8 prevista l&#8217;esibizione di una giovanissima cantante rivelazione: <strong>Ileana Pipitone<\/strong>, muggesana, alla quale verr\u00e0 assegnato il premio interregionale \u201cLa canzone dialettale del Triveneto\u201d, dopo aver vinto quest&#8217;anno il 12esimo Festival della Canzone Muggesana e il 12esimo Festival della Canzone del Friuli Venezia Giulia.<\/p>\n<p style=\"text-align: justify;\" class=\"ui-droppable\"> \tIl costo dei biglietti sar\u00e0 di 7 e 9 euro (le persone anziane avranno diritto a un \u2018ingresso privilegiato&#8217; al costo di 1 euro). Info: <a href=\"http:\/\/www.festivaldellacanzonetriestina.it\/\" target=\"_blank\" rel=\"noopener\">www.festivaldellacanzonetriestina.it<\/a><\/p>\n","protected":false},"excerpt":{"rendered":"<p>Il 15 dicembre al Rossetti<\/p>\n","protected":false},"author":28,"featured_media":17828,"comment_status":"closed","ping_status":"closed","sticky":false,"template":"","format":"standard","meta":{"dwc-title":[],"dwc-content":[],"footnotes":""},"categories":[37],"tags":[],"class_list":["post-17827","post","type-post","status-publish","format-standard","has-post-thumbnail","hentry","category-cultura-e-spettacolo"],"rttpg_featured_image_url":{"full":["https:\/\/imagazine.it\/wp-content\/uploads\/2024\/01\/12187-1.webp",514,300,false],"landscape":["https:\/\/imagazine.it\/wp-content\/uploads\/2024\/01\/12187-1.webp",514,300,false],"portraits":["https:\/\/imagazine.it\/wp-content\/uploads\/2024\/01\/12187-1.webp",514,300,false],"thumbnail":["https:\/\/imagazine.it\/wp-content\/uploads\/2024\/01\/12187-1-150x150.webp",150,150,true],"medium":["https:\/\/imagazine.it\/wp-content\/uploads\/2024\/01\/12187-1-300x175.webp",300,175,true],"large":["https:\/\/imagazine.it\/wp-content\/uploads\/2024\/01\/12187-1.webp",514,300,false],"thumblist":["https:\/\/imagazine.it\/wp-content\/uploads\/2024\/01\/12187-1.webp",300,175,false],"thumbrelated":["https:\/\/imagazine.it\/wp-content\/uploads\/2024\/01\/12187-1.webp",500,292,false],"meccarouselthumb":["https:\/\/imagazine.it\/wp-content\/uploads\/2024\/01\/12187-1.webp",474,277,false],"gridsquare":["https:\/\/imagazine.it\/wp-content\/uploads\/2024\/01\/12187-1.webp",391,228,false],"tileview":["https:\/\/imagazine.it\/wp-content\/uploads\/2024\/01\/12187-1.webp",300,175,false],"1536x1536":["https:\/\/imagazine.it\/wp-content\/uploads\/2024\/01\/12187-1.webp",514,300,false],"2048x2048":["https:\/\/imagazine.it\/wp-content\/uploads\/2024\/01\/12187-1.webp",514,300,false],"newsup-slider-full":["https:\/\/imagazine.it\/wp-content\/uploads\/2024\/01\/12187-1.webp",514,300,false],"newsup-featured":["https:\/\/imagazine.it\/wp-content\/uploads\/2024\/01\/12187-1.webp",514,300,false],"newsup-medium":["https:\/\/imagazine.it\/wp-content\/uploads\/2024\/01\/12187-1.webp",514,300,false],"tptn_thumbnail":["https:\/\/imagazine.it\/wp-content\/uploads\/2024\/01\/12187-1.webp",250,146,false],"sow-carousel-default":["https:\/\/imagazine.it\/wp-content\/uploads\/2024\/01\/12187-1-272x182.webp",272,182,true]},"rttpg_author":{"display_name":"redazione","author_link":"https:\/\/imagazine.it\/home_desk\/author\/redazione\/"},"rttpg_comment":0,"rttpg_category":"<a href=\"https:\/\/imagazine.it\/home_desk\/category\/cultura-e-spettacolo\/\" rel=\"category tag\">CULTURA&amp;SPETTACOLO<\/a>","rttpg_excerpt":"Il 15 dicembre al Rossetti","_links":{"self":[{"href":"https:\/\/imagazine.it\/home_desk\/wp-json\/wp\/v2\/posts\/17827","targetHints":{"allow":["GET"]}}],"collection":[{"href":"https:\/\/imagazine.it\/home_desk\/wp-json\/wp\/v2\/posts"}],"about":[{"href":"https:\/\/imagazine.it\/home_desk\/wp-json\/wp\/v2\/types\/post"}],"author":[{"embeddable":true,"href":"https:\/\/imagazine.it\/home_desk\/wp-json\/wp\/v2\/users\/28"}],"replies":[{"embeddable":true,"href":"https:\/\/imagazine.it\/home_desk\/wp-json\/wp\/v2\/comments?post=17827"}],"version-history":[{"count":0,"href":"https:\/\/imagazine.it\/home_desk\/wp-json\/wp\/v2\/posts\/17827\/revisions"}],"wp:featuredmedia":[{"embeddable":true,"href":"https:\/\/imagazine.it\/home_desk\/wp-json\/wp\/v2\/media\/17828"}],"wp:attachment":[{"href":"https:\/\/imagazine.it\/home_desk\/wp-json\/wp\/v2\/media?parent=17827"}],"wp:term":[{"taxonomy":"category","embeddable":true,"href":"https:\/\/imagazine.it\/home_desk\/wp-json\/wp\/v2\/categories?post=17827"},{"taxonomy":"post_tag","embeddable":true,"href":"https:\/\/imagazine.it\/home_desk\/wp-json\/wp\/v2\/tags?post=17827"}],"curies":[{"name":"wp","href":"https:\/\/api.w.org\/{rel}","templated":true}]}}