{"id":17825,"date":"2015-12-09T00:00:00","date_gmt":"2015-12-08T23:00:00","guid":{"rendered":"https:\/\/imagazine.it\/?p=17825"},"modified":"2015-12-09T00:00:00","modified_gmt":"2015-12-08T23:00:00","slug":"bosnia-energia-meno-cara-grazie-al-fvg","status":"publish","type":"post","link":"https:\/\/imagazine.it\/home_desk\/bosnia-energia-meno-cara-grazie-al-fvg\/","title":{"rendered":"Bosnia, energia meno cara grazie al FVG"},"content":{"rendered":"<p style=\"text-align: justify;\" class=\"ui-droppable\"> \tTutela ambientale e miglioramento della vita nei contesti urbani, attraverso un uso consapevole delle risorse e uno sviluppo sostenibile del territorio. \u00c8 BiH2 \u201cBosnian intelligent Housing \u2013 fase 2\u201d, progetto di cooperazione decentrata in Bosnia Erzegovina, finanziato per buona parte dalla Regione FVG e con la Provincia di Gorizia fra i partner tecnici. Dopo aver individuato un edificio pubblico \u201cpilota\u201d nel Cantone di Sarajevo, la scuola \u201cHilmi ef. \u0160ari\u010d\u201d della municipalit\u00e0 di Hadzi\u010di, sono stati realizzati vari interventi per la riduzione dei consumi energetici, come la sostituzione di ventisei infissi esterni, la posa di un isolamento termico nel sottotetto ventilato (circa 800 mq.) e di un cappotto termico sulla facciata nord. Inoltre \u00e8 stata compiuta un\u2019analisi delle abitudini energetiche delle famiglie degli studenti della scuola e sono stati organizzati incontri con gli studenti sul tema del risparmio energetico.<\/p>\n<p style=\"text-align: justify;\" class=\"ui-droppable\"> \tCostati 66.204 euro, finanziati con un contributo di 52.704 euro dalla Regione FVG e il resto dagli altri partner del progetto, i lavori sono stato inaugurati ufficialmente alla presenza dell\u2019assessore della Provincia di Gorizia <strong>Federico Portelli<\/strong> e di una delegazione di rappresentanti della Regione FVG, della CCIAA di Trieste e dell\u2019associazione Kallipolis di Trieste. Presenti anche <strong>Tehvida D\u017eebo<\/strong>, del Ministero della riqualificazione urbana, <strong>Nihada \u010coli\u0107<\/strong>, del Ministero dell\u2019Istruzione, delle scienze e dei giovani del Cantone di Sarajevo, l\u2019assessore <strong>Hajrudin Ibrahimovi\u010d<\/strong> della Citt\u00e0 di Sarajevo, il sindaco di Hadzi\u010di e i vari rappresentanti dei partner locali.<\/p>\n<p style=\"text-align: justify;\" class=\"ui-droppable\"> \t\u00ab\u00c8 un\u2019importante tappa di un percorso di collaborazione che da anni unisce la nostra regione e la Bosnia Erzegovina e che oggi vede i giovani come principali beneficiari\u00bb spiega l\u2019assessore provinciale Federico Portelli. \u00abNei giorni in cui i grandi della Terra si riuniscono a Parigi, abbiamo voluto dimostrare come anche con modeste risorse finanziarie, ma con grande impegno e passione, si possano realizzare passi concreti verso la riduzione dei gas serra. L\u2019entusiasmo con cui siamo stati accolti dalle centinaia di ragazzi della scuola e dai loro insegnanti \u2013 aggiunge Portelli \u2013 apre ora le basi per una sorta di gemellaggio futuro con una delle scuole isontine che maggiormente si impegneranno in questa direzione e sull\u2019uso consapevole e sostenibile della risorsa acqua. Un bene comune a difesa del quale realizzeremo a breve nuove iniziative comuni.\u00bb<\/p>\n<p style=\"text-align: justify;\" class=\"ui-droppable\"> \tOltre alla Regione FVG e alla Provincia di Gorizia, il progetto ha visto il contributo di associazione Kallipolis, CCIAA di Gorizia, ARIES &#8211; Azienda Speciale della CCIAA di Trieste, Cantone di Sarajevo, SERDA &#8211; Sarajevo Economic Regional Development Agency, Citt\u00e0 di Sarajevo, Consorzio per lo Sviluppo del polo Universitario di Gorizia, Universit\u00e0 di Trieste, Agenzia Regionale per l&#8217;Edilizia Sostenibile, Universit\u00e0 di Sarajevo, Universit\u00e0 di Banja Luka.<\/p>\n","protected":false},"excerpt":{"rendered":"<p>Progetto &#8220;BiH2&#8221;, con Provincia di Gorizia partner tecnico<\/p>\n","protected":false},"author":28,"featured_media":17826,"comment_status":"closed","ping_status":"closed","sticky":false,"template":"","format":"standard","meta":{"dwc-title":[],"dwc-content":[],"footnotes":""},"categories":[5],"tags":[],"class_list":["post-17825","post","type-post","status-publish","format-standard","has-post-thumbnail","hentry","category-attualita"],"rttpg_featured_image_url":{"full":["https:\/\/imagazine.it\/wp-content\/uploads\/2024\/01\/12184-1.webp",604,400,false],"landscape":["https:\/\/imagazine.it\/wp-content\/uploads\/2024\/01\/12184-1.webp",604,400,false],"portraits":["https:\/\/imagazine.it\/wp-content\/uploads\/2024\/01\/12184-1.webp",604,400,false],"thumbnail":["https:\/\/imagazine.it\/wp-content\/uploads\/2024\/01\/12184-1-150x150.webp",150,150,true],"medium":["https:\/\/imagazine.it\/wp-content\/uploads\/2024\/01\/12184-1-300x199.webp",300,199,true],"large":["https:\/\/imagazine.it\/wp-content\/uploads\/2024\/01\/12184-1.webp",604,400,false],"thumblist":["https:\/\/imagazine.it\/wp-content\/uploads\/2024\/01\/12184-1.webp",300,199,false],"thumbrelated":["https:\/\/imagazine.it\/wp-content\/uploads\/2024\/01\/12184-1.webp",500,331,false],"meccarouselthumb":["https:\/\/imagazine.it\/wp-content\/uploads\/2024\/01\/12184-1.webp",474,314,false],"gridsquare":["https:\/\/imagazine.it\/wp-content\/uploads\/2024\/01\/12184-1.webp",391,260,false],"tileview":["https:\/\/imagazine.it\/wp-content\/uploads\/2024\/01\/12184-1.webp",300,199,false],"1536x1536":["https:\/\/imagazine.it\/wp-content\/uploads\/2024\/01\/12184-1.webp",604,400,false],"2048x2048":["https:\/\/imagazine.it\/wp-content\/uploads\/2024\/01\/12184-1.webp",604,400,false],"newsup-slider-full":["https:\/\/imagazine.it\/wp-content\/uploads\/2024\/01\/12184-1.webp",604,400,false],"newsup-featured":["https:\/\/imagazine.it\/wp-content\/uploads\/2024\/01\/12184-1.webp",604,400,false],"newsup-medium":["https:\/\/imagazine.it\/wp-content\/uploads\/2024\/01\/12184-1-604x380.webp",604,380,true],"tptn_thumbnail":["https:\/\/imagazine.it\/wp-content\/uploads\/2024\/01\/12184-1.webp",250,166,false],"sow-carousel-default":["https:\/\/imagazine.it\/wp-content\/uploads\/2024\/01\/12184-1-272x182.webp",272,182,true]},"rttpg_author":{"display_name":"redazione","author_link":"https:\/\/imagazine.it\/home_desk\/author\/redazione\/"},"rttpg_comment":0,"rttpg_category":"<a href=\"https:\/\/imagazine.it\/home_desk\/category\/attualita\/\" rel=\"category tag\">ATTUALIT\u00c0<\/a>","rttpg_excerpt":"Progetto \"BiH2\", con Provincia di Gorizia partner tecnico","_links":{"self":[{"href":"https:\/\/imagazine.it\/home_desk\/wp-json\/wp\/v2\/posts\/17825","targetHints":{"allow":["GET"]}}],"collection":[{"href":"https:\/\/imagazine.it\/home_desk\/wp-json\/wp\/v2\/posts"}],"about":[{"href":"https:\/\/imagazine.it\/home_desk\/wp-json\/wp\/v2\/types\/post"}],"author":[{"embeddable":true,"href":"https:\/\/imagazine.it\/home_desk\/wp-json\/wp\/v2\/users\/28"}],"replies":[{"embeddable":true,"href":"https:\/\/imagazine.it\/home_desk\/wp-json\/wp\/v2\/comments?post=17825"}],"version-history":[{"count":0,"href":"https:\/\/imagazine.it\/home_desk\/wp-json\/wp\/v2\/posts\/17825\/revisions"}],"wp:featuredmedia":[{"embeddable":true,"href":"https:\/\/imagazine.it\/home_desk\/wp-json\/wp\/v2\/media\/17826"}],"wp:attachment":[{"href":"https:\/\/imagazine.it\/home_desk\/wp-json\/wp\/v2\/media?parent=17825"}],"wp:term":[{"taxonomy":"category","embeddable":true,"href":"https:\/\/imagazine.it\/home_desk\/wp-json\/wp\/v2\/categories?post=17825"},{"taxonomy":"post_tag","embeddable":true,"href":"https:\/\/imagazine.it\/home_desk\/wp-json\/wp\/v2\/tags?post=17825"}],"curies":[{"name":"wp","href":"https:\/\/api.w.org\/{rel}","templated":true}]}}