{"id":17821,"date":"2015-12-07T00:00:00","date_gmt":"2015-12-06T23:00:00","guid":{"rendered":"https:\/\/imagazine.it\/?p=17821"},"modified":"2015-12-07T00:00:00","modified_gmt":"2015-12-06T23:00:00","slug":"giovani-a-confronto-sul-terrorismo","status":"publish","type":"post","link":"https:\/\/imagazine.it\/home_desk\/giovani-a-confronto-sul-terrorismo\/","title":{"rendered":"Giovani a confronto sul terrorismo"},"content":{"rendered":"<p style=\"text-align: justify;\" class=\"ui-droppable\"> \tSar\u00e0 una serata-incontro all&#8217;insegna dei\u00a0 giovani, alla luce dei fatti di Parigi, dal titolo <em>\u201cNon avranno il nostro odio\u201d , <\/em>quella organizzata dal Comune di Trieste che si svolger\u00e0 <strong>gioved\u00ec 10 dicembre, alla Sala Tripcovich, a partire dalle ore 18<\/strong>, nella ricorrenza della Giornata di Dichiarazione Universale dei Diritti Umani. Lo ha annunciato il sindaco <strong>Roberto Cosolini<\/strong> assieme all&#8217;assessore comunale all&#8217;Educazione <strong>Antonella Grim<\/strong>, nel corso di una conferenza stampa alla presenza di rappresentanti di associazioni cittadine, tra cui Aiesec, Ersa e Centro Universitario Teatrale. L&#8217;evento \u00e8 organizzato in collaborazione con Scuola 55-Casa della Musica, con la collaborazione grafica di Francesco Sinicco-ProjecTs, e vi hanno finora aderito numerose realt\u00e0 e associazioni: Consulta Giovanile del Comune di Trieste, Collegio del Mondo Unito, Conservatorio di Musica Giuseppe Tartini, Conservatorio sloveno Glasbena Matica, Mattador-Premio internazionale per la sceneggiatura, Arci Trieste, Erasmus Student Network Trieste,\u00a0 Radioincorso.it, Centro Universitario Teatrale, ProjecTs, Elsa-The European Law Students&#8217; Association. Aiesec. Ma le adesioni restano comunque ancora aperte.<\/p>\n<p style=\"text-align: justify;\" class=\"ui-droppable\"> \t\u201cQuesto incontro \u2013 ha spiegato Cosolini \u2013 \u00e8 stato promosso con la volont\u00e0 di creare un momento di riflessione per i giovani, protagonisti e attori fondamentali, ma aperto liberamente a tutti, su una situazione cos\u00ec feroce dell&#8217;intensificarsi a catena degli atti terroristici e di tutto ci\u00f2 che pu\u00f2 compromettere la vita civile e nasce da una lettera aperta da cui sono nate adesioni e significativi apporti al programma di \u201cNon avranno il nostro odio\u201d, distinto in due parti: <strong>un primo momento di dibattito e confronto<\/strong> con due testimoni quali <strong>don Mario Vatta<\/strong> e <strong>Alessandro Scandalo<\/strong>, delegato dell&#8217;ICTP ai rapporti col territorio, e a seguire parleranno i giovani che hanno vissuto la fase che stiamo attraversando. I ragazzi potranno fare interventi al microfono o tramite tweet. La seconda parte \u2013 ha proseguito il sindaco \u2013 sar\u00e0 rivolta alla <strong>musica e al teatro<\/strong>, e <strong>una mostra allestita del Foyer,<\/strong> a significare che \u201ccultura\u201d \u00e8 veicolo di conoscenza e consapevolezza, il pi\u00f9 efficace antidoto per contrastare l&#8217;odio e l&#8217;intolleranza, l&#8217;indebolimento dei valori umani. Invitiamo tutti i giovani e i non giovani per poter cogliere sensibilit\u00e0, stati d&#8217;animo e forme di relazione vissute in questo particolare periodo. Ci interessa molto il punto di vista dei giovani e la loro voglia di reagire a quanto sta accadendo. Chi vorr\u00e0 partecipare \u00e8 ancora in tempo per dare la sua adesione\u201d.<\/p>\n<p style=\"text-align: justify;\" class=\"ui-droppable\"> \tNel programma della serata, previsti interventi musicali e artistici, da parte di: <strong>Collegio del Mondo Unito, Centro Universitario Teatrale, Orchestra Laboratorio 3.0 e Corso di Fisarmonica del Conservatorio Conservatorio G.Tartini e Glasbena Matica, Brazos Black Suit, Woden Legs.<\/strong><\/p>\n<p style=\"text-align: justify;\" class=\"ui-droppable\"> \tGrazie al contributo di <strong><em>Radioincorso.it<\/em> <\/strong>\u00a0sar\u00e0 presentata una <strong>selezione di cortometragg<\/strong>i di autori provenienti da tutto il mondo su tematiche quali integrazione, immigrazione, conflitti e pregiudizi. Opere scelte tra quelle delle diverse edizioni di Taglia Corti, concorso internazionale di cortometraggi e videoclip musicali under 35 (realizzato da Radioincorso.it).<\/p>\n<p style=\"text-align: justify;\" class=\"ui-droppable\"> \t<strong>Nel Foyer sar\u00e0 allestita la mostra nata dal progetto \u201c<\/strong><strong><em>(S)culture\u201d, <\/em>ideato da Elisa Fratini<\/strong>, nata a Macerata nel 1984. Ricercatrice di fisica teorica all&#8217;ICTP di Trieste, con l&#8217;hobby della fotografia e insegnante volontaria ai corsi d&#8217;italiano per stranieri del Centro delle Culture, in collaborazione con l&#8217;Arci e la biblioteca Quarantotti Gambini di Trieste. In questa mostra presenta\u00a0 il suo terzo progetto fotografico in ambito sociale, dopo aver trattato temi come la Palestina e l&#8217;evoluzione della cultura, precedentemente esposti in varie occasioni.<\/p>\n","protected":false},"excerpt":{"rendered":"<p>Il 10 dicembre in Sala Tripcovich<\/p>\n","protected":false},"author":28,"featured_media":17822,"comment_status":"closed","ping_status":"closed","sticky":false,"template":"","format":"standard","meta":{"dwc-title":[],"dwc-content":[],"footnotes":""},"categories":[37],"tags":[],"class_list":["post-17821","post","type-post","status-publish","format-standard","has-post-thumbnail","hentry","category-cultura-e-spettacolo"],"rttpg_featured_image_url":{"full":["https:\/\/imagazine.it\/wp-content\/uploads\/2024\/01\/12172-1.webp",447,300,false],"landscape":["https:\/\/imagazine.it\/wp-content\/uploads\/2024\/01\/12172-1.webp",447,300,false],"portraits":["https:\/\/imagazine.it\/wp-content\/uploads\/2024\/01\/12172-1.webp",447,300,false],"thumbnail":["https:\/\/imagazine.it\/wp-content\/uploads\/2024\/01\/12172-1-150x150.webp",150,150,true],"medium":["https:\/\/imagazine.it\/wp-content\/uploads\/2024\/01\/12172-1-300x201.webp",300,201,true],"large":["https:\/\/imagazine.it\/wp-content\/uploads\/2024\/01\/12172-1.webp",447,300,false],"thumblist":["https:\/\/imagazine.it\/wp-content\/uploads\/2024\/01\/12172-1.webp",300,201,false],"thumbrelated":["https:\/\/imagazine.it\/wp-content\/uploads\/2024\/01\/12172-1.webp",447,300,false],"meccarouselthumb":["https:\/\/imagazine.it\/wp-content\/uploads\/2024\/01\/12172-1.webp",447,300,false],"gridsquare":["https:\/\/imagazine.it\/wp-content\/uploads\/2024\/01\/12172-1.webp",387,260,false],"tileview":["https:\/\/imagazine.it\/wp-content\/uploads\/2024\/01\/12172-1.webp",300,201,false],"1536x1536":["https:\/\/imagazine.it\/wp-content\/uploads\/2024\/01\/12172-1.webp",447,300,false],"2048x2048":["https:\/\/imagazine.it\/wp-content\/uploads\/2024\/01\/12172-1.webp",447,300,false],"newsup-slider-full":["https:\/\/imagazine.it\/wp-content\/uploads\/2024\/01\/12172-1.webp",447,300,false],"newsup-featured":["https:\/\/imagazine.it\/wp-content\/uploads\/2024\/01\/12172-1.webp",447,300,false],"newsup-medium":["https:\/\/imagazine.it\/wp-content\/uploads\/2024\/01\/12172-1.webp",447,300,false],"tptn_thumbnail":["https:\/\/imagazine.it\/wp-content\/uploads\/2024\/01\/12172-1.webp",250,168,false],"sow-carousel-default":["https:\/\/imagazine.it\/wp-content\/uploads\/2024\/01\/12172-1-272x182.webp",272,182,true]},"rttpg_author":{"display_name":"redazione","author_link":"https:\/\/imagazine.it\/home_desk\/author\/redazione\/"},"rttpg_comment":0,"rttpg_category":"<a href=\"https:\/\/imagazine.it\/home_desk\/category\/cultura-e-spettacolo\/\" rel=\"category tag\">CULTURA&amp;SPETTACOLO<\/a>","rttpg_excerpt":"Il 10 dicembre in Sala Tripcovich","_links":{"self":[{"href":"https:\/\/imagazine.it\/home_desk\/wp-json\/wp\/v2\/posts\/17821","targetHints":{"allow":["GET"]}}],"collection":[{"href":"https:\/\/imagazine.it\/home_desk\/wp-json\/wp\/v2\/posts"}],"about":[{"href":"https:\/\/imagazine.it\/home_desk\/wp-json\/wp\/v2\/types\/post"}],"author":[{"embeddable":true,"href":"https:\/\/imagazine.it\/home_desk\/wp-json\/wp\/v2\/users\/28"}],"replies":[{"embeddable":true,"href":"https:\/\/imagazine.it\/home_desk\/wp-json\/wp\/v2\/comments?post=17821"}],"version-history":[{"count":0,"href":"https:\/\/imagazine.it\/home_desk\/wp-json\/wp\/v2\/posts\/17821\/revisions"}],"wp:featuredmedia":[{"embeddable":true,"href":"https:\/\/imagazine.it\/home_desk\/wp-json\/wp\/v2\/media\/17822"}],"wp:attachment":[{"href":"https:\/\/imagazine.it\/home_desk\/wp-json\/wp\/v2\/media?parent=17821"}],"wp:term":[{"taxonomy":"category","embeddable":true,"href":"https:\/\/imagazine.it\/home_desk\/wp-json\/wp\/v2\/categories?post=17821"},{"taxonomy":"post_tag","embeddable":true,"href":"https:\/\/imagazine.it\/home_desk\/wp-json\/wp\/v2\/tags?post=17821"}],"curies":[{"name":"wp","href":"https:\/\/api.w.org\/{rel}","templated":true}]}}