{"id":17764,"date":"2015-11-26T00:00:00","date_gmt":"2015-11-25T23:00:00","guid":{"rendered":"https:\/\/imagazine.it\/?p=17764"},"modified":"2015-11-26T00:00:00","modified_gmt":"2015-11-25T23:00:00","slug":"dieci-milioni-per-start-up-e-imprese","status":"publish","type":"post","link":"https:\/\/imagazine.it\/home_desk\/dieci-milioni-per-start-up-e-imprese\/","title":{"rendered":"Dieci milioni per start up e imprese"},"content":{"rendered":"<p style=\"text-align: justify;\" class=\"ui-droppable\"> \tC&#8217;\u00e8 voglia di impresa in Friuli Venezia Giulia. Lo confermano i dati di Imprender\u00f2 4.0, il progetto, giunto alla quarta edizione, promosso e finanziato dalla Regione Friuli Venezia Giulia nell\u2019ambito del Fondo Sociale Europeo (Programma operativo 2007\/2013 \u2013 Asse 2 Occupabilit\u00e0 PPO 2013, Programma Specifico n.8) e dal Programma esterno parallelo del POR FSER 2007\/2013 (rientrante nel Piano di azione e coesione &#8211; PAC &#8211; Garanzia Giovani FVG) e arrivato a conclusione in questi giorni.<\/p>\n<p style=\"text-align: justify;\" class=\"ui-droppable\"> \tSono infatti, a poco pi\u00f9 di un anno dall&#8217;inizio dell&#8217;attivit\u00e0 previste dal progetto, circa una cinquantina le imprese attivate in Regione e molte stanno concludendo il loro iter di attivazione.<\/p>\n<p style=\"text-align: justify;\" class=\"ui-droppable\"> \tLe nuove imprese coprono settori tra loro eterogenei: si passa dai business pi\u00f9 tradizionali alle startup innovative. Nello specifico, i settori sono cos\u00ec suddivisi: 2% agricoltura, 13% artigianato, 34% commercio\/ristorazione, 13% ITC, 36% servizi, 2% startup innovative.<\/p>\n<p style=\"text-align: justify;\" class=\"ui-droppable\"> \tAlcune startup innovative, nate a seguito del percorso proposto da Imprender\u00f2, hanno partecipato a \u201cStart Cup Fvg\u201d &#8211; un\u2019iniziativa promossa dagli Atenei regionali, dalle Fondazioni bancarie, da Confindustria Fvg in collaborazione con i parchi scientifici tecnologici regionali e col sostegno della Regione Fvg &#8211; e una di esse ha anche vinto la competizione nella categoria IDEAS.<\/p>\n<p style=\"text-align: justify;\" class=\"ui-droppable\"> \tLa forma giuridica delle neoimprese \u00e8 30% lavoratore autonomo e 70% impresa individuale\/societ\u00e0. A livello territoriale le neoimprese sono cos\u00ec distribuite: 43% provincia di Pordenone, 39% provincia di Udine, 13% provincia di Gorizia, 2% provincia di Trieste, 2% estero (mediante internazionalizzazione d&#8217;impresa).<\/p>\n<p style=\"text-align: justify;\" class=\"ui-droppable\"> \tImprender\u00f2 ha realizzato un programma di educazione all&#8217;imprenditorialit\u00e0 molto intenso e vasto, coprendo l&#8217;intero territorio regionale, con circa 4.000 partecipanti in aula, ai pi\u00f9 di 140 seminari informativi e di orientamento e ai 36 corsi di formazione. Ha sostenuto lo sviluppo di oltre 350 progetti d&#8217;impresa (di cui circa 80 da parte degli under 30 &#8211; Garanzia Giovani) con oltre 6.500 ore di consulenza individuale.<\/p>\n<p style=\"text-align: justify;\" class=\"ui-droppable\"> \tIl successo di questo progetto \u00e8 confermato anche dal fatto che Imprender\u00f2 4.0 \u00e8 stato considerato &#8220;buona pratica&#8221; a livello nazionale ed \u00e8 stato inserito come esempio di esperienza virtuosa promossa dalla Regione Friuli Venezia Giulia nel volume &#8220;Garanzia Giovani: una sfida&#8221;.<\/p>\n<p style=\"text-align: justify;\" class=\"ui-droppable\"> \tPresenti all&#8217;evento l&#8217;Assessore regionale al Lavoro, Formazione, Istruzione, Pari opportunit\u00e0, Politiche giovanili e Ricerca <strong>Loredana Panariti<\/strong>, l&#8217;assessore all&#8217;innovazione del Comune di Udine <strong>Gabriele Giacomini<\/strong> e il direttore del Consorzio Friuli Formazione &#8211; ente capofila del progetto &#8211; <strong>Andrea<\/strong> <strong>Giacomelli<\/strong> che hanno rimarcato il buon esito delle iniziative messe in campo dai 10 partner di progetto.<\/p>\n<p style=\"text-align: justify;\" class=\"ui-droppable\"> \tL&#8217;assessore regionale <strong>Panariti, <\/strong>rimarcando il successo dell&#8217;iniziativa, ha posto l&#8217;attenzione sull&#8217;importanza di supportare queste nuove imprese sottolineando che la Regione metter\u00e0 a disposizione \u00ab10 milioni del FESR \u00a0(Fondo Europeo di Sviluppo Regionale) proprio per queste iniziative; parte saranno riservate a startup innovative e parte a imprese tradizionali. Quest&#8217;ultime &#8211; continua l&#8217;assessore &#8211; rivestono un ruolo importante per il tessuto socioeconomico regionale\u00bb.<\/p>\n","protected":false},"excerpt":{"rendered":"<p>Annuncio dell&#8217;assessore regionale Panariti<\/p>\n","protected":false},"author":28,"featured_media":17765,"comment_status":"closed","ping_status":"closed","sticky":false,"template":"","format":"standard","meta":{"dwc-title":[],"dwc-content":[],"footnotes":""},"categories":[5],"tags":[],"class_list":["post-17764","post","type-post","status-publish","format-standard","has-post-thumbnail","hentry","category-attualita"],"rttpg_featured_image_url":{"full":["https:\/\/imagazine.it\/wp-content\/uploads\/2024\/01\/12041-1.webp",438,300,false],"landscape":["https:\/\/imagazine.it\/wp-content\/uploads\/2024\/01\/12041-1.webp",438,300,false],"portraits":["https:\/\/imagazine.it\/wp-content\/uploads\/2024\/01\/12041-1.webp",438,300,false],"thumbnail":["https:\/\/imagazine.it\/wp-content\/uploads\/2024\/01\/12041-1-150x150.webp",150,150,true],"medium":["https:\/\/imagazine.it\/wp-content\/uploads\/2024\/01\/12041-1-300x205.webp",300,205,true],"large":["https:\/\/imagazine.it\/wp-content\/uploads\/2024\/01\/12041-1.webp",438,300,false],"thumblist":["https:\/\/imagazine.it\/wp-content\/uploads\/2024\/01\/12041-1.webp",300,205,false],"thumbrelated":["https:\/\/imagazine.it\/wp-content\/uploads\/2024\/01\/12041-1.webp",438,300,false],"meccarouselthumb":["https:\/\/imagazine.it\/wp-content\/uploads\/2024\/01\/12041-1.webp",438,300,false],"gridsquare":["https:\/\/imagazine.it\/wp-content\/uploads\/2024\/01\/12041-1.webp",380,260,false],"tileview":["https:\/\/imagazine.it\/wp-content\/uploads\/2024\/01\/12041-1.webp",300,205,false],"1536x1536":["https:\/\/imagazine.it\/wp-content\/uploads\/2024\/01\/12041-1.webp",438,300,false],"2048x2048":["https:\/\/imagazine.it\/wp-content\/uploads\/2024\/01\/12041-1.webp",438,300,false],"newsup-slider-full":["https:\/\/imagazine.it\/wp-content\/uploads\/2024\/01\/12041-1.webp",438,300,false],"newsup-featured":["https:\/\/imagazine.it\/wp-content\/uploads\/2024\/01\/12041-1.webp",438,300,false],"newsup-medium":["https:\/\/imagazine.it\/wp-content\/uploads\/2024\/01\/12041-1.webp",438,300,false],"tptn_thumbnail":["https:\/\/imagazine.it\/wp-content\/uploads\/2024\/01\/12041-1.webp",250,171,false],"sow-carousel-default":["https:\/\/imagazine.it\/wp-content\/uploads\/2024\/01\/12041-1-272x182.webp",272,182,true]},"rttpg_author":{"display_name":"redazione","author_link":"https:\/\/imagazine.it\/home_desk\/author\/redazione\/"},"rttpg_comment":0,"rttpg_category":"<a href=\"https:\/\/imagazine.it\/home_desk\/category\/attualita\/\" rel=\"category tag\">ATTUALIT\u00c0<\/a>","rttpg_excerpt":"Annuncio dell'assessore regionale Panariti","_links":{"self":[{"href":"https:\/\/imagazine.it\/home_desk\/wp-json\/wp\/v2\/posts\/17764","targetHints":{"allow":["GET"]}}],"collection":[{"href":"https:\/\/imagazine.it\/home_desk\/wp-json\/wp\/v2\/posts"}],"about":[{"href":"https:\/\/imagazine.it\/home_desk\/wp-json\/wp\/v2\/types\/post"}],"author":[{"embeddable":true,"href":"https:\/\/imagazine.it\/home_desk\/wp-json\/wp\/v2\/users\/28"}],"replies":[{"embeddable":true,"href":"https:\/\/imagazine.it\/home_desk\/wp-json\/wp\/v2\/comments?post=17764"}],"version-history":[{"count":0,"href":"https:\/\/imagazine.it\/home_desk\/wp-json\/wp\/v2\/posts\/17764\/revisions"}],"wp:featuredmedia":[{"embeddable":true,"href":"https:\/\/imagazine.it\/home_desk\/wp-json\/wp\/v2\/media\/17765"}],"wp:attachment":[{"href":"https:\/\/imagazine.it\/home_desk\/wp-json\/wp\/v2\/media?parent=17764"}],"wp:term":[{"taxonomy":"category","embeddable":true,"href":"https:\/\/imagazine.it\/home_desk\/wp-json\/wp\/v2\/categories?post=17764"},{"taxonomy":"post_tag","embeddable":true,"href":"https:\/\/imagazine.it\/home_desk\/wp-json\/wp\/v2\/tags?post=17764"}],"curies":[{"name":"wp","href":"https:\/\/api.w.org\/{rel}","templated":true}]}}