{"id":17754,"date":"2015-11-25T00:00:00","date_gmt":"2015-11-24T23:00:00","guid":{"rendered":"https:\/\/imagazine.it\/?p=17754"},"modified":"2015-11-25T00:00:00","modified_gmt":"2015-11-24T23:00:00","slug":"il-cividalese-unito-per-valorizzare-il-natisone","status":"publish","type":"post","link":"https:\/\/imagazine.it\/home_desk\/il-cividalese-unito-per-valorizzare-il-natisone\/","title":{"rendered":"Il Cividalese unito per valorizzare il Natisone"},"content":{"rendered":"<p class=\"ui-droppable\" style=\"text-align: justify;\"> \tMarted\u00ec 1 dicembre alle ore 18, presso l\u2019Aula Magna della Scuola secondaria di primo grado \u201cE.A. Piccoli\u201d di Cividale del Friuli, i Comuni di Cividale, Moimacco, Premariacco, Pulfero, San Pietro al Natisone e Torreano promuoveranno l\u2019avvio del processo partecipativo volto a coinvolgere le comunit\u00e0 locali nella redazione del Piano Paesaggistico Regionale del Friuli Venezia Giulia (PPRFVG).<\/p>\n<p class=\"ui-droppable\" style=\"text-align: justify;\"> \tIl Piano nasce in attuazione al <em>Codice dei Beni Culturali e del Paesaggio<\/em> e della <em>Convenzione Europea per il Paesaggio<\/em> ed \u00e8 un fondamentale strumento di pianificazione finalizzato alla salvaguardia e gestione del territorio nella sua globalit\u00e0. Lo scopo \u00e8 quello di integrare la tutela e la valorizzazione del paesaggio nei processi di trasformazione territoriale, anche come leva significativa per la competitivit\u00e0 dell\u2019economia regionale.<\/p>\n<\/p>\n<p class=\"ui-droppable\" style=\"text-align: justify;\"> \tAi fini della redazione del piano, il Comune di Cividale, insieme ad altri Comuni, ha aderito a due accordi con la Regione relativi al \u201cPaesaggio Vitato\u201d e all\u2019\u201cAmbito del Natisone\u201d, finalizzati a tutelare e a valorizzare nello specifico questi ambiti di paesaggio.<\/p>\n<p class=\"ui-droppable\" style=\"text-align: justify;\"> \tL\u2019iniziativa prevede la ricognizione e perimetrazione delle aree e degli immobili gi\u00e0 sottoposti a tutela, nonch\u00e9 l\u2019individuazione di eventuali e ulteriori contesti da sottoporre a misure di salvaguardia e di utilizzo. Verranno organizzati momenti volti al coinvolgimento della comunit\u00e0 (incontri informativi, tavoli di lavoro, coinvolgimento delle scuole ecc.), dei quali il Comune dar\u00e0 comunicazione preventiva.<\/p>\n<p class=\"ui-droppable\" style=\"text-align: justify;\"> \tLa serata informativa del 1 dicembre prossimo, realizzata in collaborazione con la Regione e con l\u2019Universit\u00e0 degli Studi di Udine, sar\u00e0 un\u2019occasione per conoscere e comprendere a fondo gli obiettivi di questo progetto, che prevede un vero e proprio processo di partecipazione attiva della popolazione e che si fonda sull\u2019ottica di uno sviluppo del territorio attento alla tutela e alla valorizzazione delle peculiarit\u00e0 ambientali e paesaggistiche.<\/p>\n<p class=\"ui-droppable\" style=\"text-align: justify;\"> \tIn tale occasione, chiunque fosse interessato potr\u00e0 dare la propria adesione a un gruppo di lavoro che, coordinato da un facilitatore capogruppo (individuato dai Comuni e formato dall\u2019Universit\u00e0), si impegner\u00e0 nel processo di individuazione delle aree di interesse e di raccolta dei dati necessari.<\/p>\n<p class=\"ui-droppable\" style=\"text-align: justify;\"> \t<a href=\"http:\/\/www.regione.fvg.it\/rafvg\/cms\/RAFVG\/ambiente-territorio\/tutela-ambiente-gestione-risorse-naturali\/FOGLIA200\/FOGLIA2\/\" target=\"_blank\" rel=\"noopener\">Clicca qui per ulteriori informazioni\u00a0<\/a><\/p>\n","protected":false},"excerpt":{"rendered":"<p>Presentazione del Piano Paesaggistico Regionale<\/p>\n","protected":false},"author":28,"featured_media":17755,"comment_status":"closed","ping_status":"closed","sticky":false,"template":"","format":"standard","meta":{"dwc-title":[],"dwc-content":[],"footnotes":""},"categories":[8],"tags":[],"class_list":["post-17754","post","type-post","status-publish","format-standard","has-post-thumbnail","hentry","category-turismo"],"rttpg_featured_image_url":{"full":["https:\/\/imagazine.it\/wp-content\/uploads\/2024\/01\/12012-1.webp",586,400,false],"landscape":["https:\/\/imagazine.it\/wp-content\/uploads\/2024\/01\/12012-1.webp",586,400,false],"portraits":["https:\/\/imagazine.it\/wp-content\/uploads\/2024\/01\/12012-1.webp",586,400,false],"thumbnail":["https:\/\/imagazine.it\/wp-content\/uploads\/2024\/01\/12012-1-150x150.webp",150,150,true],"medium":["https:\/\/imagazine.it\/wp-content\/uploads\/2024\/01\/12012-1-300x205.webp",300,205,true],"large":["https:\/\/imagazine.it\/wp-content\/uploads\/2024\/01\/12012-1.webp",586,400,false],"thumblist":["https:\/\/imagazine.it\/wp-content\/uploads\/2024\/01\/12012-1.webp",300,205,false],"thumbrelated":["https:\/\/imagazine.it\/wp-content\/uploads\/2024\/01\/12012-1.webp",500,341,false],"meccarouselthumb":["https:\/\/imagazine.it\/wp-content\/uploads\/2024\/01\/12012-1.webp",474,324,false],"gridsquare":["https:\/\/imagazine.it\/wp-content\/uploads\/2024\/01\/12012-1.webp",381,260,false],"tileview":["https:\/\/imagazine.it\/wp-content\/uploads\/2024\/01\/12012-1.webp",300,205,false],"1536x1536":["https:\/\/imagazine.it\/wp-content\/uploads\/2024\/01\/12012-1.webp",586,400,false],"2048x2048":["https:\/\/imagazine.it\/wp-content\/uploads\/2024\/01\/12012-1.webp",586,400,false],"newsup-slider-full":["https:\/\/imagazine.it\/wp-content\/uploads\/2024\/01\/12012-1.webp",586,400,false],"newsup-featured":["https:\/\/imagazine.it\/wp-content\/uploads\/2024\/01\/12012-1.webp",586,400,false],"newsup-medium":["https:\/\/imagazine.it\/wp-content\/uploads\/2024\/01\/12012-1-586x380.webp",586,380,true],"tptn_thumbnail":["https:\/\/imagazine.it\/wp-content\/uploads\/2024\/01\/12012-1.webp",250,171,false],"sow-carousel-default":["https:\/\/imagazine.it\/wp-content\/uploads\/2024\/01\/12012-1-272x182.webp",272,182,true]},"rttpg_author":{"display_name":"redazione","author_link":"https:\/\/imagazine.it\/home_desk\/author\/redazione\/"},"rttpg_comment":0,"rttpg_category":"<a href=\"https:\/\/imagazine.it\/home_desk\/category\/turismo\/\" rel=\"category tag\">TURISMO<\/a>","rttpg_excerpt":"Presentazione del Piano Paesaggistico Regionale","_links":{"self":[{"href":"https:\/\/imagazine.it\/home_desk\/wp-json\/wp\/v2\/posts\/17754","targetHints":{"allow":["GET"]}}],"collection":[{"href":"https:\/\/imagazine.it\/home_desk\/wp-json\/wp\/v2\/posts"}],"about":[{"href":"https:\/\/imagazine.it\/home_desk\/wp-json\/wp\/v2\/types\/post"}],"author":[{"embeddable":true,"href":"https:\/\/imagazine.it\/home_desk\/wp-json\/wp\/v2\/users\/28"}],"replies":[{"embeddable":true,"href":"https:\/\/imagazine.it\/home_desk\/wp-json\/wp\/v2\/comments?post=17754"}],"version-history":[{"count":0,"href":"https:\/\/imagazine.it\/home_desk\/wp-json\/wp\/v2\/posts\/17754\/revisions"}],"wp:featuredmedia":[{"embeddable":true,"href":"https:\/\/imagazine.it\/home_desk\/wp-json\/wp\/v2\/media\/17755"}],"wp:attachment":[{"href":"https:\/\/imagazine.it\/home_desk\/wp-json\/wp\/v2\/media?parent=17754"}],"wp:term":[{"taxonomy":"category","embeddable":true,"href":"https:\/\/imagazine.it\/home_desk\/wp-json\/wp\/v2\/categories?post=17754"},{"taxonomy":"post_tag","embeddable":true,"href":"https:\/\/imagazine.it\/home_desk\/wp-json\/wp\/v2\/tags?post=17754"}],"curies":[{"name":"wp","href":"https:\/\/api.w.org\/{rel}","templated":true}]}}