{"id":17685,"date":"2015-11-12T00:00:00","date_gmt":"2015-11-11T23:00:00","guid":{"rendered":"https:\/\/imagazine.it\/?p=17685"},"modified":"2015-11-12T00:00:00","modified_gmt":"2015-11-11T23:00:00","slug":"gorizia-ritorna-il-teatro-sociale","status":"publish","type":"post","link":"https:\/\/imagazine.it\/home_desk\/gorizia-ritorna-il-teatro-sociale\/","title":{"rendered":"Gorizia, ritorna il teatro sociale"},"content":{"rendered":"<p style=\"text-align: justify;\" class=\"ui-droppable\"> \tDiciassette rappresentazioni, sei localit\u00e0 toccate, sette sale ad accogliere spettacoli e proiezioni. Sono alcuni dei numeri della diciottesima edizione di \u201cAltre Espressivit\u00e0\u201d, la rassegna di teatro sociale organizzata dall\u2019assessorato al Welfare della Provincia di Gorizia in collaborazione con il Consorzio isontino servizi integrati (Cisi), la Consulta regionale delle associazioni di persone disabili e delle loro famiglie e il sostegno della Fondazione Cassa di Risparmio di Gorizia, in programma da sabato 14 a sabato 28 novembre a Nova Gorica, Monfalcone, Gorizia, Corm\u00f2ns, Staranzano e Gradisca.<\/p>\n<p style=\"text-align: justify;\" class=\"ui-droppable\"> \tUn appuntamento ormai fisso, diventato punto di riferimento addirittura a livello nazionale: la rassegna goriziana si propone di innescare una riflessione costruttiva sul tema del disagio sociale, attraverso molteplici esperienze portate in scena da compagnie che, pur arrivando da territori anche molto distanti e diversi tra loro, condividono il percorso che ha come traguardo un proscenio. Anche quest\u2019anno l\u2019iniziativa pu\u00f2 contare sulla collaborazione dei Comuni di Monfalcone, Corm\u00f2ns, Staranzano, Gradisca d\u2019Isonzo, l\u2019Azienda per l\u2019Assistenza Sanitaria n. 2 Bassa Friulana-Isontina, la Consulta provinciale delle associazioni dei disabili, l\u2019Auser e altre associazioni. In questa diciottesima edizione la rassegna accoglie quasi una ventina di compagnie di teatro sociale locali, nazionali e straniere, che nascono ed operano nei campi della disabilit\u00e0 e del disagio mentale e trattano tematiche di rilevanza sociale, sperimentando diversi generi teatrali in una commistione di canali espressivi che spaziano dalla musica, alla danza, alla fotografia e ad altro ancora.\u00a0\u00a0\u00a0<\/p>\n<p style=\"text-align: justify;\" class=\"ui-droppable\"> \t<strong>Gli spettacoli<\/strong><\/p>\n<p style=\"text-align: justify;\" class=\"ui-droppable\"> \tL\u2019apertura della diciottesima edizione di Altre Espressivit\u00e0 \u00e8 in programma gi\u00e0 questo sabato al Kulturni dom di Nova Gorica. Alle 18.30 andr\u00e0 in scena \u201c<strong><em>Memorie: storia e storie di migrazione<\/em><\/strong>\u201d, con la compagnia dei Viandanti del Mondo di Gorizia, per la regia di una delle anime della rassegna, Vito Dal\u00f2. Di particolare attualit\u00e0 il tema della rappresentazione, che incrocer\u00e0 le storie di una donna atzeca, Malinzin, e di un afghano costretto a scappare dalla propria terra per evitare di essere assassinato. La compagnia, nata grazie all\u2019associazione Forum Cultura di Gorizia, ha coinvolto circa cinquanta migranti provenienti da tutti i continenti.<\/p>\n<p style=\"text-align: justify;\" class=\"ui-droppable\"> \tSecondo appuntamento in cartellone luned\u00ec 16 novembre alle 10.30 al Teatro comunale di Monfalcone, con \u201c<strong><em>Impronte dell\u2019anima<\/em><\/strong>\u201d, portato in scena dal Teatro La Ribalta di Bolzano per la regia di Antonio Vigan\u00f2. Lo spettacolo, che sar\u00e0 replicato anche alle 20.30, s\u2019addentra nella Germania nazista del 1943-45, alle prese con le follie assassine delle leggi razziali.<\/p>\n<p style=\"text-align: justify;\" class=\"ui-droppable\"> \tMarted\u00ec 17 novembre alle 20.30 Altre Espressivit\u00e0 approda al Kulturni dom di Gorizia, con <strong><em>\u201cFili d\u2019erba &#8211; Scene da Shakespeare<\/em><\/strong>\u201d, con sul palco gli attori del laboratorio di teatro sociale, in collaborazione con il Cisi di Gradisca e con la partecipazione della banda musicale di Ronchi dei Legionari. Gioved\u00ec 19 novembre al Kulturni dom di Gorizia sar\u00e0 la volta di \u201c<strong><em>Robot<\/em><\/strong>\u201d (Dru\u0161tvo gluhih in naglu\u0161nih Severne Primorske &#8211; Associazione sordi e audiolesi Nord Litorale di Nova Gorica) e di \u201c<strong><em>Maschere ovvero Il naso<\/em><\/strong>\u201d (Magnifico teatrino errante di Bologna), in rapida successione alle 10.30 e alle 11. Alle 20.30, sempre sul palco di via Brass, ecco lo Slovensko Stalno Gledalisce e il suo esilarante \u201c<strong><em>Come diventare sloveni in 50 minuti<\/em><\/strong>\u201d.<\/p>\n<p style=\"text-align: justify;\" class=\"ui-droppable\"> \tVenerd\u00ec 20 novembre il Kinemax di piazza Vittoria proporr\u00e0 alle 10 la proiezione del docufilm \u201c<strong><em>Dancing with Maria<\/em><\/strong>\u201d, del regista goriziano Ivan Gergolet. Prodotto da Transmedia, Imaginada (Argentina) e Staragara (Slovenia), la pellicola ha ottenuto proprio nei giorni scorsi la nomination per gli European Film Awards \u2013 l\u2019equivalente degli Oscar Europei &#8211; nella categoria documentari. Per Altre Espressivit\u00e0 la proiezione sar\u00e0 accompagnata da una performance curata da Martina Serban e da un dibattito con gli stessi Gergolet, Serban e altri esperti in danzaterapia. Lo stesso giorno, ma alle 20.30, il Teatro comunale di Cormons accoglier\u00e0 \u201c<strong><em>Fotogrammi<\/em><\/strong>\u201d, della compagnia Azzurro del Centro terapeutico riabilitativo Villa San Maria della Pace di Medea, mentre alle 21 andr\u00e0 in scena \u201c<strong><em>A mio agio nel disagio<\/em><\/strong>\u201d (Overnight in art di Romans) e alle 22 \u00e8 in programma <strong><em>\u201cIl viaggio<\/em><\/strong>\u201d, con l\u2019associazione Mulino Rosenkranz di Pordenone. Luned\u00ec 23 sar\u00e0 la volta di \u201c<strong><em>In via di definizione<\/em><\/strong>\u201d (gruppo teatro dell\u2019Isis Buonarroti di Monfalcone, che per ben due volte si \u00e8 aggiudicata il premio Altre Espressivit\u00e0) e di \u201c<strong><em>Poesie e suoni<\/em><\/strong>\u201d, della Barvana Klapa Sklad Mitjia \u010cuk di Trieste, in scena rispettivamente alle 10.30 e alle 11.15. Marted\u00ec 24 novembre si torna al Kulturni dom di Gorizia, con il teatro forum \u201c<strong><em>Alettosenzacena<\/em><\/strong>\u201d (compagnia la Torre di Lavariano) e \u201c<strong><em>3.500 parole<\/em><\/strong>\u201d (L\u2019Urlo di Brindisi), alle 10 e 11.30. Gioved\u00ec 26 novembre la compagnia teatrale studentesca dell\u2019Isis Cossar di Gorizia proporr\u00e0 al teatro comunale di Monfalcone \u201c<strong><em>Chiediamo aiuto<\/em><\/strong>\u201d, mentre a seguire saliranno sul palco i partecipanti al laboratorio di formazione di Erica Gasparinic e Gioele Peressini. Infine, venerd\u00ec 27 la Sala Bergamas di Gradisca ospiter\u00e0 \u201c<strong><em>Oracoli<\/em><\/strong>\u201d, della compagnia Il dirigibile del Centro diurno del Dipartimento di Salute mentale dell\u2019Ausl di Forl\u00ec; alle 20, sempre nella Citt\u00e0 della Fortezza, il \u201cgal\u00e0\u201d finale con tutti i rappresentanti delle compagnie, le autorit\u00e0 e i partner dell\u2019iniziativa, ospitato nella sede gradiscana del Cisi.<\/p>\n<p style=\"text-align: justify;\" class=\"ui-droppable\"> \t<strong>Giornate di formazione<\/strong><\/p>\n<p style=\"text-align: justify;\" class=\"ui-droppable\"> \tOltre alle rappresentazioni teatrali la rassegna comprende una parte formativa e interattiva dedicata ai giovani studenti delle scuole e a chi semplicemente \u00e8 interessato, attraverso la partecipazione ai laboratori di formazione al teatro condotti da esperti nel settore. Gli incontri saranno ospitati dalla sala consiliare della Provincia di Gorizia e dall\u2019aula magna dell\u2019Isis Pertini di Monfalcone: sabato 14 novembre dalle 9 alle 15 a Gorizia si parte con \u201cApproccio al teatro sociale, dalla a alla\u2026\u201d, condotto da Vito Dal\u00f2, mentre mercoled\u00ec 18 e mercoled\u00ec 25 (dalle 8.30 alle 15) a Monfalcone Erica Gasparinic proporr\u00e0 \u201cStudio di personaggi\u201d; sabato 21 novembre si torna nella sala del Consiglio provinciale per il laboratorio dedicato al teatro emozionale (con Dal\u00f2), mentre sabato 28 (dalle 9.30 alle 12.30) Martina Serban condurr\u00e0 il laboratorio di danzaterapia secondo il modello proposto da Maria Fux.<\/p>\n<p style=\"text-align: justify;\" class=\"ui-droppable\"> \t<strong>La presentazione<\/strong><\/p>\n<p style=\"text-align: justify;\" class=\"ui-droppable\"> \tAlla conferenza stampa di presentazione sono intervenuti la vicepresidente della Provincia, <strong>Mara Cernic<\/strong>, la presidente della Commissione provinciale Pari opportunit\u00e0, <strong>Elisabetta Medeot<\/strong>, il presidente della Fondazione Cassa di Risparmio di Gorizia, <strong>Gian Luigi Chiozza<\/strong>, l\u2019assessore comunale gradiscano <strong>Francesca Colombi<\/strong>, il presidente della Consulta regionale disabili, <strong>Mario Brancati<\/strong>, il presidente del Cisi <strong>Silvano Buttignon<\/strong>, il presidente dell\u2019associazione Forum, <strong>Andrea Bellavite<\/strong>, e <strong>Vito Dal\u00f2<\/strong>, direttore artistico dell\u2019iniziativa.<\/p>\n","protected":false},"excerpt":{"rendered":"<p>Presentata &#8220;Altre Espressivit\u00e0&#8221;<\/p>\n","protected":false},"author":28,"featured_media":17686,"comment_status":"closed","ping_status":"closed","sticky":false,"template":"","format":"standard","meta":{"dwc-title":[],"dwc-content":[],"footnotes":""},"categories":[37],"tags":[],"class_list":["post-17685","post","type-post","status-publish","format-standard","has-post-thumbnail","hentry","category-cultura-e-spettacolo"],"rttpg_featured_image_url":{"full":["https:\/\/imagazine.it\/wp-content\/uploads\/2024\/01\/11834-1.webp",400,300,false],"landscape":["https:\/\/imagazine.it\/wp-content\/uploads\/2024\/01\/11834-1.webp",400,300,false],"portraits":["https:\/\/imagazine.it\/wp-content\/uploads\/2024\/01\/11834-1.webp",400,300,false],"thumbnail":["https:\/\/imagazine.it\/wp-content\/uploads\/2024\/01\/11834-1-150x150.webp",150,150,true],"medium":["https:\/\/imagazine.it\/wp-content\/uploads\/2024\/01\/11834-1-300x225.webp",300,225,true],"large":["https:\/\/imagazine.it\/wp-content\/uploads\/2024\/01\/11834-1.webp",400,300,false],"thumblist":["https:\/\/imagazine.it\/wp-content\/uploads\/2024\/01\/11834-1.webp",300,225,false],"thumbrelated":["https:\/\/imagazine.it\/wp-content\/uploads\/2024\/01\/11834-1.webp",400,300,false],"meccarouselthumb":["https:\/\/imagazine.it\/wp-content\/uploads\/2024\/01\/11834-1.webp",400,300,false],"gridsquare":["https:\/\/imagazine.it\/wp-content\/uploads\/2024\/01\/11834-1.webp",347,260,false],"tileview":["https:\/\/imagazine.it\/wp-content\/uploads\/2024\/01\/11834-1.webp",300,225,false],"1536x1536":["https:\/\/imagazine.it\/wp-content\/uploads\/2024\/01\/11834-1.webp",400,300,false],"2048x2048":["https:\/\/imagazine.it\/wp-content\/uploads\/2024\/01\/11834-1.webp",400,300,false],"newsup-slider-full":["https:\/\/imagazine.it\/wp-content\/uploads\/2024\/01\/11834-1.webp",400,300,false],"newsup-featured":["https:\/\/imagazine.it\/wp-content\/uploads\/2024\/01\/11834-1.webp",400,300,false],"newsup-medium":["https:\/\/imagazine.it\/wp-content\/uploads\/2024\/01\/11834-1.webp",400,300,false],"tptn_thumbnail":["https:\/\/imagazine.it\/wp-content\/uploads\/2024\/01\/11834-1.webp",250,188,false],"sow-carousel-default":["https:\/\/imagazine.it\/wp-content\/uploads\/2024\/01\/11834-1-272x182.webp",272,182,true]},"rttpg_author":{"display_name":"redazione","author_link":"https:\/\/imagazine.it\/home_desk\/author\/redazione\/"},"rttpg_comment":0,"rttpg_category":"<a href=\"https:\/\/imagazine.it\/home_desk\/category\/cultura-e-spettacolo\/\" rel=\"category tag\">CULTURA&amp;SPETTACOLO<\/a>","rttpg_excerpt":"Presentata \"Altre Espressivit\u00e0\"","_links":{"self":[{"href":"https:\/\/imagazine.it\/home_desk\/wp-json\/wp\/v2\/posts\/17685","targetHints":{"allow":["GET"]}}],"collection":[{"href":"https:\/\/imagazine.it\/home_desk\/wp-json\/wp\/v2\/posts"}],"about":[{"href":"https:\/\/imagazine.it\/home_desk\/wp-json\/wp\/v2\/types\/post"}],"author":[{"embeddable":true,"href":"https:\/\/imagazine.it\/home_desk\/wp-json\/wp\/v2\/users\/28"}],"replies":[{"embeddable":true,"href":"https:\/\/imagazine.it\/home_desk\/wp-json\/wp\/v2\/comments?post=17685"}],"version-history":[{"count":0,"href":"https:\/\/imagazine.it\/home_desk\/wp-json\/wp\/v2\/posts\/17685\/revisions"}],"wp:featuredmedia":[{"embeddable":true,"href":"https:\/\/imagazine.it\/home_desk\/wp-json\/wp\/v2\/media\/17686"}],"wp:attachment":[{"href":"https:\/\/imagazine.it\/home_desk\/wp-json\/wp\/v2\/media?parent=17685"}],"wp:term":[{"taxonomy":"category","embeddable":true,"href":"https:\/\/imagazine.it\/home_desk\/wp-json\/wp\/v2\/categories?post=17685"},{"taxonomy":"post_tag","embeddable":true,"href":"https:\/\/imagazine.it\/home_desk\/wp-json\/wp\/v2\/tags?post=17685"}],"curies":[{"name":"wp","href":"https:\/\/api.w.org\/{rel}","templated":true}]}}