{"id":17465,"date":"2015-09-28T00:00:00","date_gmt":"2015-09-27T23:00:00","guid":{"rendered":"https:\/\/imagazine.it\/?p=17465"},"modified":"2015-09-28T00:00:00","modified_gmt":"2015-09-27T23:00:00","slug":"a-ruttars-la-sfida-autunnale-dei-gusti","status":"publish","type":"post","link":"https:\/\/imagazine.it\/home_desk\/a-ruttars-la-sfida-autunnale-dei-gusti\/","title":{"rendered":"A Ruttars la sfida autunnale dei gusti"},"content":{"rendered":"<p style=\"text-align: justify;\" class=\"ui-droppable\"> \tAppuntamento, <strong>sabato 24 ottobre<\/strong> <strong>a mezzogiorno nella cantina di Silvio<\/strong> <strong>Jermann<\/strong> a Ruttars di Dolegna del Collio, con il gotha dell\u2019enologia italiana e dell\u2019area di Alpe Adria: <strong>40 vignaioli<\/strong> chiamati a raccolta da <strong>FriuliVG Via dei Sapori<\/strong> per un <strong>Lunch Show<\/strong> che si preannuncia memorabile. Saranno infatti i loro vini ad accompagnare i piatti che gli chef dei 20 ristoranti del gruppo prepareranno in diretta davanti al pubblico di affezionati gourmet che segue ormai da anni i loro Concerti del Gusto, allestiti sempre in luoghi di grande fascino e suggestione. E per l\u2019autunno, non poteva esserci una cornice migliore delle colline tappezzate di vigne del Collio Goriziano.<\/p>\n<p style=\"text-align: justify;\" class=\"ui-droppable\"> \tIl format di FVG Via dei Sapori prevede che ogni creazione gastronomica sia accompagnata da un vino delle cantine del Friuli Venezia Giulia partner dei ristoratori del gruppo: <strong>20 ristoranti<\/strong> con 20 vignaioli, dunque, per un percorso del gusto che varia di volta in volta e presenta quanto di meglio e di pi\u00f9 creativo propone in tavola questa terra di confine. Da Jermann ci sar\u00e0 una importante novit\u00e0, dato che i<strong> vignaioli saranno addirittura 40. <\/strong>Infatti ogni piatto sar\u00e0 abbinato sia a un vino dei 20 vignaioli locali sia ad uno di altrettanti <strong>produttori ospiti<\/strong> provenienti, oltre che da altre regioni italiane, da Austria, Slovenia e Croazia. Una sfida amichevole, o meglio un confronto, tra grandi protagonisti dell\u2019enologia internazionale di cui si degusteranno 40 diversi vini. Ed ecco, quindi, dal <strong>Friuli<\/strong> le cantine <strong>Castello di Buttrio, Castello di Spessa, Di Lenardo, Edi Keber, Ermacora, Eugenio Collavini, Forchir, Jermann, La Viarte, Le Monde, Livio Felluga, Livon, Marco Felluga, Petrussa, Ronco delle Betulle, Sirch, Venica&#038;Venica, Villa Parens, Vistorta, Zidarich, oltre a Nonino distillerie<\/strong>.<\/p>\n<p style=\"text-align: justify;\" class=\"ui-droppable\"> \tAl momento le aziende ospiti che hanno aderito sono le seguenti: dal Piemonte <strong>Cerreto<\/strong>, dalla Lombardia <strong>Ca\u2019 del Bosco<\/strong>, dal Veneto <strong>Romano Dal Forno<\/strong>, dal Trentino <strong>Pojer e Sandri<\/strong>, dall\u2019Alto Adige <strong>Alojs Lageder<\/strong>, dalle Marche <strong>Villa Bucci<\/strong>, dall\u2019Abruzzo <strong>Umani Ronchi<\/strong>, dalla Campania <strong>Feudi di San Gregorio<\/strong>, dalla Puglia <strong>Vinicola Riviera<\/strong>, dalla Sicilia <strong>Tasca d&#8217;Almerita<\/strong>, dalla Slovenia<strong> Burja<\/strong>, <strong>Dveripax,<\/strong> <strong>Marjan Simcic<\/strong>, dalla Croazia <strong>Meneghetti<\/strong>, dall\u2019Austria <strong>Knoll Emmerich<\/strong>,<strong> J. Heinrich<\/strong>,<strong> Weingut F.X. Pichler<\/strong>,<strong> Tement. <\/strong><\/p>\n<p style=\"text-align: justify;\" class=\"ui-droppable\"> \tPer il Lunch Show, i 20 chef presenteranno le loro inedite creazioni dedicate all\u2019autunno, che saranno pubblicate in anteprima sul sito <a href=\"http:\/\/www.friuliviadeisapori.it\/\" target=\"_blank\" rel=\"noopener\">www.friuliviadeisapori.it<\/a>, cos\u00ec come gli abbinamenti con i vini.<\/p>\n<p style=\"text-align: justify;\" class=\"ui-droppable\"> \tL\u2019ouverture del Lunch Show e la chiusura con i dolci, i gelati, il caff\u00e8 e i distillati, saranno affidati ai <strong>14 artigiani del gusto<\/strong>, ovvero piccoli e grandi produttori agroalimentari di livello assoluto, uniti a ristoratori e vignaioli attorno ad uno stesso progetto: la valorizzazione del cibo, dei prodotti e del territorio del Friuli Venezia Giulia.\u00a0<\/p>\n","protected":false},"excerpt":{"rendered":"<p>Lunch Show organizzato da FVG Via dei Sapori<\/p>\n","protected":false},"author":28,"featured_media":17466,"comment_status":"closed","ping_status":"closed","sticky":false,"template":"","format":"standard","meta":{"dwc-title":[],"dwc-content":[],"footnotes":""},"categories":[37],"tags":[],"class_list":["post-17465","post","type-post","status-publish","format-standard","has-post-thumbnail","hentry","category-cultura-e-spettacolo"],"rttpg_featured_image_url":{"full":["https:\/\/imagazine.it\/wp-content\/uploads\/2024\/01\/11260-1.webp",448,300,false],"landscape":["https:\/\/imagazine.it\/wp-content\/uploads\/2024\/01\/11260-1.webp",448,300,false],"portraits":["https:\/\/imagazine.it\/wp-content\/uploads\/2024\/01\/11260-1.webp",448,300,false],"thumbnail":["https:\/\/imagazine.it\/wp-content\/uploads\/2024\/01\/11260-1-150x150.webp",150,150,true],"medium":["https:\/\/imagazine.it\/wp-content\/uploads\/2024\/01\/11260-1-300x201.webp",300,201,true],"large":["https:\/\/imagazine.it\/wp-content\/uploads\/2024\/01\/11260-1.webp",448,300,false],"thumblist":["https:\/\/imagazine.it\/wp-content\/uploads\/2024\/01\/11260-1.webp",300,201,false],"thumbrelated":["https:\/\/imagazine.it\/wp-content\/uploads\/2024\/01\/11260-1.webp",448,300,false],"meccarouselthumb":["https:\/\/imagazine.it\/wp-content\/uploads\/2024\/01\/11260-1.webp",448,300,false],"gridsquare":["https:\/\/imagazine.it\/wp-content\/uploads\/2024\/01\/11260-1.webp",388,260,false],"tileview":["https:\/\/imagazine.it\/wp-content\/uploads\/2024\/01\/11260-1.webp",300,201,false],"1536x1536":["https:\/\/imagazine.it\/wp-content\/uploads\/2024\/01\/11260-1.webp",448,300,false],"2048x2048":["https:\/\/imagazine.it\/wp-content\/uploads\/2024\/01\/11260-1.webp",448,300,false],"newsup-slider-full":["https:\/\/imagazine.it\/wp-content\/uploads\/2024\/01\/11260-1.webp",448,300,false],"newsup-featured":["https:\/\/imagazine.it\/wp-content\/uploads\/2024\/01\/11260-1.webp",448,300,false],"newsup-medium":["https:\/\/imagazine.it\/wp-content\/uploads\/2024\/01\/11260-1.webp",448,300,false],"tptn_thumbnail":["https:\/\/imagazine.it\/wp-content\/uploads\/2024\/01\/11260-1.webp",250,167,false],"sow-carousel-default":["https:\/\/imagazine.it\/wp-content\/uploads\/2024\/01\/11260-1-272x182.webp",272,182,true]},"rttpg_author":{"display_name":"redazione","author_link":"https:\/\/imagazine.it\/home_desk\/author\/redazione\/"},"rttpg_comment":0,"rttpg_category":"<a href=\"https:\/\/imagazine.it\/home_desk\/category\/cultura-e-spettacolo\/\" rel=\"category tag\">CULTURA&amp;SPETTACOLO<\/a>","rttpg_excerpt":"Lunch Show organizzato da FVG Via dei Sapori","_links":{"self":[{"href":"https:\/\/imagazine.it\/home_desk\/wp-json\/wp\/v2\/posts\/17465","targetHints":{"allow":["GET"]}}],"collection":[{"href":"https:\/\/imagazine.it\/home_desk\/wp-json\/wp\/v2\/posts"}],"about":[{"href":"https:\/\/imagazine.it\/home_desk\/wp-json\/wp\/v2\/types\/post"}],"author":[{"embeddable":true,"href":"https:\/\/imagazine.it\/home_desk\/wp-json\/wp\/v2\/users\/28"}],"replies":[{"embeddable":true,"href":"https:\/\/imagazine.it\/home_desk\/wp-json\/wp\/v2\/comments?post=17465"}],"version-history":[{"count":0,"href":"https:\/\/imagazine.it\/home_desk\/wp-json\/wp\/v2\/posts\/17465\/revisions"}],"wp:featuredmedia":[{"embeddable":true,"href":"https:\/\/imagazine.it\/home_desk\/wp-json\/wp\/v2\/media\/17466"}],"wp:attachment":[{"href":"https:\/\/imagazine.it\/home_desk\/wp-json\/wp\/v2\/media?parent=17465"}],"wp:term":[{"taxonomy":"category","embeddable":true,"href":"https:\/\/imagazine.it\/home_desk\/wp-json\/wp\/v2\/categories?post=17465"},{"taxonomy":"post_tag","embeddable":true,"href":"https:\/\/imagazine.it\/home_desk\/wp-json\/wp\/v2\/tags?post=17465"}],"curies":[{"name":"wp","href":"https:\/\/api.w.org\/{rel}","templated":true}]}}