{"id":17427,"date":"2015-09-21T00:00:00","date_gmt":"2015-09-20T23:00:00","guid":{"rendered":"https:\/\/imagazine.it\/?p=17427"},"modified":"2015-09-21T00:00:00","modified_gmt":"2015-09-20T23:00:00","slug":"inaugurato-il-consolato-di-russia-a-udine","status":"publish","type":"post","link":"https:\/\/imagazine.it\/home_desk\/inaugurato-il-consolato-di-russia-a-udine\/","title":{"rendered":"Inaugurato il Consolato di Russia a Udine"},"content":{"rendered":"<p style=\"text-align: justify;\" class=\"ui-droppable\"> \tLa\u00a0<strong>Russia<\/strong>\u00a0\u00e8 il\u00a0<strong>9\u00b0 Paese verso cui il FVG esporta<\/strong>\u00a0e l\u2019<strong>11\u00b0 per le importazioni<\/strong>. Addirittura l\u2019<strong>export Fvg verso la Russia<\/strong>, in\u00a0controtendenza rispetto al dato negativo italiano, \u00e8\u00a0<strong>cresciuto del 7,35%<\/strong>\u00a0tra\u00a0<strong>primo semestre 2014 e 2015<\/strong>. Ed era gi\u00e0 positivo, con un +4,6% anche l\u2019anno precedente.<\/p>\n<p style=\"text-align: justify;\" class=\"ui-droppable\"> \tSulla scorta di questi dati incoraggianti \u00e8 stato <strong>inaugurato ufficialmente<\/strong>, potendo beneficiare della\u00a0presenza dell\u2019ambasciatore russo<strong> Sergey Razov<\/strong>\u00a0\u2013 l\u2019avvio effettivo dell\u2019attivit\u00e0 era avvenuto circa due anni fa \u2013 il\u00a0<strong>Consolato onorario della Federazione russa<\/strong>, guidato dall\u2019imprenditore\u00a0<strong>Carlo Andrea Dall\u2019Ava<\/strong>. Si tratta del\u00a0<strong>secondo console onorario a trovare sede nella Camera di Commercio di Udine<\/strong>, dopo quello\u00a0<strong>canadese<\/strong>\u00a0gi\u00e0 operativo da diversi anni. Una collocazione, anch\u2019essa al\u00a0<strong>quinto piano dell\u2019ente camerale<\/strong>, che oltre alle classiche attivit\u00e0 per i cittadini lo rende\u00a0<strong>importante punto di riferimento anche per le aziende<\/strong>\u00a0che vogliono attivare o potenziare le proprie relazioni commerciali ed economiche con le realt\u00e0 russe, nel solco di un\u2019attivit\u00e0 di internazionalizzazione gi\u00e0 promossa intensamente dalla Cciaa.<\/p>\n<p style=\"text-align: justify;\" class=\"ui-droppable\"> \t\u00abNegli ultimi 10 anni \u2013 ha evidenziato il presidente <strong>Giovanni Da Pozzo<\/strong>\u00a0\u2013\u00a01.229 imprese hanno partecipato a iniziative organizzate verso la Russia dal sistema camerale\u00bb. Alcuni numeri: <strong>t<\/strong><strong>redici i seminari<\/strong>\u00a0di approfondimento organizzati in Friuli, con centinaia di aziende presenti,\u00a0<strong>243 delle quali hanno anche usufruito dei servizi consulenziali<\/strong>\u00a0personalizzati.\u00a0<strong>Nove\u00a0<\/strong>le\u00a0<strong>missioni\u00a0<em>outgoing<\/em><\/strong>\u00a0organizzate,\u00a0<strong>4 partecipazioni<\/strong>\u00a0collettive\u00a0<strong>a fiere<\/strong>\u00a0in Russia, e\u00a0<strong>359 le imprese\u00a0<\/strong>che sono state parte attiva nell\u2019accoglienza di operatori russi in occasione di\u00a0<strong>8 incoming<\/strong>. \u00abL\u2019apertura di questo consolato \u2013 ha rimarcato Da Pozzo \u2013 rafforza ulteriormente questa propensione e attivit\u00e0\u00bb.<\/p>\n<p style=\"text-align: justify;\" class=\"ui-droppable\"> \tOrgoglio e soddisfazione per l\u2019incarico \u00e8 stata espressa dal console onorario Dall\u2019Ava. \u00abLa Russia \u2013 ha commentato \u2013 \u00e8 un Paese che ama l\u2019Italia e gli italiani e il FVG \u00e8 la porta d\u2019ingresso in Italia. Come console onorario russo confido quindi di poter implementare i rapporti economici, culturali e turistici fra i nostri Paesi.\u00a0<strong>Abbiamo 1.200 residenti russi che hanno bisogno di un console di riferimento nel territorio<\/strong>. Sono stato nominato due anni fa e da allora ho cominciato a svolgere il mio impegno di assistenza istituzionale e supporto imprenditoriale. E oggi ho l\u2019onore di inaugurare la sede consolare alla presenza\u00a0dell\u2019ambasciatore russo in Italia, Sergey Razov\u00bb. Il consolato onorario sar\u00e0\u00a0<strong>aperto nelle giornate feriali previo appuntamento<\/strong>. C\u2019\u00e8 un sito internet con tutti i contatti:\u00a0<strong><a href=\"http:\/\/www.ruconsud.com\/\" target=\"_blank\" rel=\"noopener\">http:\/\/www.ruconsud.com\/<\/a>\u00a0<\/strong>e mail\u00a0<a href=\"mailto:segreteria.rosconsud@email.it\" target=\"_blank\" rel=\"noopener\">segreteria.rosconsud@<wbr>email.it<\/a>,\u00a0<a href=\"mailto:info@ruconsud\" target=\"_blank\" rel=\"noopener\">info@ruconsud<\/a>.com.<\/p>\n<p style=\"text-align: justify;\" class=\"ui-droppable\"> \tDal FVG verso la Russia vengono esportati\u00a0\u2013 dato 2014 \u2013 soprattutto\u00a0<strong>macchinari\u00a0<\/strong>(54 milioni per impieghi speciali, 45 milioni per impieghi generali e 23,4 milioni di altri macchinari) e\u00a0<strong>mobili\u00a0<\/strong>(per circa 67,4 milioni di euro, da soli il 21,2% di tutto l\u2019export).\u00a0Vengono invece importati\u00a0soprattutto\u00a0<strong>prodotti della siderurgia<\/strong>, per 132 milioni, il 68,5% dell\u2019import Russia-Fvg. Discorso a parte merita l\u2019<strong>alimentare<\/strong>: pur non essendo tra i primi prodotti d\u2019esportazione (costituisce circa il 3,2% del nostro export), era cresciuto costantemente dal 2012 al 2014: praticamente raddoppiato nel complesso, passando da 5 a 10,2 milioni di euro di valore esportato dal FVG, con un +104,5%. Tuttavia \u00e8\u00a0<strong>calato notevolmente nel confronto fra primi semestri 2013-2015<\/strong>. In questo caso, nel primo semestre di quest\u2019anno, siamo tornati circa al valore del primo semestre 2013,\u00a0<strong>dimezzando di fatto il valore rispetto al primo semestre 2014 (-48% 1\u00b0 semestre 2015\/2014)<\/strong>. Sicuramente le\u00a0<strong>misure restrittive imposte sui beni alimentari verso la Russia\u00a0<\/strong>hanno\u00a0<strong>influito su questo dato<\/strong>.<\/p>\n<p style=\"text-align: justify;\" class=\"ui-droppable\"> \tTra le prossime attivit\u00e0 che la Camera di Commercio organizzer\u00e0 per le imprese in Russia ci sar\u00e0, il\u00a016 novembre, la partecipazione collettiva di sette imprese vitivinicole al Vinitaly Russia di Mosca e altre attivit\u00e0 dell\u2019Ati di Ocm vino, che proprio sulla Russia ha impostato oltre 100 mila euro di investimenti in attivit\u00e0 di promozione delle aziende partecipanti sul mercato russo.\u00a0Per\u00a0la primavera 2016 \u00e8 in calendario un\u2019altra missione per accompagnare altre aziende a esplorare il mercato russo.<\/p>\n","protected":false},"excerpt":{"rendered":"<p>Ospitato presso la Camera di Commercio<\/p>\n","protected":false},"author":28,"featured_media":17428,"comment_status":"closed","ping_status":"closed","sticky":false,"template":"","format":"standard","meta":{"dwc-title":[],"dwc-content":[],"footnotes":""},"categories":[6],"tags":[],"class_list":["post-17427","post","type-post","status-publish","format-standard","has-post-thumbnail","hentry","category-societa"],"rttpg_featured_image_url":{"full":["https:\/\/imagazine.it\/wp-content\/uploads\/2024\/01\/11172-1.webp",400,300,false],"landscape":["https:\/\/imagazine.it\/wp-content\/uploads\/2024\/01\/11172-1.webp",400,300,false],"portraits":["https:\/\/imagazine.it\/wp-content\/uploads\/2024\/01\/11172-1.webp",400,300,false],"thumbnail":["https:\/\/imagazine.it\/wp-content\/uploads\/2024\/01\/11172-1-150x150.webp",150,150,true],"medium":["https:\/\/imagazine.it\/wp-content\/uploads\/2024\/01\/11172-1-300x225.webp",300,225,true],"large":["https:\/\/imagazine.it\/wp-content\/uploads\/2024\/01\/11172-1.webp",400,300,false],"thumblist":["https:\/\/imagazine.it\/wp-content\/uploads\/2024\/01\/11172-1.webp",300,225,false],"thumbrelated":["https:\/\/imagazine.it\/wp-content\/uploads\/2024\/01\/11172-1.webp",400,300,false],"meccarouselthumb":["https:\/\/imagazine.it\/wp-content\/uploads\/2024\/01\/11172-1.webp",400,300,false],"gridsquare":["https:\/\/imagazine.it\/wp-content\/uploads\/2024\/01\/11172-1.webp",347,260,false],"tileview":["https:\/\/imagazine.it\/wp-content\/uploads\/2024\/01\/11172-1.webp",300,225,false],"1536x1536":["https:\/\/imagazine.it\/wp-content\/uploads\/2024\/01\/11172-1.webp",400,300,false],"2048x2048":["https:\/\/imagazine.it\/wp-content\/uploads\/2024\/01\/11172-1.webp",400,300,false],"newsup-slider-full":["https:\/\/imagazine.it\/wp-content\/uploads\/2024\/01\/11172-1.webp",400,300,false],"newsup-featured":["https:\/\/imagazine.it\/wp-content\/uploads\/2024\/01\/11172-1.webp",400,300,false],"newsup-medium":["https:\/\/imagazine.it\/wp-content\/uploads\/2024\/01\/11172-1.webp",400,300,false],"tptn_thumbnail":["https:\/\/imagazine.it\/wp-content\/uploads\/2024\/01\/11172-1.webp",250,188,false],"sow-carousel-default":["https:\/\/imagazine.it\/wp-content\/uploads\/2024\/01\/11172-1-272x182.webp",272,182,true]},"rttpg_author":{"display_name":"redazione","author_link":"https:\/\/imagazine.it\/home_desk\/author\/redazione\/"},"rttpg_comment":0,"rttpg_category":"<a href=\"https:\/\/imagazine.it\/home_desk\/category\/societa\/\" rel=\"category tag\">SOCIET\u00c0<\/a>","rttpg_excerpt":"Ospitato presso la Camera di Commercio","_links":{"self":[{"href":"https:\/\/imagazine.it\/home_desk\/wp-json\/wp\/v2\/posts\/17427","targetHints":{"allow":["GET"]}}],"collection":[{"href":"https:\/\/imagazine.it\/home_desk\/wp-json\/wp\/v2\/posts"}],"about":[{"href":"https:\/\/imagazine.it\/home_desk\/wp-json\/wp\/v2\/types\/post"}],"author":[{"embeddable":true,"href":"https:\/\/imagazine.it\/home_desk\/wp-json\/wp\/v2\/users\/28"}],"replies":[{"embeddable":true,"href":"https:\/\/imagazine.it\/home_desk\/wp-json\/wp\/v2\/comments?post=17427"}],"version-history":[{"count":0,"href":"https:\/\/imagazine.it\/home_desk\/wp-json\/wp\/v2\/posts\/17427\/revisions"}],"wp:featuredmedia":[{"embeddable":true,"href":"https:\/\/imagazine.it\/home_desk\/wp-json\/wp\/v2\/media\/17428"}],"wp:attachment":[{"href":"https:\/\/imagazine.it\/home_desk\/wp-json\/wp\/v2\/media?parent=17427"}],"wp:term":[{"taxonomy":"category","embeddable":true,"href":"https:\/\/imagazine.it\/home_desk\/wp-json\/wp\/v2\/categories?post=17427"},{"taxonomy":"post_tag","embeddable":true,"href":"https:\/\/imagazine.it\/home_desk\/wp-json\/wp\/v2\/tags?post=17427"}],"curies":[{"name":"wp","href":"https:\/\/api.w.org\/{rel}","templated":true}]}}