{"id":17359,"date":"2015-09-09T00:00:00","date_gmt":"2015-09-08T23:00:00","guid":{"rendered":"https:\/\/imagazine.it\/?p=17359"},"modified":"2015-09-09T00:00:00","modified_gmt":"2015-09-08T23:00:00","slug":"le-imprese-fvg-guardano-allangola","status":"publish","type":"post","link":"https:\/\/imagazine.it\/home_desk\/le-imprese-fvg-guardano-allangola\/","title":{"rendered":"Le imprese FVG guardano all&#8217;Angola"},"content":{"rendered":"<p style=\"text-align: justify;\" class=\"ui-droppable\"> \tDalla possibilit\u00e0 teorica di intraprendere iniziative economiche, alla prospettiva concreta di scambi commerciali. L\u2019incontro con la delegazione dell\u2019Angola che si \u00e8 svolto nella sede della Regione a Udine ha avuto una realistica prospettiva di sviluppo che raccoglier\u00e0 i suoi frutti, l\u2019anno prossimo, in una missione nel paese africano, curata dal sistema camerale del Friuli Venezia Giulia.<\/p>\n<p style=\"text-align: justify;\" class=\"ui-droppable\"> \tLa \u201cdue giorni angolana\u201d in FVG \u00e8 realizzata dalla\u00a0<strong>Presidenza della Regione, nell\u2019ambito del progetto Expo2015, grazie alla collaborazione di TurismoFVG<\/strong>\u00a0per l\u2019accoglienza degli ospiti e l\u2019organizzazione delle visite. A guidare la delegazione,\u00a0<strong>Albina Assis Africano<\/strong>, Commissaria Generale del Padiglione Angola in Expo nonch\u00e9 Presidente dello Steering Committee di Expo 2015,\u00a0ingegnere chimico che in patria \u00e8 stata anche due volte ministro (del Petrolio prima e poi dell\u2019Industria).<\/p>\n<p style=\"text-align: justify;\" class=\"ui-droppable\"> \t\u201cL\u2019Angola \u2013 ha sottolineato Assis Africano \u2013 \u00e8 un paese in piena espansione. Alla sua ricchezza dal punto di vista delle risorse naturali e minerarie, si contrappone un sistema economico che guarda all\u2019Italia e soprattutto a modelli di sviluppo come quello del Friuli Venezia Giulia, per un\u2019ampia gamma di comparti, a partire dal settore agricolo e dell\u2019industria agroalimentare\u201d.<\/p>\n<p style=\"text-align: justify;\" class=\"ui-droppable\"> \t<strong>Agostino Maio<\/strong>, nel fare gli onori di casa in veste di referente per il progetto Expo in regione, ha sottolineato \u201cle consistenti possibilit\u00e0 delle nostre imprese di mettersi in gioco per entrare nel mercato delle importazioni in Angola che sta riorganizzando il settore delle piccole e medie imprese per raggiungere l\u2019autosufficienza alimentare\u201d.<\/p>\n<p style=\"text-align: justify;\" class=\"ui-droppable\"> \tA entrare nel concreto delle possibilit\u00e0 di scambio sono stati i diversi rappresentanti del sistema delle imprese in Friuli Venezia Giulia. Per\u00a0<strong>Gianluca Madriz<\/strong>, intervenuto per Unioncamere \u201cgli asset principali su cui puntare per questo progetto \u2013 che si concretizzer\u00e0 appunto nella missione in Angola nel 2016 ma, prima, in un seminario \u201cesplorativo\u201d per le imprese in regione \u2013 sono fondamentalmente l\u2019agroalimentare e il vitivinicolo, ma anche le tecnologie meccaniche e elettroniche utili per l\u2019implementazione di queste filiere direttamente in Angola\u201d.<\/p>\n<p style=\"text-align: justify;\" class=\"ui-droppable\"> \t<strong>Piero Biscontin <\/strong>e<strong> Mariano Paladin<\/strong>\u00a0intervenuti in rappresentanza del settore vitivinicolo FVG hanno presentato l\u2019intera filiera dalla preparazione del vino in regione, dalle barbatelle all\u2019impiantistica, mettendone in risalto tre aspetti, la variet\u00e0, l\u2019eccellenza, la versatilit\u00e0 molto apprezzati dalla commissaria Africano, la quale ha evidenziato le concrete possibilit\u00e0 di importazione poich\u00e9 in Angola ci sono molte fabbriche di birra ma il grande consumo \u00e8 di vino, che al momento si importa per la maggior parte da Portogallo e Sudafrica.<\/p>\n<p style=\"text-align: justify;\" class=\"ui-droppable\"> \tAll\u2019incontro erano presenti anche\u00a0<strong>Omar Londero<\/strong>\u00a0della camera di commercio di Udine,\u00a0<strong>Andrea Lugo<\/strong>, intervenuto in rappresentanza del sistema allevatori FVG,\u00a0<strong>Alessandro Tonetti<\/strong>\u00a0vicepresidente di Confindustria di Udine (un sistema che rappresenta circa 800 imprese 40 mila dipendenti),<strong> Elisabetta Michieli<\/strong>\u00a0di Confindustria Venezia Giulia (600 imprese, 25 mila addetti), che ha messo in evidenza i tre cluster di potenziale interesse per l\u2019Angola (biomedicale, oil e gas, caff\u00e8),\u00a0<strong>Daniela Celledoni<\/strong>\u00a0del Consorzio Prosciutto di San Daniele e\u00a0<strong>Lucia Piu<\/strong>\u00a0direttore associazione piccole e medie imprese che rappresenta 1.100 imprese, la quale ha sottolineato la possibilit\u00e0 di collaborazione per le imprese locali nel settore degli impianti di produzione agricoli, dell\u2019industria molitoria e trasformazione, dal settore meccanica e elettronica.<\/p>\n","protected":false},"excerpt":{"rendered":"<p>Concrete prospettive di collaborazione<\/p>\n","protected":false},"author":28,"featured_media":17360,"comment_status":"closed","ping_status":"closed","sticky":false,"template":"","format":"standard","meta":{"dwc-title":[],"dwc-content":[],"footnotes":""},"categories":[5],"tags":[],"class_list":["post-17359","post","type-post","status-publish","format-standard","has-post-thumbnail","hentry","category-attualita"],"rttpg_featured_image_url":{"full":["https:\/\/imagazine.it\/wp-content\/uploads\/2024\/01\/11058-1.webp",503,400,false],"landscape":["https:\/\/imagazine.it\/wp-content\/uploads\/2024\/01\/11058-1.webp",503,400,false],"portraits":["https:\/\/imagazine.it\/wp-content\/uploads\/2024\/01\/11058-1.webp",503,400,false],"thumbnail":["https:\/\/imagazine.it\/wp-content\/uploads\/2024\/01\/11058-1-150x150.webp",150,150,true],"medium":["https:\/\/imagazine.it\/wp-content\/uploads\/2024\/01\/11058-1-300x239.webp",300,239,true],"large":["https:\/\/imagazine.it\/wp-content\/uploads\/2024\/01\/11058-1.webp",503,400,false],"thumblist":["https:\/\/imagazine.it\/wp-content\/uploads\/2024\/01\/11058-1.webp",300,239,false],"thumbrelated":["https:\/\/imagazine.it\/wp-content\/uploads\/2024\/01\/11058-1.webp",500,398,false],"meccarouselthumb":["https:\/\/imagazine.it\/wp-content\/uploads\/2024\/01\/11058-1.webp",407,324,false],"gridsquare":["https:\/\/imagazine.it\/wp-content\/uploads\/2024\/01\/11058-1.webp",327,260,false],"tileview":["https:\/\/imagazine.it\/wp-content\/uploads\/2024\/01\/11058-1.webp",300,239,false],"1536x1536":["https:\/\/imagazine.it\/wp-content\/uploads\/2024\/01\/11058-1.webp",503,400,false],"2048x2048":["https:\/\/imagazine.it\/wp-content\/uploads\/2024\/01\/11058-1.webp",503,400,false],"newsup-slider-full":["https:\/\/imagazine.it\/wp-content\/uploads\/2024\/01\/11058-1.webp",503,400,false],"newsup-featured":["https:\/\/imagazine.it\/wp-content\/uploads\/2024\/01\/11058-1.webp",503,400,false],"newsup-medium":["https:\/\/imagazine.it\/wp-content\/uploads\/2024\/01\/11058-1-503x380.webp",503,380,true],"tptn_thumbnail":["https:\/\/imagazine.it\/wp-content\/uploads\/2024\/01\/11058-1.webp",250,199,false],"sow-carousel-default":["https:\/\/imagazine.it\/wp-content\/uploads\/2024\/01\/11058-1-272x182.webp",272,182,true]},"rttpg_author":{"display_name":"redazione","author_link":"https:\/\/imagazine.it\/home_desk\/author\/redazione\/"},"rttpg_comment":0,"rttpg_category":"<a href=\"https:\/\/imagazine.it\/home_desk\/category\/attualita\/\" rel=\"category tag\">ATTUALIT\u00c0<\/a>","rttpg_excerpt":"Concrete prospettive di collaborazione","_links":{"self":[{"href":"https:\/\/imagazine.it\/home_desk\/wp-json\/wp\/v2\/posts\/17359","targetHints":{"allow":["GET"]}}],"collection":[{"href":"https:\/\/imagazine.it\/home_desk\/wp-json\/wp\/v2\/posts"}],"about":[{"href":"https:\/\/imagazine.it\/home_desk\/wp-json\/wp\/v2\/types\/post"}],"author":[{"embeddable":true,"href":"https:\/\/imagazine.it\/home_desk\/wp-json\/wp\/v2\/users\/28"}],"replies":[{"embeddable":true,"href":"https:\/\/imagazine.it\/home_desk\/wp-json\/wp\/v2\/comments?post=17359"}],"version-history":[{"count":0,"href":"https:\/\/imagazine.it\/home_desk\/wp-json\/wp\/v2\/posts\/17359\/revisions"}],"wp:featuredmedia":[{"embeddable":true,"href":"https:\/\/imagazine.it\/home_desk\/wp-json\/wp\/v2\/media\/17360"}],"wp:attachment":[{"href":"https:\/\/imagazine.it\/home_desk\/wp-json\/wp\/v2\/media?parent=17359"}],"wp:term":[{"taxonomy":"category","embeddable":true,"href":"https:\/\/imagazine.it\/home_desk\/wp-json\/wp\/v2\/categories?post=17359"},{"taxonomy":"post_tag","embeddable":true,"href":"https:\/\/imagazine.it\/home_desk\/wp-json\/wp\/v2\/tags?post=17359"}],"curies":[{"name":"wp","href":"https:\/\/api.w.org\/{rel}","templated":true}]}}