{"id":17351,"date":"2015-09-09T00:00:00","date_gmt":"2015-09-08T23:00:00","guid":{"rendered":"https:\/\/imagazine.it\/?p=17351"},"modified":"2015-09-09T00:00:00","modified_gmt":"2015-09-08T23:00:00","slug":"volare-oltre-le-diversita","status":"publish","type":"post","link":"https:\/\/imagazine.it\/home_desk\/volare-oltre-le-diversita\/","title":{"rendered":"Volare oltre le diversit\u00e0"},"content":{"rendered":"<p class=\"ui-droppable\" style=\"text-align: justify;\"> \tDal 14 al 20 settembre l\u2019Unione Italiana Lotta alla Distrofia Muscolare (UILDM) promuove la prima edizione della Settimana delle Sezioni UILDM, un evento nuovo \u00abche ha come obiettivo offrire sostegno e visibilit\u00e0 alle nostre realt\u00e0 locali, per andare incontro ai loro bisogni, sottolineando una volta di pi\u00f9 come la loro presenza e incisivit\u00e0 sui territori, e il loro essere in prima linea, sia per la vita della UILDM assolutamente essenziale\u00bb, spiega <strong>Carlo Fiori<\/strong>, Consigliere Nazionale con delega alla raccolta fondi. Ci aiuteranno a \u201cMettere le ali ai nostri Territori\u201d e a raccontare l\u2019impegno quotidiano di coloro che lottano contro le malattie neuromuscolari le Farfalle della Solidariet\u00e0, distribuite sui banchetti e durante gli eventi promossi dai Volontari dell\u2019Associazione, e disponibili on-line, a fronte di un contributo di 5 euro.<\/p>\n<\/p>\n<p class=\"ui-droppable\" style=\"text-align: justify;\"> \tLa UILDM nasce nel 1961 per combattere le distrofie e le altre malattie neuromuscolari e favorire l\u2019inclusione sociale delle persone che ne sono colpite. L\u2019associazione, dunque, \u00e8 impegnata sul fronte della ricerca scientifica e dell\u2019informazione sanitaria, e su quello sociale per l\u2019abbattimento di tutte le barriere innalzate verso le persone con disabilit\u00e0. Oggi \u00e8 presente sul territorio con 70 Sezioni che svolgono un\u2019importante funzione sociale e di assistenza. Sono oltre 20.000 le persone che usufruiscono di questi servizi: un\u2019attivit\u00e0 quotidiana molto intensa, resa possibile grazie a una base di oltre 10.000 Soci e a un bacino di circa 3.000 volontari che insieme, tra le molte cose, ogni anno percorrono decine di migliaia di chilometri alla guida di un centinaio di mezzi attrezzati per il trasporto di persone con disabilit\u00e0, #tuttiigiorni.<\/p>\n<p class=\"ui-droppable\" style=\"text-align: justify;\"> \tOltre il 90% delle Sezioni UILDM offre servizi di Segretariato Sociale ad ampio raggio mentre la totalit\u00e0 promuove iniziative volte all\u2019abbattimento di tutte le barriere, culturali e architettoniche, sui rispettivi territori, per una piena inclusione sociale delle persone con disabilit\u00e0. Ancora, circa l\u201980% delle Sezioni svolge un lavoro di assistenza medico-sanitaria e riabilitativa, con un\u2019attenzione particolare alla prevenzione e alla ricerca, gestendo direttamente, o in stretta collaborazione con le strutture universitarie e socio-sanitarie di base, Centri di riabilitazione e offrendo servizi di consulenza genetica e sostegno psicologico, per una presa in carico globale sia delle persone con disabilit\u00e0 sia delle famiglie. Convegni, seminari, momenti di aggiornamento e formazione su temi medico-scientifici, politiche sociali e diritti sono altre delle iniziative che le Sezioni UILDM promuovono regolarmente.<\/p>\n<p class=\"ui-droppable\" style=\"text-align: justify;\"> \tL\u2019associazione, dunque, opera per rispondere in modo concreto alle esigenze delle persone con disabilit\u00e0, ma non solo. Sempre di pi\u00f9, infatti, i servizi offerti da UILDM si caratterizzano come veri e propri servizi alle comunit\u00e0, grazie a un forte radicamento delle Sezioni sui territori e a una partecipazione attiva alle Reti di volontariato locali: un lungo elenco di importanti attivit\u00e0 complementari che vanno dal sostegno pomeridiano per lo svolgimento dei compiti a corsi di Musicoterapia per persone con problematiche di coordinazione pneumofonica, e molto altro ancora. Per scoprire di pi\u00f9 sull\u2019impegno delle Sezioni UILDM \u00e8 possibile contattare quella pi\u00f9 vicina al proprio luogo di residenza (Uildm.org \u2013 La struttura \u2013 Sezioni Provinciali).<\/p>\n<p class=\"ui-droppable\" style=\"text-align: justify;\"> \tDal 14 al 20 settembre i Volontari UILDM saranno nelle piazze delle citt\u00e0, ma sar\u00e0 possibile richiedere le Farfalle della Solidariet\u00e0 anche on-line. Per maggiori informazioni, o per fare una donazione, \u00e8 sufficiente entrare nel sito Uildm.org o nella pagina Facebook, cos\u00ec come seguire le attivit\u00e0 attraverso Twitter e \u00a0Youtube (UILDMcomunicazione).<\/p>\n","protected":false},"excerpt":{"rendered":"<p>Settimana delle Sezioni UILDM<\/p>\n","protected":false},"author":28,"featured_media":17352,"comment_status":"closed","ping_status":"closed","sticky":false,"template":"","format":"standard","meta":{"dwc-title":[],"dwc-content":[],"footnotes":""},"categories":[6],"tags":[],"class_list":["post-17351","post","type-post","status-publish","format-standard","has-post-thumbnail","hentry","category-societa"],"rttpg_featured_image_url":{"full":["https:\/\/imagazine.it\/wp-content\/uploads\/2024\/01\/11044-1.webp",350,270,false],"landscape":["https:\/\/imagazine.it\/wp-content\/uploads\/2024\/01\/11044-1.webp",350,270,false],"portraits":["https:\/\/imagazine.it\/wp-content\/uploads\/2024\/01\/11044-1.webp",350,270,false],"thumbnail":["https:\/\/imagazine.it\/wp-content\/uploads\/2024\/01\/11044-1-150x150.webp",150,150,true],"medium":["https:\/\/imagazine.it\/wp-content\/uploads\/2024\/01\/11044-1-300x231.webp",300,231,true],"large":["https:\/\/imagazine.it\/wp-content\/uploads\/2024\/01\/11044-1.webp",350,270,false],"thumblist":["https:\/\/imagazine.it\/wp-content\/uploads\/2024\/01\/11044-1.webp",300,231,false],"thumbrelated":["https:\/\/imagazine.it\/wp-content\/uploads\/2024\/01\/11044-1.webp",350,270,false],"meccarouselthumb":["https:\/\/imagazine.it\/wp-content\/uploads\/2024\/01\/11044-1.webp",350,270,false],"gridsquare":["https:\/\/imagazine.it\/wp-content\/uploads\/2024\/01\/11044-1.webp",337,260,false],"tileview":["https:\/\/imagazine.it\/wp-content\/uploads\/2024\/01\/11044-1.webp",300,231,false],"1536x1536":["https:\/\/imagazine.it\/wp-content\/uploads\/2024\/01\/11044-1.webp",350,270,false],"2048x2048":["https:\/\/imagazine.it\/wp-content\/uploads\/2024\/01\/11044-1.webp",350,270,false],"newsup-slider-full":["https:\/\/imagazine.it\/wp-content\/uploads\/2024\/01\/11044-1.webp",350,270,false],"newsup-featured":["https:\/\/imagazine.it\/wp-content\/uploads\/2024\/01\/11044-1.webp",350,270,false],"newsup-medium":["https:\/\/imagazine.it\/wp-content\/uploads\/2024\/01\/11044-1.webp",350,270,false],"tptn_thumbnail":["https:\/\/imagazine.it\/wp-content\/uploads\/2024\/01\/11044-1.webp",250,193,false],"sow-carousel-default":["https:\/\/imagazine.it\/wp-content\/uploads\/2024\/01\/11044-1-272x182.webp",272,182,true]},"rttpg_author":{"display_name":"redazione","author_link":"https:\/\/imagazine.it\/home_desk\/author\/redazione\/"},"rttpg_comment":0,"rttpg_category":"<a href=\"https:\/\/imagazine.it\/home_desk\/category\/societa\/\" rel=\"category tag\">SOCIET\u00c0<\/a>","rttpg_excerpt":"Settimana delle Sezioni UILDM","_links":{"self":[{"href":"https:\/\/imagazine.it\/home_desk\/wp-json\/wp\/v2\/posts\/17351","targetHints":{"allow":["GET"]}}],"collection":[{"href":"https:\/\/imagazine.it\/home_desk\/wp-json\/wp\/v2\/posts"}],"about":[{"href":"https:\/\/imagazine.it\/home_desk\/wp-json\/wp\/v2\/types\/post"}],"author":[{"embeddable":true,"href":"https:\/\/imagazine.it\/home_desk\/wp-json\/wp\/v2\/users\/28"}],"replies":[{"embeddable":true,"href":"https:\/\/imagazine.it\/home_desk\/wp-json\/wp\/v2\/comments?post=17351"}],"version-history":[{"count":0,"href":"https:\/\/imagazine.it\/home_desk\/wp-json\/wp\/v2\/posts\/17351\/revisions"}],"wp:featuredmedia":[{"embeddable":true,"href":"https:\/\/imagazine.it\/home_desk\/wp-json\/wp\/v2\/media\/17352"}],"wp:attachment":[{"href":"https:\/\/imagazine.it\/home_desk\/wp-json\/wp\/v2\/media?parent=17351"}],"wp:term":[{"taxonomy":"category","embeddable":true,"href":"https:\/\/imagazine.it\/home_desk\/wp-json\/wp\/v2\/categories?post=17351"},{"taxonomy":"post_tag","embeddable":true,"href":"https:\/\/imagazine.it\/home_desk\/wp-json\/wp\/v2\/tags?post=17351"}],"curies":[{"name":"wp","href":"https:\/\/api.w.org\/{rel}","templated":true}]}}