{"id":17349,"date":"2015-09-08T00:00:00","date_gmt":"2015-09-07T23:00:00","guid":{"rendered":"https:\/\/imagazine.it\/?p=17349"},"modified":"2015-09-08T00:00:00","modified_gmt":"2015-09-07T23:00:00","slug":"in-laguna-tra-potere-e-generi-del-mistero","status":"publish","type":"post","link":"https:\/\/imagazine.it\/home_desk\/in-laguna-tra-potere-e-generi-del-mistero\/","title":{"rendered":"In laguna tra potere e generi del mistero"},"content":{"rendered":"<p style=\"text-align: justify;\" class=\"ui-droppable\"> \tTorna il festival che ogni anno trasforma Grado nella <strong>capitale di uno fra i generi letterari pi\u00f9 amati <\/strong>dal pubblico di tutte le et\u00e0. Dopo il successo della passata edizione, dedicata alla <strong>paura<\/strong>, quest\u2019anno \u201cGrado Giallo\u201d metter\u00e0 al centro gli autori, i giornalisti, gli studiosi, ma anche i magistrati e i rappresentanti delle forze dell\u2019ordine, per indagare l\u2019articolato e complesso <strong>rapporto tra il potere<\/strong> come concetto assoluto, o inteso nelle sue declinazioni, <strong>e i<\/strong> <strong>generi del mistero<\/strong>.<\/p>\n<p style=\"text-align: justify;\" class=\"ui-droppable\"> \tIn programma<strong> tre giorni punteggiati da numerosi appuntamenti, tra letture, incontri con gli autori, ospiti d\u2019eccezione, spettacoli, cene con delitto e laboratori,<\/strong> che nascono anche da una fitta rete di collaborazioni tra gli organizzatori e le realt\u00e0 del territorio.<\/p>\n<p style=\"text-align: justify;\" class=\"ui-droppable\"> \t\u201cNon occorre spendere tante parole per sottolineare l\u2019attualit\u00e0 del tema del 8^ Grado Giallo \u2013 spiega <strong>Elvio Guagnini<\/strong>, docente e presidente del Comitato scientifico del Festival \u2013, soprattutto della degenerazione del potere a diversi livelli e degli effetti che questo provoca sulla societ\u00e0 contemporanea. A Grado si potranno ascoltare i racconti e le denunce dalla voce di chi \u00e8 in prima linea nella lotta contro il crimine e di chi ne narra aspetti, fatti e problemi ai pi\u00f9 sconosciuti. Quindi non solo letteratura, ma un itinerario per capire il mondo in cui viviamo, un\u2019indagine e una riflessione su temi di grande rilevanza culturale\u201d.<\/p>\n<p style=\"text-align: justify;\" class=\"ui-droppable\"> \tAlla presentazione del festival sono intervenuti anche il commissario straordinario al Comune di Grado, <strong>Claudio Kovatsch<\/strong>, alla sua prima uscita ufficiale, e <strong>Flavia Moimas<\/strong>, responsabile del Servizio Cultura del Comune di Grado. \u201cUno degli obiettivi di questa manifestazione \u2013 ha affermato Kovatsch \u2013 \u00e8 promuovere ulteriormente la conoscenza della storia e del fascino propri di Grado e del suo territorio, per un ideale prolungamento della stagione turistica oltre l\u2019estate\u201d. Flavia Moimas ha sottolineato la ricchezza e la variet\u00e0 del programma dedicato in particolare alle nuove generazioni, \u201cper le quali il festival ha sempre avuto una attenzione speciale\u201d.<\/p>\n<p style=\"text-align: justify;\" class=\"ui-droppable\"> \tProtagonisti della rassegna autori ed esperti di spicco, che s\u2019incontreranno \u201ca tu per tu\u201d con il grande pubblico per affrontare il tema, declinato secondo le pi\u00f9 diverse angolazioni (editoria e giallo, giallo e cinema, giallo e scuola, giallo a teatro e a tavola), e approfondendolo nel confronto con diversi spunti tratti dall\u2019attualit\u00e0: dai retroscena di mafia Capitale al business dell\u2019agroalimentare, dal malaffare diffuso alla ferita ancora aperta delle stragi degli anni di piombo.<\/p>\n<p style=\"text-align: justify;\" class=\"ui-droppable\"> \tIl Comitato scientifico di Grado Giallo \u00e8 coordinato da <strong>Elvio Guagnini<\/strong>, docente di Letteratura italiana all\u2019Universit\u00e0 di Trieste e tra le \u2018anime\u2019 della manifestazione, ed \u00e8 composto da <strong>Sergia Adamo<\/strong>, docente all\u2019Universit\u00e0 di Trieste, <strong>Franco Forte<\/strong>, direttore editoriale delle collane Mondadori diffuse nelle edicole, e <strong>Flavia Moimas<\/strong>, responsabile del Servizio Cultura del Comune di Grado.<\/p>\n","protected":false},"excerpt":{"rendered":"<p>Presentata &#8220;Grado Giallo&#8221;<\/p>\n","protected":false},"author":28,"featured_media":17350,"comment_status":"closed","ping_status":"closed","sticky":false,"template":"","format":"standard","meta":{"dwc-title":[],"dwc-content":[],"footnotes":""},"categories":[37],"tags":[],"class_list":["post-17349","post","type-post","status-publish","format-standard","has-post-thumbnail","hentry","category-cultura-e-spettacolo"],"rttpg_featured_image_url":{"full":["https:\/\/imagazine.it\/wp-content\/uploads\/2024\/01\/11035-1.webp",425,283,false],"landscape":["https:\/\/imagazine.it\/wp-content\/uploads\/2024\/01\/11035-1.webp",425,283,false],"portraits":["https:\/\/imagazine.it\/wp-content\/uploads\/2024\/01\/11035-1.webp",425,283,false],"thumbnail":["https:\/\/imagazine.it\/wp-content\/uploads\/2024\/01\/11035-1-150x150.webp",150,150,true],"medium":["https:\/\/imagazine.it\/wp-content\/uploads\/2024\/01\/11035-1-300x200.webp",300,200,true],"large":["https:\/\/imagazine.it\/wp-content\/uploads\/2024\/01\/11035-1.webp",425,283,false],"thumblist":["https:\/\/imagazine.it\/wp-content\/uploads\/2024\/01\/11035-1.webp",300,200,false],"thumbrelated":["https:\/\/imagazine.it\/wp-content\/uploads\/2024\/01\/11035-1.webp",425,283,false],"meccarouselthumb":["https:\/\/imagazine.it\/wp-content\/uploads\/2024\/01\/11035-1.webp",425,283,false],"gridsquare":["https:\/\/imagazine.it\/wp-content\/uploads\/2024\/01\/11035-1.webp",391,260,false],"tileview":["https:\/\/imagazine.it\/wp-content\/uploads\/2024\/01\/11035-1.webp",300,200,false],"1536x1536":["https:\/\/imagazine.it\/wp-content\/uploads\/2024\/01\/11035-1.webp",425,283,false],"2048x2048":["https:\/\/imagazine.it\/wp-content\/uploads\/2024\/01\/11035-1.webp",425,283,false],"newsup-slider-full":["https:\/\/imagazine.it\/wp-content\/uploads\/2024\/01\/11035-1.webp",425,283,false],"newsup-featured":["https:\/\/imagazine.it\/wp-content\/uploads\/2024\/01\/11035-1.webp",425,283,false],"newsup-medium":["https:\/\/imagazine.it\/wp-content\/uploads\/2024\/01\/11035-1.webp",425,283,false],"tptn_thumbnail":["https:\/\/imagazine.it\/wp-content\/uploads\/2024\/01\/11035-1.webp",250,166,false],"sow-carousel-default":["https:\/\/imagazine.it\/wp-content\/uploads\/2024\/01\/11035-1-272x182.webp",272,182,true]},"rttpg_author":{"display_name":"redazione","author_link":"https:\/\/imagazine.it\/home_desk\/author\/redazione\/"},"rttpg_comment":0,"rttpg_category":"<a href=\"https:\/\/imagazine.it\/home_desk\/category\/cultura-e-spettacolo\/\" rel=\"category tag\">CULTURA&amp;SPETTACOLO<\/a>","rttpg_excerpt":"Presentata \"Grado Giallo\"","_links":{"self":[{"href":"https:\/\/imagazine.it\/home_desk\/wp-json\/wp\/v2\/posts\/17349","targetHints":{"allow":["GET"]}}],"collection":[{"href":"https:\/\/imagazine.it\/home_desk\/wp-json\/wp\/v2\/posts"}],"about":[{"href":"https:\/\/imagazine.it\/home_desk\/wp-json\/wp\/v2\/types\/post"}],"author":[{"embeddable":true,"href":"https:\/\/imagazine.it\/home_desk\/wp-json\/wp\/v2\/users\/28"}],"replies":[{"embeddable":true,"href":"https:\/\/imagazine.it\/home_desk\/wp-json\/wp\/v2\/comments?post=17349"}],"version-history":[{"count":0,"href":"https:\/\/imagazine.it\/home_desk\/wp-json\/wp\/v2\/posts\/17349\/revisions"}],"wp:featuredmedia":[{"embeddable":true,"href":"https:\/\/imagazine.it\/home_desk\/wp-json\/wp\/v2\/media\/17350"}],"wp:attachment":[{"href":"https:\/\/imagazine.it\/home_desk\/wp-json\/wp\/v2\/media?parent=17349"}],"wp:term":[{"taxonomy":"category","embeddable":true,"href":"https:\/\/imagazine.it\/home_desk\/wp-json\/wp\/v2\/categories?post=17349"},{"taxonomy":"post_tag","embeddable":true,"href":"https:\/\/imagazine.it\/home_desk\/wp-json\/wp\/v2\/tags?post=17349"}],"curies":[{"name":"wp","href":"https:\/\/api.w.org\/{rel}","templated":true}]}}