{"id":17347,"date":"2015-09-08T00:00:00","date_gmt":"2015-09-07T23:00:00","guid":{"rendered":"https:\/\/imagazine.it\/?p=17347"},"modified":"2015-09-08T00:00:00","modified_gmt":"2015-09-07T23:00:00","slug":"il-premio-trio-di-trieste-vola-in-ucraina","status":"publish","type":"post","link":"https:\/\/imagazine.it\/home_desk\/il-premio-trio-di-trieste-vola-in-ucraina\/","title":{"rendered":"Il Premio Trio di Trieste vola in Ucraina"},"content":{"rendered":"<p style=\"text-align: justify;\" class=\"ui-droppable\"> \tSi \u00e8 concluso con una festa di pubblico e tante gioiose acclamazioni nei confronti dei bravissimi finalisti, il 16\u00b0 Concorso Internazionale \u201cPremio Trio di Trieste\u201d, al Ridotto del Teatro Verdi. L&#8217;ultima prova nel nome di Johannes Brahms, in forma di concerto, ha sciolto ogni dubbio sulla distribuzione dei Premi, che sono stati tutti assegnati, a dimostrazione di una qualit\u00e0 e di un&#8217;originalit\u00e0 dei Duo in gara indiscutibili. Gi\u00e0 al mattino, nell&#8217;Auditorium A della Rai, gli stessi 3 Duo avevano offerto un&#8217;ora di musica a testa, quale prima parte di questa impegnativa ultima prova.<\/p>\n<p style=\"text-align: justify;\" class=\"ui-droppable\"> \tPrimo Premio al Duo ucraino<strong> LAVRYNENKO &#8211; GULIEI<\/strong>, pianoforte e violoncello, che s\u00ec \u00e8 anche aggiudicato il Premio Speciale \u201cDario De Rosa\u201d per la migliore esecuzione brahmsiana (Sonata op.38) e il Premio del Pubblico, totalmente affascinato dall&#8217;assieme cameristico dei due musicisti e dalla bellezza del loro suono. \u00c8 piuttosto raro che il primo premio di un concorso assegnato dalla giuria di professionisti coincida anche con il Premio del Pubblico, ma evidentemente la comunicativa e la lettura nobile delle partiture si sono sovrapposte, convogliano le scelte in un&#8217;unica direzione. Ai vincitori anche la Medaglia di Rappresentanza del Presidente della Repubblica.<\/p>\n<p style=\"text-align: justify;\" class=\"ui-droppable\"> \tSecondo Premio al Duo rumeno <strong>BANCIU &#8211; GOICEA<\/strong>, pianoforte e violino, che ha eseguito la Terza Sonata di Brahms e che si \u00e8 aggiudicato anche lo Young Award 2015, proposto da una giuria di studenti di Biennio del Conservatorio di Trieste.<\/p>\n<p style=\"text-align: justify;\" class=\"ui-droppable\"> \tTerzo Premio al HERBERT Duo, polacco, che ha proposto in Sala l&#8217;op.78 per pianoforte e violino.<\/p>\n<p style=\"text-align: justify;\" class=\"ui-droppable\"> \tA consegnare il Primo Premio \u00e8 stato l&#8217;Assessore Regionale alla Cultura <strong>Gianni Torrenti<\/strong>, mentre gli altri premi hanno visto la presenza sul palco di <strong>Maria Luisa Vaccari<\/strong> per il Premio offerto da Samer Shipping, <strong>Mario Cosata<\/strong> per il Rotary Club Trieste Nord, <strong>Massimiliano Fabian<\/strong> per Demus, <strong>Giorgio Selvaggio<\/strong> per il Premio \u201cDario De Rosa\u201d.<\/p>\n","protected":false},"excerpt":{"rendered":"<p>Vittoria del duo Lavrynenko-Guliei<\/p>\n","protected":false},"author":28,"featured_media":17348,"comment_status":"closed","ping_status":"closed","sticky":false,"template":"","format":"standard","meta":{"dwc-title":[],"dwc-content":[],"footnotes":""},"categories":[37],"tags":[],"class_list":["post-17347","post","type-post","status-publish","format-standard","has-post-thumbnail","hentry","category-cultura-e-spettacolo"],"rttpg_featured_image_url":{"full":["https:\/\/imagazine.it\/wp-content\/uploads\/2024\/01\/11033-1.webp",400,300,false],"landscape":["https:\/\/imagazine.it\/wp-content\/uploads\/2024\/01\/11033-1.webp",400,300,false],"portraits":["https:\/\/imagazine.it\/wp-content\/uploads\/2024\/01\/11033-1.webp",400,300,false],"thumbnail":["https:\/\/imagazine.it\/wp-content\/uploads\/2024\/01\/11033-1-150x150.webp",150,150,true],"medium":["https:\/\/imagazine.it\/wp-content\/uploads\/2024\/01\/11033-1-300x225.webp",300,225,true],"large":["https:\/\/imagazine.it\/wp-content\/uploads\/2024\/01\/11033-1.webp",400,300,false],"thumblist":["https:\/\/imagazine.it\/wp-content\/uploads\/2024\/01\/11033-1.webp",300,225,false],"thumbrelated":["https:\/\/imagazine.it\/wp-content\/uploads\/2024\/01\/11033-1.webp",400,300,false],"meccarouselthumb":["https:\/\/imagazine.it\/wp-content\/uploads\/2024\/01\/11033-1.webp",400,300,false],"gridsquare":["https:\/\/imagazine.it\/wp-content\/uploads\/2024\/01\/11033-1.webp",347,260,false],"tileview":["https:\/\/imagazine.it\/wp-content\/uploads\/2024\/01\/11033-1.webp",300,225,false],"1536x1536":["https:\/\/imagazine.it\/wp-content\/uploads\/2024\/01\/11033-1.webp",400,300,false],"2048x2048":["https:\/\/imagazine.it\/wp-content\/uploads\/2024\/01\/11033-1.webp",400,300,false],"newsup-slider-full":["https:\/\/imagazine.it\/wp-content\/uploads\/2024\/01\/11033-1.webp",400,300,false],"newsup-featured":["https:\/\/imagazine.it\/wp-content\/uploads\/2024\/01\/11033-1.webp",400,300,false],"newsup-medium":["https:\/\/imagazine.it\/wp-content\/uploads\/2024\/01\/11033-1.webp",400,300,false],"tptn_thumbnail":["https:\/\/imagazine.it\/wp-content\/uploads\/2024\/01\/11033-1.webp",250,188,false],"sow-carousel-default":["https:\/\/imagazine.it\/wp-content\/uploads\/2024\/01\/11033-1-272x182.webp",272,182,true]},"rttpg_author":{"display_name":"redazione","author_link":"https:\/\/imagazine.it\/home_desk\/author\/redazione\/"},"rttpg_comment":0,"rttpg_category":"<a href=\"https:\/\/imagazine.it\/home_desk\/category\/cultura-e-spettacolo\/\" rel=\"category tag\">CULTURA&amp;SPETTACOLO<\/a>","rttpg_excerpt":"Vittoria del duo Lavrynenko-Guliei","_links":{"self":[{"href":"https:\/\/imagazine.it\/home_desk\/wp-json\/wp\/v2\/posts\/17347","targetHints":{"allow":["GET"]}}],"collection":[{"href":"https:\/\/imagazine.it\/home_desk\/wp-json\/wp\/v2\/posts"}],"about":[{"href":"https:\/\/imagazine.it\/home_desk\/wp-json\/wp\/v2\/types\/post"}],"author":[{"embeddable":true,"href":"https:\/\/imagazine.it\/home_desk\/wp-json\/wp\/v2\/users\/28"}],"replies":[{"embeddable":true,"href":"https:\/\/imagazine.it\/home_desk\/wp-json\/wp\/v2\/comments?post=17347"}],"version-history":[{"count":0,"href":"https:\/\/imagazine.it\/home_desk\/wp-json\/wp\/v2\/posts\/17347\/revisions"}],"wp:featuredmedia":[{"embeddable":true,"href":"https:\/\/imagazine.it\/home_desk\/wp-json\/wp\/v2\/media\/17348"}],"wp:attachment":[{"href":"https:\/\/imagazine.it\/home_desk\/wp-json\/wp\/v2\/media?parent=17347"}],"wp:term":[{"taxonomy":"category","embeddable":true,"href":"https:\/\/imagazine.it\/home_desk\/wp-json\/wp\/v2\/categories?post=17347"},{"taxonomy":"post_tag","embeddable":true,"href":"https:\/\/imagazine.it\/home_desk\/wp-json\/wp\/v2\/tags?post=17347"}],"curies":[{"name":"wp","href":"https:\/\/api.w.org\/{rel}","templated":true}]}}