{"id":17274,"date":"2015-08-25T00:00:00","date_gmt":"2015-08-24T23:00:00","guid":{"rendered":"https:\/\/imagazine.it\/?p=17274"},"modified":"2015-08-25T00:00:00","modified_gmt":"2015-08-24T23:00:00","slug":"il-grifone-kronos-torna-in-liberta","status":"publish","type":"post","link":"https:\/\/imagazine.it\/home_desk\/il-grifone-kronos-torna-in-liberta\/","title":{"rendered":"Il grifone Kronos torna in libert\u00e0"},"content":{"rendered":"<p align=\"JUSTIFY\" class=\"ui-droppable\"> \tIl grifone Kronos torner\u00e0 a volare e, tramite un sofisticato sistema radio satellitare, i suoi spostamenti saranno monitorati a distanza. <strong>Marted\u00ec 1 settembre<\/strong>, <strong>alle 13, alla Riserva Naturale Regionale di Cornino, nel Comune di Forgaria<\/strong>, <strong>l\u2019esemplare di grifone<\/strong>, nato quattro mesi fa all\u2019interno della riserva friulana, <strong>sar\u00e0 rimesso in libert\u00e0<\/strong>.<\/p>\n<p align=\"JUSTIFY\" class=\"ui-droppable\"> \tKronos sar\u00e0 dotato di un anello identificativo ma anche, come detto, di una radio satellitare, acquistata grazie alle offerte dei visitatori della Riserva di Cornino e grazie all\u2019impegno del Parco Natura Viva, che consentir\u00e0 di seguire ovunque, per un paio d\u2019anni, i suoi spostamenti. Durante la mattinata, <strong>Fulvio Genero<\/strong>, responsabile del \u201cProgetto Grifone\u201d, presenter\u00e0 i dati relativi all\u2019evoluzione dei grifoni di Cornino, unica colonia nidificante sull\u2019intero arco alpino. <strong>L\u2019evento,<\/strong> che <strong>inizier\u00e0 alle 11 con gli interventi delle autorit\u00e0<\/strong>, \u00e8 organizzato in collaborazione con il Parco Natura Viva di Verona.<\/p>\n<p align=\"JUSTIFY\" class=\"ui-droppable\"> \t\u00abSi tratta \u2013 spiega Genero \u2013 di iniziative legate alla necessit\u00e0 di informare il pubblico sui grandi problemi di conservazione che interessano gli avvoltoi, a rischio di estinzione a causa, per esempio, del bracconaggio, dei veleni e delle alterazioni ambientali. Solo grazie a progetti specifici di tutela e all\u2019appoggio dell\u2019opinione pubblica \u00e8 possibile salvare le ultime popolazioni rimaste\u00bb.<\/p>\n<p align=\"JUSTIFY\" class=\"ui-droppable\"> \t<strong>Alle 13, il rapace<\/strong>, dopo essere stato pesato e visitato, sar\u00e0 messo in libert\u00e0. Non sar\u00e0 liberato, invece, un secondo giovane grifone recuperato, poche settimane fa, a Venzone, dagli agenti del servizio provinciale di Udine. Si tratta di un giovane nato quest\u2019anno in zona, che non \u00e8 riuscito, a causa della poca esperienza, ad unirsi ai suoi simili. La liberazione sar\u00e0 rimandata in quanto le verifiche sanitarie hanno evidenziato un livello molto elevato di piombo nel sangue. \u00abL\u2019avvelenamento da piombo \u2013 chiarisce Genero \u2013 \u00e8 una delle maggiori cause di mortalit\u00e0 dei grandi rapaci ed \u00e8 legato ai residui di munizioni che si trovano nelle carcasse di animali feriti durante l\u2019attivit\u00e0 venatoria. Il piombo \u00e8 tossico per gli animali e per l\u2019uomo. Dovrebbe essere al pi\u00f9 presto sostituito con munizioni atossiche, gi\u00e0 disponibili in commercio\u00bb.\u00a0<\/p>\n","protected":false},"excerpt":{"rendered":"<p>Marted\u00ec 1 settembre alla Riserva di Cornino<\/p>\n","protected":false},"author":28,"featured_media":17275,"comment_status":"closed","ping_status":"closed","sticky":false,"template":"","format":"standard","meta":{"dwc-title":[],"dwc-content":[],"footnotes":""},"categories":[5],"tags":[],"class_list":["post-17274","post","type-post","status-publish","format-standard","has-post-thumbnail","hentry","category-attualita"],"rttpg_featured_image_url":{"full":["https:\/\/imagazine.it\/wp-content\/uploads\/2024\/01\/10856-1.webp",407,300,false],"landscape":["https:\/\/imagazine.it\/wp-content\/uploads\/2024\/01\/10856-1.webp",407,300,false],"portraits":["https:\/\/imagazine.it\/wp-content\/uploads\/2024\/01\/10856-1.webp",407,300,false],"thumbnail":["https:\/\/imagazine.it\/wp-content\/uploads\/2024\/01\/10856-1-150x150.webp",150,150,true],"medium":["https:\/\/imagazine.it\/wp-content\/uploads\/2024\/01\/10856-1-300x221.webp",300,221,true],"large":["https:\/\/imagazine.it\/wp-content\/uploads\/2024\/01\/10856-1.webp",407,300,false],"thumblist":["https:\/\/imagazine.it\/wp-content\/uploads\/2024\/01\/10856-1.webp",300,221,false],"thumbrelated":["https:\/\/imagazine.it\/wp-content\/uploads\/2024\/01\/10856-1.webp",407,300,false],"meccarouselthumb":["https:\/\/imagazine.it\/wp-content\/uploads\/2024\/01\/10856-1.webp",407,300,false],"gridsquare":["https:\/\/imagazine.it\/wp-content\/uploads\/2024\/01\/10856-1.webp",353,260,false],"tileview":["https:\/\/imagazine.it\/wp-content\/uploads\/2024\/01\/10856-1.webp",300,221,false],"1536x1536":["https:\/\/imagazine.it\/wp-content\/uploads\/2024\/01\/10856-1.webp",407,300,false],"2048x2048":["https:\/\/imagazine.it\/wp-content\/uploads\/2024\/01\/10856-1.webp",407,300,false],"newsup-slider-full":["https:\/\/imagazine.it\/wp-content\/uploads\/2024\/01\/10856-1.webp",407,300,false],"newsup-featured":["https:\/\/imagazine.it\/wp-content\/uploads\/2024\/01\/10856-1.webp",407,300,false],"newsup-medium":["https:\/\/imagazine.it\/wp-content\/uploads\/2024\/01\/10856-1.webp",407,300,false],"tptn_thumbnail":["https:\/\/imagazine.it\/wp-content\/uploads\/2024\/01\/10856-1.webp",250,184,false],"sow-carousel-default":["https:\/\/imagazine.it\/wp-content\/uploads\/2024\/01\/10856-1-272x182.webp",272,182,true]},"rttpg_author":{"display_name":"redazione","author_link":"https:\/\/imagazine.it\/home_desk\/author\/redazione\/"},"rttpg_comment":0,"rttpg_category":"<a href=\"https:\/\/imagazine.it\/home_desk\/category\/attualita\/\" rel=\"category tag\">ATTUALIT\u00c0<\/a>","rttpg_excerpt":"Marted\u00ec 1 settembre alla Riserva di Cornino","_links":{"self":[{"href":"https:\/\/imagazine.it\/home_desk\/wp-json\/wp\/v2\/posts\/17274","targetHints":{"allow":["GET"]}}],"collection":[{"href":"https:\/\/imagazine.it\/home_desk\/wp-json\/wp\/v2\/posts"}],"about":[{"href":"https:\/\/imagazine.it\/home_desk\/wp-json\/wp\/v2\/types\/post"}],"author":[{"embeddable":true,"href":"https:\/\/imagazine.it\/home_desk\/wp-json\/wp\/v2\/users\/28"}],"replies":[{"embeddable":true,"href":"https:\/\/imagazine.it\/home_desk\/wp-json\/wp\/v2\/comments?post=17274"}],"version-history":[{"count":0,"href":"https:\/\/imagazine.it\/home_desk\/wp-json\/wp\/v2\/posts\/17274\/revisions"}],"wp:featuredmedia":[{"embeddable":true,"href":"https:\/\/imagazine.it\/home_desk\/wp-json\/wp\/v2\/media\/17275"}],"wp:attachment":[{"href":"https:\/\/imagazine.it\/home_desk\/wp-json\/wp\/v2\/media?parent=17274"}],"wp:term":[{"taxonomy":"category","embeddable":true,"href":"https:\/\/imagazine.it\/home_desk\/wp-json\/wp\/v2\/categories?post=17274"},{"taxonomy":"post_tag","embeddable":true,"href":"https:\/\/imagazine.it\/home_desk\/wp-json\/wp\/v2\/tags?post=17274"}],"curies":[{"name":"wp","href":"https:\/\/api.w.org\/{rel}","templated":true}]}}