{"id":17244,"date":"2015-08-11T00:00:00","date_gmt":"2015-08-10T23:00:00","guid":{"rendered":"https:\/\/imagazine.it\/?p=17244"},"modified":"2015-08-11T00:00:00","modified_gmt":"2015-08-10T23:00:00","slug":"a-chiara-cainero-il-premio-pro-majano","status":"publish","type":"post","link":"https:\/\/imagazine.it\/home_desk\/a-chiara-cainero-il-premio-pro-majano\/","title":{"rendered":"A Chiara Cainero il &#8220;Premio Pro Majano&#8221;"},"content":{"rendered":"<p style=\"text-align: justify;\" class=\"ui-droppable\"> \tAssegnato il\u00a0<strong>Premio Pro Majano<\/strong>, che ogni anno viene conferito a un simbolo dell\u2019eccellenza friulana nel mondo. Dopo Giorgio Di Centa nel 2013 e le Frecce Tricolori nel 2014, quest\u2019anno il prestigioso riconoscimento andr\u00e0 alla sportiva, tiratrice italiana di tiro a volo\u00a0<strong>Chiara Cainero<\/strong>. La cerimonia di consegna si terr\u00e0 <strong>mercoled\u00ec 12 agosto\u00a0<\/strong>alle\u00a0<strong>18.30<\/strong>, nella\u00a0<strong>Sala Consiliare<\/strong>\u00a0del\u00a0<strong>Comune di Majano<\/strong>.<\/p>\n<p style=\"text-align: justify;\" class=\"ui-droppable\"> \tEcco le motivazioni alla base della scelta: \u201c<em>Per il lustro e la notoriet\u00e0 che ha dato alla nostra terra in Italia e nel Mondo intero. Per la forza, la tenacia, lo sviluppo tecnico, la capacit\u00e0 interpretativa dimostrati per il raggiungimento di prestigiosi traguardi con la grinta e il temperamento, doti che rispecchiano le caratteristiche della gente friulana. Per l\u2019umilt\u00e0 e la semplicit\u00e0, qualit\u00e0 personali che vanno oltre il campione e che anche diventando mamma ne fanno una donna di grande valore e un esempio per i giovani, gli sportivi e per la nostra gente<\/em>\u201d.\u00a0<\/p>\n<p style=\"text-align: justify;\" class=\"ui-droppable\"> \t<strong>Chiara Cainero<\/strong>, udinese, ha iniziato a sparare nel 1997, partecipando nel 1999 alla sua prima Coppa del Mondo; da qui in poi seguiranno anni di grandi trionfi e un palmares di assoluto livello che conta, solo individualmente, 1 oro olimpico (Pechino 2008), un argento e un bronzo ai campionati mondiali (Zagabria 2006 e Nicosia 2007) e tre ori agli europei (Maribor 2006, Granada 2007 e Suhl 2013).<\/p>\n","protected":false},"excerpt":{"rendered":"<p>Succede a Di Centa e alle Frecce Tricolori<\/p>\n","protected":false},"author":28,"featured_media":17245,"comment_status":"closed","ping_status":"closed","sticky":false,"template":"","format":"standard","meta":{"dwc-title":[],"dwc-content":[],"footnotes":""},"categories":[38],"tags":[],"class_list":["post-17244","post","type-post","status-publish","format-standard","has-post-thumbnail","hentry","category-sport"],"rttpg_featured_image_url":{"full":["https:\/\/imagazine.it\/wp-content\/uploads\/2024\/01\/10803-1.webp",680,408,false],"landscape":["https:\/\/imagazine.it\/wp-content\/uploads\/2024\/01\/10803-1.webp",680,408,false],"portraits":["https:\/\/imagazine.it\/wp-content\/uploads\/2024\/01\/10803-1.webp",680,408,false],"thumbnail":["https:\/\/imagazine.it\/wp-content\/uploads\/2024\/01\/10803-1-150x150.webp",150,150,true],"medium":["https:\/\/imagazine.it\/wp-content\/uploads\/2024\/01\/10803-1-300x180.webp",300,180,true],"large":["https:\/\/imagazine.it\/wp-content\/uploads\/2024\/01\/10803-1.webp",640,384,false],"thumblist":["https:\/\/imagazine.it\/wp-content\/uploads\/2024\/01\/10803-1.webp",300,180,false],"thumbrelated":["https:\/\/imagazine.it\/wp-content\/uploads\/2024\/01\/10803-1.webp",500,300,false],"meccarouselthumb":["https:\/\/imagazine.it\/wp-content\/uploads\/2024\/01\/10803-1.webp",474,284,false],"gridsquare":["https:\/\/imagazine.it\/wp-content\/uploads\/2024\/01\/10803-1.webp",391,235,false],"tileview":["https:\/\/imagazine.it\/wp-content\/uploads\/2024\/01\/10803-1.webp",300,180,false],"1536x1536":["https:\/\/imagazine.it\/wp-content\/uploads\/2024\/01\/10803-1.webp",680,408,false],"2048x2048":["https:\/\/imagazine.it\/wp-content\/uploads\/2024\/01\/10803-1.webp",680,408,false],"newsup-slider-full":["https:\/\/imagazine.it\/wp-content\/uploads\/2024\/01\/10803-1.webp",680,408,false],"newsup-featured":["https:\/\/imagazine.it\/wp-content\/uploads\/2024\/01\/10803-1.webp",680,408,false],"newsup-medium":["https:\/\/imagazine.it\/wp-content\/uploads\/2024\/01\/10803-1-680x380.webp",680,380,true],"tptn_thumbnail":["https:\/\/imagazine.it\/wp-content\/uploads\/2024\/01\/10803-1.webp",250,150,false],"sow-carousel-default":["https:\/\/imagazine.it\/wp-content\/uploads\/2024\/01\/10803-1-272x182.webp",272,182,true]},"rttpg_author":{"display_name":"redazione","author_link":"https:\/\/imagazine.it\/home_desk\/author\/redazione\/"},"rttpg_comment":0,"rttpg_category":"<a href=\"https:\/\/imagazine.it\/home_desk\/category\/sport\/\" rel=\"category tag\">SPORT<\/a>","rttpg_excerpt":"Succede a Di Centa e alle Frecce Tricolori","_links":{"self":[{"href":"https:\/\/imagazine.it\/home_desk\/wp-json\/wp\/v2\/posts\/17244","targetHints":{"allow":["GET"]}}],"collection":[{"href":"https:\/\/imagazine.it\/home_desk\/wp-json\/wp\/v2\/posts"}],"about":[{"href":"https:\/\/imagazine.it\/home_desk\/wp-json\/wp\/v2\/types\/post"}],"author":[{"embeddable":true,"href":"https:\/\/imagazine.it\/home_desk\/wp-json\/wp\/v2\/users\/28"}],"replies":[{"embeddable":true,"href":"https:\/\/imagazine.it\/home_desk\/wp-json\/wp\/v2\/comments?post=17244"}],"version-history":[{"count":0,"href":"https:\/\/imagazine.it\/home_desk\/wp-json\/wp\/v2\/posts\/17244\/revisions"}],"wp:featuredmedia":[{"embeddable":true,"href":"https:\/\/imagazine.it\/home_desk\/wp-json\/wp\/v2\/media\/17245"}],"wp:attachment":[{"href":"https:\/\/imagazine.it\/home_desk\/wp-json\/wp\/v2\/media?parent=17244"}],"wp:term":[{"taxonomy":"category","embeddable":true,"href":"https:\/\/imagazine.it\/home_desk\/wp-json\/wp\/v2\/categories?post=17244"},{"taxonomy":"post_tag","embeddable":true,"href":"https:\/\/imagazine.it\/home_desk\/wp-json\/wp\/v2\/tags?post=17244"}],"curies":[{"name":"wp","href":"https:\/\/api.w.org\/{rel}","templated":true}]}}