{"id":17216,"date":"2015-08-03T00:00:00","date_gmt":"2015-08-02T23:00:00","guid":{"rendered":"https:\/\/imagazine.it\/?p=17216"},"modified":"2015-08-03T00:00:00","modified_gmt":"2015-08-02T23:00:00","slug":"in-arrivo-la-prima-stampante-3d-in-friulano","status":"publish","type":"post","link":"https:\/\/imagazine.it\/home_desk\/in-arrivo-la-prima-stampante-3d-in-friulano\/","title":{"rendered":"In arrivo la prima stampante 3D in friulano"},"content":{"rendered":"<p style=\"text-align: justify;\" class=\"ui-droppable\"> \tProsegue anche durante l\u2019anno scolastico 2015-2016 la collaborazione tra l\u2019ARLeF (Agenzia Regionale per la Lingua Friulana) e lo Ial (Innovazione apprendimento lavoro) di Udine. Tra le novit\u00e0, lo Ial ha deciso di apporre la segnaletica bilingue (friulano\/italiano) in tutto l\u2019edificio scolastico, internamente ed esternamente.<\/p>\n<p style=\"text-align: justify;\" class=\"ui-droppable\"> \tDa alcuni giorni, inoltre, \u00e8 attiva la risposta automatica del centralino in versione bilingue. Gli utenti che telefonano alla scuola, dunque, ricevono il saluto e le informazioni sugli orari di apertura, oltre che in italiano, anche in friulano e, chi deve rimanere in attesa per qualche attimo, pu\u00f2 ascoltare un pezzo musicale dei due rapper friulani Ryuu e DJ Tubet, intitolato <em>Jess\u00ee<\/em> (Uscire). Durante la chiusura estiva, anche il messaggio automatico della posta elettronica sar\u00e0 bilingue.<\/p>\n<p style=\"text-align: justify;\" class=\"ui-droppable\"> \tInoltre, la collaborazione fra ARLeF e Ial si sta concentrando su un progetto innovativo, definito <em>Cree_Ative<\/em>, finalizzato alla realizzazione di una stampante 3D tutta friulana e in friulano, a cura del FabLab di Udine. Una prima anticipazione delle caratteristiche del progetto, che abbina divulgazione tecnologica e diffusione della lingua friulana, avr\u00e0 luogo il 17 agosto, nel corso di Avostanis, ai Colonos di Villacaccia di Lestizza, dove la stampante \u00e8 stata inserita fra i progetti pi\u00f9 innovativi in corso d\u2019opera.<\/p>\n","protected":false},"excerpt":{"rendered":"<p>A cura del FabLab di Udine<\/p>\n","protected":false},"author":28,"featured_media":17217,"comment_status":"closed","ping_status":"closed","sticky":false,"template":"","format":"standard","meta":{"dwc-title":[],"dwc-content":[],"footnotes":""},"categories":[6],"tags":[],"class_list":["post-17216","post","type-post","status-publish","format-standard","has-post-thumbnail","hentry","category-societa"],"rttpg_featured_image_url":{"full":["https:\/\/imagazine.it\/wp-content\/uploads\/2024\/01\/10744-1.webp",532,300,false],"landscape":["https:\/\/imagazine.it\/wp-content\/uploads\/2024\/01\/10744-1.webp",532,300,false],"portraits":["https:\/\/imagazine.it\/wp-content\/uploads\/2024\/01\/10744-1.webp",532,300,false],"thumbnail":["https:\/\/imagazine.it\/wp-content\/uploads\/2024\/01\/10744-1-150x150.webp",150,150,true],"medium":["https:\/\/imagazine.it\/wp-content\/uploads\/2024\/01\/10744-1-300x169.webp",300,169,true],"large":["https:\/\/imagazine.it\/wp-content\/uploads\/2024\/01\/10744-1.webp",532,300,false],"thumblist":["https:\/\/imagazine.it\/wp-content\/uploads\/2024\/01\/10744-1.webp",300,169,false],"thumbrelated":["https:\/\/imagazine.it\/wp-content\/uploads\/2024\/01\/10744-1.webp",500,282,false],"meccarouselthumb":["https:\/\/imagazine.it\/wp-content\/uploads\/2024\/01\/10744-1.webp",474,267,false],"gridsquare":["https:\/\/imagazine.it\/wp-content\/uploads\/2024\/01\/10744-1.webp",391,220,false],"tileview":["https:\/\/imagazine.it\/wp-content\/uploads\/2024\/01\/10744-1.webp",300,169,false],"1536x1536":["https:\/\/imagazine.it\/wp-content\/uploads\/2024\/01\/10744-1.webp",532,300,false],"2048x2048":["https:\/\/imagazine.it\/wp-content\/uploads\/2024\/01\/10744-1.webp",532,300,false],"newsup-slider-full":["https:\/\/imagazine.it\/wp-content\/uploads\/2024\/01\/10744-1.webp",532,300,false],"newsup-featured":["https:\/\/imagazine.it\/wp-content\/uploads\/2024\/01\/10744-1.webp",532,300,false],"newsup-medium":["https:\/\/imagazine.it\/wp-content\/uploads\/2024\/01\/10744-1.webp",532,300,false],"tptn_thumbnail":["https:\/\/imagazine.it\/wp-content\/uploads\/2024\/01\/10744-1.webp",250,141,false],"sow-carousel-default":["https:\/\/imagazine.it\/wp-content\/uploads\/2024\/01\/10744-1-272x182.webp",272,182,true]},"rttpg_author":{"display_name":"redazione","author_link":"https:\/\/imagazine.it\/home_desk\/author\/redazione\/"},"rttpg_comment":0,"rttpg_category":"<a href=\"https:\/\/imagazine.it\/home_desk\/category\/societa\/\" rel=\"category tag\">SOCIET\u00c0<\/a>","rttpg_excerpt":"A cura del FabLab di Udine","_links":{"self":[{"href":"https:\/\/imagazine.it\/home_desk\/wp-json\/wp\/v2\/posts\/17216","targetHints":{"allow":["GET"]}}],"collection":[{"href":"https:\/\/imagazine.it\/home_desk\/wp-json\/wp\/v2\/posts"}],"about":[{"href":"https:\/\/imagazine.it\/home_desk\/wp-json\/wp\/v2\/types\/post"}],"author":[{"embeddable":true,"href":"https:\/\/imagazine.it\/home_desk\/wp-json\/wp\/v2\/users\/28"}],"replies":[{"embeddable":true,"href":"https:\/\/imagazine.it\/home_desk\/wp-json\/wp\/v2\/comments?post=17216"}],"version-history":[{"count":0,"href":"https:\/\/imagazine.it\/home_desk\/wp-json\/wp\/v2\/posts\/17216\/revisions"}],"wp:featuredmedia":[{"embeddable":true,"href":"https:\/\/imagazine.it\/home_desk\/wp-json\/wp\/v2\/media\/17217"}],"wp:attachment":[{"href":"https:\/\/imagazine.it\/home_desk\/wp-json\/wp\/v2\/media?parent=17216"}],"wp:term":[{"taxonomy":"category","embeddable":true,"href":"https:\/\/imagazine.it\/home_desk\/wp-json\/wp\/v2\/categories?post=17216"},{"taxonomy":"post_tag","embeddable":true,"href":"https:\/\/imagazine.it\/home_desk\/wp-json\/wp\/v2\/tags?post=17216"}],"curies":[{"name":"wp","href":"https:\/\/api.w.org\/{rel}","templated":true}]}}